{"id":23542,"date":"2016-05-03T13:31:34","date_gmt":"2016-05-03T16:31:34","guid":{"rendered":"https:\/\/portalv1.com.br\/?p=23542"},"modified":"2016-05-07T15:36:12","modified_gmt":"2016-05-07T18:36:12","slug":"novenario-do-festejo-do-divino-comeca-nessa-sexta-feira","status":"publish","type":"post","link":"https:\/\/portalv1.com.br\/novenario-do-festejo-do-divino-comeca-nessa-sexta-feira\/","title":{"rendered":"Noven\u00e1rio do festejo do Divino come\u00e7a nessa sexta-feira"},"content":{"rendered":"<figure id=\"attachment_23543\" aria-describedby=\"caption-attachment-23543\" style=\"width: 640px\" class=\"wp-caption aligncenter\"><a href=\"https:\/\/portalv1.com.br\/app\/wp-content\/uploads\/2016\/05\/portalv1-236.jpg\"><img loading=\"lazy\" decoding=\"async\" class=\"size-full wp-image-23543\" src=\"https:\/\/portalv1.com.br\/app\/wp-content\/uploads\/2016\/05\/portalv1-236.jpg\" alt=\"Arcebispo Dom jacinto e Padres Klebert Viana \" width=\"640\" height=\"480\" srcset=\"https:\/\/portalv1.com.br\/app\/wp-content\/uploads\/2016\/05\/portalv1-236.jpg 640w, https:\/\/portalv1.com.br\/app\/wp-content\/uploads\/2016\/05\/portalv1-236-300x225.jpg 300w\" sizes=\"auto, (max-width: 640px) 100vw, 640px\" \/><\/a><figcaption id=\"caption-attachment-23543\" class=\"wp-caption-text\">Arcebispo Dom jacinto e Padres Klebert Viana<\/figcaption><\/figure>\n<p>Come\u00e7ou nessa sexta-feira, 6 de maio, o noven\u00e1rio em louvor ao Divino Espirito Santo. A abertura ser\u00e1 na resid\u00eancia dos imperadores Agustaves Sampaio (In memorian) e Nizinha Sampaio as 18h de onde sair\u00e1 em prociss\u00e3o at\u00e9 a Igreja Matriz de Nossa Senhora do \u00d3 e Concei\u00e7\u00e3o.<\/p>\n<p>Antes da abertura oficial na quinta-feira ((5) ser\u00e1 celebrada o encerramento do pr\u00e9-festejo na resid\u00eancia do casal Louro e Aurimar. A programa\u00e7\u00e3o do noven\u00e1rio continua at\u00e9 o dia 14 de maio sempre as 19h na Matriz j\u00e1 que no dia 15 \u00e0s 09h da manh\u00e3 acontece a missa solene da Festa de Pentecostes.<\/p>\n<p>Nesse dia haver\u00e1 prociss\u00e3o saindo do col\u00e9gio Santo Ant\u00f4nio, passando pela resid\u00eancia dos imperadores descendo at\u00e9 a Igreja de S\u00e3o Benedito, onde juntamente com a Confraria do Divino Espirito Santos se deslocam at\u00e9 a Matriz para a missa solene.<\/p>\n","protected":false},"excerpt":{"rendered":"<p>Come\u00e7ou nessa sexta-feira, 6 de maio, o noven\u00e1rio em louvor ao Divino Espirito Santo. A abertura ser\u00e1 na resid\u00eancia dos imperadores Agustaves Sampaio (In memorian) e Nizinha Sampaio as 18h&#8230;<\/p>\n","protected":false},"author":1,"featured_media":23543,"comment_status":"open","ping_status":"open","sticky":false,"template":"","format":"standard","meta":{"ngg_post_thumbnail":0,"footnotes":""},"categories":[12],"tags":[],"class_list":["post-23542","post","type-post","status-publish","format-standard","has-post-thumbnail","hentry","category-valenca-news"],"views":381,"meta_data":{"thumb":"https:\/\/portalv1.com.br\/app\/wp-content\/uploads\/2016\/05\/portalv1-236.jpg","imagem":{"fullsize":{"url":"https:\/\/portalv1.com.br\/app\/wp-content\/uploads\/2016\/05\/portalv1-236.jpg","width":640,"height":480},"thumbnail":{"url":"https:\/\/portalv1.com.br\/app\/wp-content\/uploads\/2016\/05\/portalv1-236-100x100.jpg","width":100,"height":100},"medium":{"url":"https:\/\/portalv1.com.br\/app\/wp-content\/uploads\/2016\/05\/portalv1-236-300x225.jpg","width":300,"height":225},"large":{"url":"https:\/\/portalv1.com.br\/app\/wp-content\/uploads\/2016\/05\/portalv1-236-640x480.jpg","width":640,"height":480}},"data":{"simple":"03\/05\/2016","date_time":"03\/05\/2016 10:31:34","date":"h\u00e1 10 anos"},"chapeu":"Festa de Pentecostes","source":"retirar"},"_links":{"self":[{"href":"https:\/\/portalv1.com.br\/api\/wp\/v2\/posts\/23542","targetHints":{"allow":["GET"]}}],"collection":[{"href":"https:\/\/portalv1.com.br\/api\/wp\/v2\/posts"}],"about":[{"href":"https:\/\/portalv1.com.br\/api\/wp\/v2\/types\/post"}],"author":[{"embeddable":true,"href":"https:\/\/portalv1.com.br\/api\/wp\/v2\/users\/1"}],"replies":[{"embeddable":true,"href":"https:\/\/portalv1.com.br\/api\/wp\/v2\/comments?post=23542"}],"version-history":[{"count":0,"href":"https:\/\/portalv1.com.br\/api\/wp\/v2\/posts\/23542\/revisions"}],"wp:featuredmedia":[{"embeddable":true,"href":"https:\/\/portalv1.com.br\/api\/wp\/v2\/media\/23543"}],"wp:attachment":[{"href":"https:\/\/portalv1.com.br\/api\/wp\/v2\/media?parent=23542"}],"wp:term":[{"taxonomy":"category","embeddable":true,"href":"https:\/\/portalv1.com.br\/api\/wp\/v2\/categories?post=23542"},{"taxonomy":"post_tag","embeddable":true,"href":"https:\/\/portalv1.com.br\/api\/wp\/v2\/tags?post=23542"}],"curies":[{"name":"wp","href":"https:\/\/api.w.org\/{rel}","templated":true}]}}