{"id":23578,"date":"2016-05-09T11:29:58","date_gmt":"2016-05-09T14:29:58","guid":{"rendered":"https:\/\/portalv1.com.br\/?p=23578"},"modified":"2016-05-13T00:04:42","modified_gmt":"2016-05-13T03:04:42","slug":"audiencia-publica-em-valenca-discutira-problemas-com-a-operadora-tim","status":"publish","type":"post","link":"https:\/\/portalv1.com.br\/audiencia-publica-em-valenca-discutira-problemas-com-a-operadora-tim\/","title":{"rendered":"Audi\u00eancia P\u00fablica em Valen\u00e7a discutir\u00e1 problemas com a operadora TIM"},"content":{"rendered":"<figure id=\"attachment_23579\" aria-describedby=\"caption-attachment-23579\" style=\"width: 640px\" class=\"wp-caption aligncenter\"><a href=\"https:\/\/portalv1.com.br\/app\/wp-content\/uploads\/2016\/05\/tim.jpg\"><img loading=\"lazy\" decoding=\"async\" class=\"size-full wp-image-23579\" src=\"https:\/\/portalv1.com.br\/app\/wp-content\/uploads\/2016\/05\/tim.jpg\" alt=\"Minist\u00e9rio P\u00fablico Estadual \" width=\"640\" height=\"372\" srcset=\"https:\/\/portalv1.com.br\/app\/wp-content\/uploads\/2016\/05\/tim.jpg 640w, https:\/\/portalv1.com.br\/app\/wp-content\/uploads\/2016\/05\/tim-300x174.jpg 300w\" sizes=\"auto, (max-width: 640px) 100vw, 640px\" \/><\/a><figcaption id=\"caption-attachment-23579\" class=\"wp-caption-text\">Minist\u00e9rio P\u00fablico Estadual<\/figcaption><\/figure>\n<p>O Minist\u00e9rio P\u00fablico Estadual por interm\u00e9dio do promotor Sinobilino Junior ir\u00e1 realizar audi\u00eancia p\u00fablica na pr\u00f3xima quinta-feira (12) no plen\u00e1rio c\u00e2mara de vereadores para debater a qualidade do servi\u00e7o da operadora de telefonia m\u00f3vel TIM nas cidades de Valen\u00e7a, Lagoa do Sitio e Novo Oriente.<\/p>\n<p>O Minist\u00e9rio P\u00fablico tem recebido v\u00e1rias den\u00fancias sobre a qualidade dos servidos da operadora como interrup\u00e7\u00e3o de chamadas, queda de internet entre outros.<\/p>\n<p>A audi\u00eancia deve contar com a presen\u00e7a de t\u00e9cnicos da operadora e da popula\u00e7\u00e3o que \u00e9 convidada para apresentar suas dificuldades com os servi\u00e7os da operadora. A audi\u00eancia come\u00e7a \u00e0s 03 horas da tarde desta quinta-feira.<\/p>\n<p>Essa ser\u00e1 a segunda manifesta\u00e7\u00e3o realizada em Valen\u00e7a contra as atividades da telefonia m\u00f3vel em Valen\u00e7a, cuja defici\u00eancia n\u00e3o se restringe apenas a operadora TIM, no dia 10 outubro de 2013 uma comiss\u00e3o de deputados integrantes da CPI da telefonia realizou uma audi\u00eancia no col\u00e9gio Santo Ant\u00f4nio com a mesma finalidade de discutir a defici\u00eancia das operadoras de telefonia m\u00f3vel nos tr\u00eas munic\u00edpios. Passados quase tr\u00eas anos da audi\u00eancia dos deputados, os problemas continuam os mesmos.<\/p>\n","protected":false},"excerpt":{"rendered":"<p>O Minist\u00e9rio P\u00fablico Estadual por interm\u00e9dio do promotor Sinobilino Junior ir\u00e1 realizar audi\u00eancia p\u00fablica na pr\u00f3xima quinta-feira (12) no plen\u00e1rio c\u00e2mara de vereadores para debater a qualidade do servi\u00e7o da&#8230;<\/p>\n","protected":false},"author":1,"featured_media":23579,"comment_status":"open","ping_status":"open","sticky":false,"template":"","format":"standard","meta":{"ngg_post_thumbnail":0,"footnotes":""},"categories":[12],"tags":[],"class_list":["post-23578","post","type-post","status-publish","format-standard","has-post-thumbnail","hentry","category-valenca-news"],"views":468,"meta_data":{"thumb":"https:\/\/portalv1.com.br\/app\/wp-content\/uploads\/2016\/05\/tim.jpg","imagem":{"fullsize":{"url":"https:\/\/portalv1.com.br\/app\/wp-content\/uploads\/2016\/05\/tim.jpg","width":640,"height":372},"thumbnail":{"url":"https:\/\/portalv1.com.br\/app\/wp-content\/uploads\/2016\/05\/tim-100x100.jpg","width":100,"height":100},"medium":{"url":"https:\/\/portalv1.com.br\/app\/wp-content\/uploads\/2016\/05\/tim-300x174.jpg","width":300,"height":174},"large":{"url":"https:\/\/portalv1.com.br\/app\/wp-content\/uploads\/2016\/05\/tim-640x372.jpg","width":640,"height":372}},"data":{"simple":"09\/05\/2016","date_time":"09\/05\/2016 08:29:58","date":"h\u00e1 10 anos"},"chapeu":"Nesta quinta-feira","source":"retirar"},"_links":{"self":[{"href":"https:\/\/portalv1.com.br\/api\/wp\/v2\/posts\/23578","targetHints":{"allow":["GET"]}}],"collection":[{"href":"https:\/\/portalv1.com.br\/api\/wp\/v2\/posts"}],"about":[{"href":"https:\/\/portalv1.com.br\/api\/wp\/v2\/types\/post"}],"author":[{"embeddable":true,"href":"https:\/\/portalv1.com.br\/api\/wp\/v2\/users\/1"}],"replies":[{"embeddable":true,"href":"https:\/\/portalv1.com.br\/api\/wp\/v2\/comments?post=23578"}],"version-history":[{"count":0,"href":"https:\/\/portalv1.com.br\/api\/wp\/v2\/posts\/23578\/revisions"}],"wp:featuredmedia":[{"embeddable":true,"href":"https:\/\/portalv1.com.br\/api\/wp\/v2\/media\/23579"}],"wp:attachment":[{"href":"https:\/\/portalv1.com.br\/api\/wp\/v2\/media?parent=23578"}],"wp:term":[{"taxonomy":"category","embeddable":true,"href":"https:\/\/portalv1.com.br\/api\/wp\/v2\/categories?post=23578"},{"taxonomy":"post_tag","embeddable":true,"href":"https:\/\/portalv1.com.br\/api\/wp\/v2\/tags?post=23578"}],"curies":[{"name":"wp","href":"https:\/\/api.w.org\/{rel}","templated":true}]}}