{"id":23592,"date":"2016-05-11T09:53:31","date_gmt":"2016-05-11T12:53:31","guid":{"rendered":"https:\/\/portalv1.com.br\/?p=23592"},"modified":"2016-05-11T09:53:31","modified_gmt":"2016-05-11T12:53:31","slug":"lula-ja-planeja-oposicao-a-governo-de-michel-temer","status":"publish","type":"post","link":"https:\/\/portalv1.com.br\/lula-ja-planeja-oposicao-a-governo-de-michel-temer\/","title":{"rendered":"Lula j\u00e1 planeja oposi\u00e7\u00e3o a governo de Michel Temer"},"content":{"rendered":"<div class=\"materia-texto\">\n<div id=\"conteudo-noticia\" class=\"conteudo-noticia\">\n<div id=\"HOTWordsTxt\">\n<figure id=\"attachment_23593\" aria-describedby=\"caption-attachment-23593\" style=\"width: 640px\" class=\"wp-caption aligncenter\"><a href=\"https:\/\/portalv1.com.br\/app\/wp-content\/uploads\/2016\/05\/LULA.jpg\"><img loading=\"lazy\" decoding=\"async\" class=\"size-full wp-image-23593\" src=\"https:\/\/portalv1.com.br\/app\/wp-content\/uploads\/2016\/05\/LULA.jpg\" alt=\"Lula \" width=\"640\" height=\"360\" srcset=\"https:\/\/portalv1.com.br\/app\/wp-content\/uploads\/2016\/05\/LULA.jpg 640w, https:\/\/portalv1.com.br\/app\/wp-content\/uploads\/2016\/05\/LULA-300x169.jpg 300w\" sizes=\"auto, (max-width: 640px) 100vw, 640px\" \/><\/a><figcaption id=\"caption-attachment-23593\" class=\"wp-caption-text\">Lula<\/figcaption><\/figure>\n<p>O afastamento da presidente Dilma Rousseff da presid\u00eancia da Rep\u00fablica parece estar certo, embora o governo tenha tentado evitar que o processo de impeachment seja votado nesta quarta-feira (11).<\/p>\n<p>Segundo a Folha de S. Paulo, o ex-presidente Luiz In\u00e1cio Lula da Silva j\u00e1 se dedica \u00e0 costura da estrat\u00e9gia de oposi\u00e7\u00e3o ao governo de Michel Temer (PMDB).<\/p>\n<p>Aliados de Lula contaram que ele viajou a Bras\u00edlia para prestar solidariedade a Dilma. Na quinta-feira (12), o ex-presidente pretende estar ao lado da petista na sa\u00edda do Planalto, caso o Senado autorize seu afastamento.<\/p>\n<p>A publica\u00e7\u00e3o destaca que Lula tem incentivado a cria\u00e7\u00e3o de uma frente inspirada no modelo uruguaio: uma grande coaliza\u00e7\u00e3o que reuniria sindicatos, associa\u00e7\u00f5es, partidos, ONG e outros movimentos de esquerda. No entanto, a defesa da frente n\u00e3o conta com o mesmo apelo da convoca\u00e7\u00e3o de elei\u00e7\u00f5es diretas.<\/p>\n<p>A discuss\u00e3o entre o PT e aliados \u00e9 sobre a intensidade de oposi\u00e7\u00e3o a Michel Temer. O partido teme ser responsabilizado por fracassos do futuro governo caso adote um tom muito pesado.<\/p>\n<p>Ainda segundo interlocutores ouvidos pela Folha, Lula considerou desastrosa a articula\u00e7\u00e3o do governo para deter o prosseguimento do processo de impeachment pelas m\u00e3os do presidente da C\u00e2mara em exerc\u00edcio, Waldir Maranh\u00e3o (PP-MA). Maranh\u00e3o anulou a vota\u00e7\u00e3o da C\u00e2mara para abertura do processo de impeachment, mas em memos de 24 horas revogou a sua pr\u00f3pria decis\u00e3o.<\/p>\n<p><strong>Investiga\u00e7\u00e3o<br \/>\n<\/strong>A cassa\u00e7\u00e3o do mandato de Delc\u00eddio do Amaral (ex-PT-MS) pelo Senado pode fazer com que a den\u00fancia contra o ex-senador e conta Lula pela tentativa de compra de sil\u00eancio do ex-diretor da Petrobras Nestor Cerver\u00f3 passe para responsabilidade do juiz Sergio Moro.<\/p>\n<\/div>\n<\/div>\n<div class=\"clear\"><\/div>\n<\/div>\n<div class=\"materia-assinatura\">\n<p><strong>Fonte:<\/strong> Not\u00edcias ao Minuto<\/p>\n<\/div>\n","protected":false},"excerpt":{"rendered":"<p>O afastamento da presidente Dilma Rousseff da presid\u00eancia da Rep\u00fablica parece estar certo, embora o governo tenha tentado evitar que o processo de impeachment seja votado nesta quarta-feira (11). Segundo&#8230;<\/p>\n","protected":false},"author":1,"featured_media":23593,"comment_status":"open","ping_status":"open","sticky":false,"template":"","format":"standard","meta":{"ngg_post_thumbnail":0,"footnotes":""},"categories":[12],"tags":[],"class_list":["post-23592","post","type-post","status-publish","format-standard","has-post-thumbnail","hentry","category-valenca-news"],"views":243,"meta_data":{"thumb":"https:\/\/portalv1.com.br\/app\/wp-content\/uploads\/2016\/05\/LULA.jpg","imagem":{"fullsize":{"url":"https:\/\/portalv1.com.br\/app\/wp-content\/uploads\/2016\/05\/LULA.jpg","width":640,"height":360},"thumbnail":{"url":"https:\/\/portalv1.com.br\/app\/wp-content\/uploads\/2016\/05\/LULA-100x100.jpg","width":100,"height":100},"medium":{"url":"https:\/\/portalv1.com.br\/app\/wp-content\/uploads\/2016\/05\/LULA-300x169.jpg","width":300,"height":169},"large":{"url":"https:\/\/portalv1.com.br\/app\/wp-content\/uploads\/2016\/05\/LULA-640x360.jpg","width":640,"height":360}},"data":{"simple":"11\/05\/2016","date_time":"11\/05\/2016 06:53:31","date":"h\u00e1 10 anos"},"chapeu":"Impeachment ","source":"m_destacada"},"_links":{"self":[{"href":"https:\/\/portalv1.com.br\/api\/wp\/v2\/posts\/23592","targetHints":{"allow":["GET"]}}],"collection":[{"href":"https:\/\/portalv1.com.br\/api\/wp\/v2\/posts"}],"about":[{"href":"https:\/\/portalv1.com.br\/api\/wp\/v2\/types\/post"}],"author":[{"embeddable":true,"href":"https:\/\/portalv1.com.br\/api\/wp\/v2\/users\/1"}],"replies":[{"embeddable":true,"href":"https:\/\/portalv1.com.br\/api\/wp\/v2\/comments?post=23592"}],"version-history":[{"count":0,"href":"https:\/\/portalv1.com.br\/api\/wp\/v2\/posts\/23592\/revisions"}],"wp:featuredmedia":[{"embeddable":true,"href":"https:\/\/portalv1.com.br\/api\/wp\/v2\/media\/23593"}],"wp:attachment":[{"href":"https:\/\/portalv1.com.br\/api\/wp\/v2\/media?parent=23592"}],"wp:term":[{"taxonomy":"category","embeddable":true,"href":"https:\/\/portalv1.com.br\/api\/wp\/v2\/categories?post=23592"},{"taxonomy":"post_tag","embeddable":true,"href":"https:\/\/portalv1.com.br\/api\/wp\/v2\/tags?post=23592"}],"curies":[{"name":"wp","href":"https:\/\/api.w.org\/{rel}","templated":true}]}}