{"id":23602,"date":"2016-05-13T00:03:58","date_gmt":"2016-05-13T03:03:58","guid":{"rendered":"https:\/\/portalv1.com.br\/?p=23602"},"modified":"2016-05-13T00:03:58","modified_gmt":"2016-05-13T03:03:58","slug":"problemas-com-a-operadora-tim-em-valenca-e-discutido-em-audiencia","status":"publish","type":"post","link":"https:\/\/portalv1.com.br\/problemas-com-a-operadora-tim-em-valenca-e-discutido-em-audiencia\/","title":{"rendered":"Problemas com a operadora Tim em Valen\u00e7a \u00e9 discutido em audi\u00eancia"},"content":{"rendered":"<figure id=\"attachment_23603\" aria-describedby=\"caption-attachment-23603\" style=\"width: 640px\" class=\"wp-caption aligncenter\"><a href=\"https:\/\/portalv1.com.br\/app\/wp-content\/uploads\/2016\/05\/dsc_0274.jpg\"><img loading=\"lazy\" decoding=\"async\" class=\"size-full wp-image-23603\" src=\"https:\/\/portalv1.com.br\/app\/wp-content\/uploads\/2016\/05\/dsc_0274.jpg\" alt=\"A audiencia foi realizada na c\u00e2mara de vereadores\" width=\"640\" height=\"427\" srcset=\"https:\/\/portalv1.com.br\/app\/wp-content\/uploads\/2016\/05\/dsc_0274.jpg 640w, https:\/\/portalv1.com.br\/app\/wp-content\/uploads\/2016\/05\/dsc_0274-300x200.jpg 300w\" sizes=\"auto, (max-width: 640px) 100vw, 640px\" \/><\/a><figcaption id=\"caption-attachment-23603\" class=\"wp-caption-text\">A audiencia foi realizada na c\u00e2mara de vereadores<\/figcaption><\/figure>\n<p>O promotor de Justi\u00e7a, Sinobilino Junior esteve \u00e0 frente de uma audi\u00eancia p\u00fablica nesta quinta-feira (12) que discutiu sobre a defici\u00eancia da operadora de telefonia Tim nas cidades de Valen\u00e7a, Novo Oriente e Lagoa do Sitio. Realizada na c\u00e2mara de vereadores a audi\u00eancia contou com a participa\u00e7\u00e3o coordenador estadual do PROCON, Nivaldo Ribeiro, Sergio Brasilis representante da Tim no Piau\u00ed, Celio Alves representante da ANATEL, Kainara Nascimento do setor jur\u00eddico da Tim, Jos\u00e9 Felix do departamento de qualidade de rede da Tim, secret\u00e1ria de governo, Rol\u00e2ndia Barros, vereadores Edilsa do Vale, Wilton Nunes de Valen\u00e7a e Marcelo Silva de Lagoa do Sitio e o advogado Joaquim Ronaldo representante da subse\u00e7\u00e3o da OAB de Valen\u00e7a.<\/p>\n<p>A audi\u00eancia foi considerada positiva por parte dos integrantes, uma vez, que abriu espa\u00e7o para as autoridades locais representadas pelos vereadores, Ministro P\u00fablico e a popula\u00e7\u00e3o que apesar de comparecer em pequeno n\u00famero conseguiu expor os problemas apresentados pela operadora Tim nos tr\u00eas munic\u00edpios, como a dificuldade para completar uma liga\u00e7\u00e3o, consumo excessivo de cr\u00e9ditos e falhas na transmiss\u00e3o de dados via internet.<\/p>\n<p>O representante da ANATEL, Celio Alves mostrou uma serie de slides com os n\u00fameros das tr\u00eas cidades que segundo o mesmo apesar dos problemas os \u00edndices est\u00e3o dentro da normalidade acertada pela ANATEL com as operadoras. Ainda segundo Celio Alves mesmo os n\u00fameros mostrando essa normalidade, a realidade \u00e9 outra, uma vez, que de fato existe uma defici\u00eancia no servi\u00e7o como ele p\u00f4de comprovar com testes ao chegar \u00e0 cidade. Ele pediu que a popula\u00e7\u00e3o que ao se sentir lesada reclame para as operadoras e para a pr\u00f3pria ANATEL que \u00e9 o agente fiscalizador das operadoras de telefonia m\u00f3vel.<\/p>\n<p>O coordenador do PROCON, Nivaldo Ribeiro foi enf\u00e1tico em afirmar que o consumidor est\u00e1 sendo lesado pela operadora Tim. Ele pediu providencias urgentes no sentido de resolver o problema e colocou o PROCON a disposi\u00e7\u00e3o da popula\u00e7\u00e3o e do Minist\u00e9rio P\u00fablico em caso de a\u00e7\u00e3o contra a operadora.<\/p>\n<p>J\u00e1 os representantes da operadora Tim afirmaram que como foi dito pela ANATEL os servi\u00e7os est\u00e3o normais, mais eles reconheceram que especialmente em Valen\u00e7a que j\u00e1 opera com a tecnologia 3G existem anomalias que precisam ser averiguadas. J\u00e1 em Novo Oriente e Lagoa do Sitio que disp\u00f5e do sistema 2G, a quest\u00e3o se resumir\u00e1 com as liga\u00e7\u00f5es, uma vez que o sistema 2G \u00e9 basicamente para liga\u00e7\u00f5es, diferente da 3G que \u00e9 bem mais eficiente na transmiss\u00e3o de dados.<\/p>\n<p>Ap\u00f3s quatro horas de discuss\u00e3o ficou acertada a vinda de uma equipe Tim nos pr\u00f3ximos dias para as cidades para tentar detectar os problemas e estipular uma data para sua solu\u00e7\u00e3o. De acordo com os t\u00e9cnicos da Tim eles reconhecem o problema, apesar das estat\u00edsticas mostrarem a normalidade do sistema e que dentro de 30 dias poder\u00e3o dar uma posi\u00e7\u00e3o oficial sobre problemas encontrados e a data para suas resolu\u00e7\u00f5es.<\/p>\n<p>O promotor Sinobilino Junior, agradeceu aos presentes na audi\u00eancia e afirmou que o Minist\u00e9rio P\u00fablico n\u00e3o ir\u00e1 desistir da quest\u00e3o at\u00e9 que se resolva o problema, tendo em vista que a comunica\u00e7\u00e3o \u00e9 algo imprescind\u00edvel na vida da popula\u00e7\u00e3o que paga caro pelo servi\u00e7o. \u00a0Ele afirmou que estar\u00e1 acompanhando a vinda dos t\u00e9cnicos e pediu que seja feito um grupo de debates para acompanhar o desenrolar dos acontecimentos.<\/p>\n<p><div class=\"ngg-galleryoverview\" data-widget=\"Galeria\" data-props='{&quot;galeria&quot;:{&quot;gallery_id&quot;:2170,&quot;total&quot;:12,&quot;max_page&quot;:1,&quot;page&quot;:1,&quot;images&quot;:[{&quot;pid&quot;:47528,&quot;imageURL&quot;:&quot;https:\\\/\\\/portalv1.com.br\\\/app\\\/wp-content\\\/gallery\\\/siniblino\\\/dsc_0257.jpg?t=1706091662&quot;,&quot;thumbnailURL&quot;:&quot;https:\\\/\\\/portalv1.com.br\\\/app\\\/wp-content\\\/gallery\\\/siniblino\\\/thumbs\\\/thumbs_dsc_0257.jpg?t=1706091662&quot;,&quot;description&quot;:&quot; &quot;,&quot;alttext&quot;:&quot;dsc_0257&quot;,&quot;style&quot;:&quot;&quot;},{&quot;pid&quot;:47529,&quot;imageURL&quot;:&quot;https:\\\/\\\/portalv1.com.br\\\/app\\\/wp-content\\\/gallery\\\/siniblino\\\/dsc_0258.jpg?t=1706098883&quot;,&quot;thumbnailURL&quot;:&quot;https:\\\/\\\/portalv1.com.br\\\/app\\\/wp-content\\\/gallery\\\/siniblino\\\/thumbs\\\/thumbs_dsc_0258.jpg?t=1706098883&quot;,&quot;description&quot;:&quot; &quot;,&quot;alttext&quot;:&quot;dsc_0258&quot;,&quot;style&quot;:&quot;&quot;},{&quot;pid&quot;:47530,&quot;imageURL&quot;:&quot;https:\\\/\\\/portalv1.com.br\\\/app\\\/wp-content\\\/gallery\\\/siniblino\\\/dsc_0262.jpg?t=1706097281&quot;,&quot;thumbnailURL&quot;:&quot;https:\\\/\\\/portalv1.com.br\\\/app\\\/wp-content\\\/gallery\\\/siniblino\\\/thumbs\\\/thumbs_dsc_0262.jpg?t=1706097281&quot;,&quot;description&quot;:&quot; &quot;,&quot;alttext&quot;:&quot;dsc_0262&quot;,&quot;style&quot;:&quot;&quot;},{&quot;pid&quot;:47531,&quot;imageURL&quot;:&quot;https:\\\/\\\/portalv1.com.br\\\/app\\\/wp-content\\\/gallery\\\/siniblino\\\/dsc_0274.jpg?t=1706090462&quot;,&quot;thumbnailURL&quot;:&quot;https:\\\/\\\/portalv1.com.br\\\/app\\\/wp-content\\\/gallery\\\/siniblino\\\/thumbs\\\/thumbs_dsc_0274.jpg?t=1706090462&quot;,&quot;description&quot;:&quot; &quot;,&quot;alttext&quot;:&quot;dsc_0274&quot;,&quot;style&quot;:&quot;&quot;},{&quot;pid&quot;:47532,&quot;imageURL&quot;:&quot;https:\\\/\\\/portalv1.com.br\\\/app\\\/wp-content\\\/gallery\\\/siniblino\\\/dsc_0292.jpg?t=1706088095&quot;,&quot;thumbnailURL&quot;:&quot;https:\\\/\\\/portalv1.com.br\\\/app\\\/wp-content\\\/gallery\\\/siniblino\\\/thumbs\\\/thumbs_dsc_0292.jpg?t=1706088095&quot;,&quot;description&quot;:&quot; &quot;,&quot;alttext&quot;:&quot;dsc_0292&quot;,&quot;style&quot;:&quot;&quot;},{&quot;pid&quot;:47533,&quot;imageURL&quot;:&quot;https:\\\/\\\/portalv1.com.br\\\/app\\\/wp-content\\\/gallery\\\/siniblino\\\/dsc_0296.jpg?t=1706083862&quot;,&quot;thumbnailURL&quot;:&quot;https:\\\/\\\/portalv1.com.br\\\/app\\\/wp-content\\\/gallery\\\/siniblino\\\/thumbs\\\/thumbs_dsc_0296.jpg?t=1706083862&quot;,&quot;description&quot;:&quot; &quot;,&quot;alttext&quot;:&quot;dsc_0296&quot;,&quot;style&quot;:&quot;&quot;},{&quot;pid&quot;:47534,&quot;imageURL&quot;:&quot;https:\\\/\\\/portalv1.com.br\\\/app\\\/wp-content\\\/gallery\\\/siniblino\\\/dsc_0321.jpg?t=1706099675&quot;,&quot;thumbnailURL&quot;:&quot;https:\\\/\\\/portalv1.com.br\\\/app\\\/wp-content\\\/gallery\\\/siniblino\\\/thumbs\\\/thumbs_dsc_0321.jpg?t=1706099675&quot;,&quot;description&quot;:&quot; &quot;,&quot;alttext&quot;:&quot;dsc_0321&quot;,&quot;style&quot;:&quot;&quot;},{&quot;pid&quot;:47535,&quot;imageURL&quot;:&quot;https:\\\/\\\/portalv1.com.br\\\/app\\\/wp-content\\\/gallery\\\/siniblino\\\/dsc_0323.jpg?t=1706097212&quot;,&quot;thumbnailURL&quot;:&quot;https:\\\/\\\/portalv1.com.br\\\/app\\\/wp-content\\\/gallery\\\/siniblino\\\/thumbs\\\/thumbs_dsc_0323.jpg?t=1706097212&quot;,&quot;description&quot;:&quot; &quot;,&quot;alttext&quot;:&quot;dsc_0323&quot;,&quot;style&quot;:&quot;&quot;},{&quot;pid&quot;:47536,&quot;imageURL&quot;:&quot;https:\\\/\\\/portalv1.com.br\\\/app\\\/wp-content\\\/gallery\\\/siniblino\\\/dsc_0324.jpg?t=1706099140&quot;,&quot;thumbnailURL&quot;:&quot;https:\\\/\\\/portalv1.com.br\\\/app\\\/wp-content\\\/gallery\\\/siniblino\\\/thumbs\\\/thumbs_dsc_0324.jpg?t=1706099140&quot;,&quot;description&quot;:&quot; &quot;,&quot;alttext&quot;:&quot;dsc_0324&quot;,&quot;style&quot;:&quot;&quot;},{&quot;pid&quot;:47537,&quot;imageURL&quot;:&quot;https:\\\/\\\/portalv1.com.br\\\/app\\\/wp-content\\\/gallery\\\/siniblino\\\/dsc_0325.jpg?t=1706098369&quot;,&quot;thumbnailURL&quot;:&quot;https:\\\/\\\/portalv1.com.br\\\/app\\\/wp-content\\\/gallery\\\/siniblino\\\/thumbs\\\/thumbs_dsc_0325.jpg?t=1706098369&quot;,&quot;description&quot;:&quot; &quot;,&quot;alttext&quot;:&quot;dsc_0325&quot;,&quot;style&quot;:&quot;&quot;},{&quot;pid&quot;:47538,&quot;imageURL&quot;:&quot;https:\\\/\\\/portalv1.com.br\\\/app\\\/wp-content\\\/gallery\\\/siniblino\\\/dsc_0329.jpg?t=1706091062&quot;,&quot;thumbnailURL&quot;:&quot;https:\\\/\\\/portalv1.com.br\\\/app\\\/wp-content\\\/gallery\\\/siniblino\\\/thumbs\\\/thumbs_dsc_0329.jpg?t=1706091062&quot;,&quot;description&quot;:&quot; &quot;,&quot;alttext&quot;:&quot;dsc_0329&quot;,&quot;style&quot;:&quot;&quot;},{&quot;pid&quot;:47539,&quot;imageURL&quot;:&quot;https:\\\/\\\/portalv1.com.br\\\/app\\\/wp-content\\\/gallery\\\/siniblino\\\/dsc_0332.jpg?t=1706099269&quot;,&quot;thumbnailURL&quot;:&quot;https:\\\/\\\/portalv1.com.br\\\/app\\\/wp-content\\\/gallery\\\/siniblino\\\/thumbs\\\/thumbs_dsc_0332.jpg?t=1706099269&quot;,&quot;description&quot;:&quot; &quot;,&quot;alttext&quot;:&quot;dsc_0332&quot;,&quot;style&quot;:&quot;&quot;}]}}'><\/div>.<\/p>\n","protected":false},"excerpt":{"rendered":"<p>O promotor de Justi\u00e7a, Sinobilino Junior esteve \u00e0 frente de uma audi\u00eancia p\u00fablica nesta quinta-feira (12) que discutiu sobre a defici\u00eancia da operadora de telefonia Tim nas cidades de Valen\u00e7a,&#8230;<\/p>\n","protected":false},"author":1,"featured_media":23603,"comment_status":"open","ping_status":"open","sticky":false,"template":"","format":"standard","meta":{"ngg_post_thumbnail":0,"footnotes":""},"categories":[12],"tags":[],"class_list":["post-23602","post","type-post","status-publish","format-standard","has-post-thumbnail","hentry","category-valenca-news"],"views":565,"meta_data":{"thumb":"https:\/\/portalv1.com.br\/app\/wp-content\/uploads\/2016\/05\/dsc_0274.jpg","imagem":{"fullsize":{"url":"https:\/\/portalv1.com.br\/app\/wp-content\/uploads\/2016\/05\/dsc_0274.jpg","width":640,"height":427},"thumbnail":{"url":"https:\/\/portalv1.com.br\/app\/wp-content\/uploads\/2016\/05\/dsc_0274-100x100.jpg","width":100,"height":100},"medium":{"url":"https:\/\/portalv1.com.br\/app\/wp-content\/uploads\/2016\/05\/dsc_0274-300x200.jpg","width":300,"height":200},"large":{"url":"https:\/\/portalv1.com.br\/app\/wp-content\/uploads\/2016\/05\/dsc_0274-640x427.jpg","width":640,"height":427}},"data":{"simple":"12\/05\/2016","date_time":"12\/05\/2016 21:03:58","date":"h\u00e1 10 anos"},"chapeu":"VEJA FOTOS ","source":"slide"},"_links":{"self":[{"href":"https:\/\/portalv1.com.br\/api\/wp\/v2\/posts\/23602","targetHints":{"allow":["GET"]}}],"collection":[{"href":"https:\/\/portalv1.com.br\/api\/wp\/v2\/posts"}],"about":[{"href":"https:\/\/portalv1.com.br\/api\/wp\/v2\/types\/post"}],"author":[{"embeddable":true,"href":"https:\/\/portalv1.com.br\/api\/wp\/v2\/users\/1"}],"replies":[{"embeddable":true,"href":"https:\/\/portalv1.com.br\/api\/wp\/v2\/comments?post=23602"}],"version-history":[{"count":0,"href":"https:\/\/portalv1.com.br\/api\/wp\/v2\/posts\/23602\/revisions"}],"wp:featuredmedia":[{"embeddable":true,"href":"https:\/\/portalv1.com.br\/api\/wp\/v2\/media\/23603"}],"wp:attachment":[{"href":"https:\/\/portalv1.com.br\/api\/wp\/v2\/media?parent=23602"}],"wp:term":[{"taxonomy":"category","embeddable":true,"href":"https:\/\/portalv1.com.br\/api\/wp\/v2\/categories?post=23602"},{"taxonomy":"post_tag","embeddable":true,"href":"https:\/\/portalv1.com.br\/api\/wp\/v2\/tags?post=23602"}],"curies":[{"name":"wp","href":"https:\/\/api.w.org\/{rel}","templated":true}]}}