{"id":23604,"date":"2016-05-13T10:16:57","date_gmt":"2016-05-13T13:16:57","guid":{"rendered":"https:\/\/portalv1.com.br\/?p=23604"},"modified":"2016-05-13T10:16:57","modified_gmt":"2016-05-13T13:16:57","slug":"instagram-muda-design-e-altera-visual-de-layout-boomerang-e-hyperlapse","status":"publish","type":"post","link":"https:\/\/portalv1.com.br\/instagram-muda-design-e-altera-visual-de-layout-boomerang-e-hyperlapse\/","title":{"rendered":"Instagram muda design e altera visual de Layout, Boomerang e Hyperlapse"},"content":{"rendered":"<figure id=\"attachment_23607\" aria-describedby=\"caption-attachment-23607\" style=\"width: 620px\" class=\"wp-caption aligncenter\"><a href=\"https:\/\/portalv1.com.br\/app\/wp-content\/uploads\/2016\/05\/instagram-logo-g1.jpg\"><img loading=\"lazy\" decoding=\"async\" class=\"wp-image-23607 size-full\" src=\"https:\/\/portalv1.com.br\/app\/wp-content\/uploads\/2016\/05\/instagram-logo-g1.jpg\" alt=\"instagram-logo-g1\" width=\"620\" height=\"400\" srcset=\"https:\/\/portalv1.com.br\/app\/wp-content\/uploads\/2016\/05\/instagram-logo-g1.jpg 620w, https:\/\/portalv1.com.br\/app\/wp-content\/uploads\/2016\/05\/instagram-logo-g1-300x194.jpg 300w\" sizes=\"auto, (max-width: 620px) 100vw, 620px\" \/><\/a><figcaption id=\"caption-attachment-23607\" class=\"wp-caption-text\">Instagram muda design do aplicativo. (Foto: Divulga\u00e7\u00e3o\/Instagram)<\/figcaption><\/figure>\n<p>O Instagram anunciou nesta quarta-feira (11) uma mudan\u00e7a do logotipo do aplicativo, que o deixou mais colorido e minimalista, e tamb\u00e9m repaginou o layout interno da rede social de fotos.<\/p>\n<p>O \u00edcone do app continua a representar uma c\u00e2mera fotogr\u00e1fica, mas agora com tra\u00e7os e cores mais simples. Sai o marrom da c\u00e2mera retr\u00f4. Entram as cores do arco-\u00edris, dispostas sobre o logotipo de forma gradual.<\/p>\n<p>A organiza\u00e7\u00e3o visual da navega\u00e7\u00e3o do servi\u00e7o tamb\u00e9m foi alterada. \u201cO design mais simples coloca foco maior nas suas fotos e v\u00eddeos sem mudar como voc\u00ea navega no aplicativo\u201d, descreve o Instagram.<\/p>\n<figure id=\"attachment_23605\" aria-describedby=\"caption-attachment-23605\" style=\"width: 620px\" class=\"wp-caption aligncenter\"><a href=\"https:\/\/portalv1.com.br\/app\/wp-content\/uploads\/2016\/05\/instagram-antes-depois-g1.jpg\"><img loading=\"lazy\" decoding=\"async\" class=\"wp-image-23605 size-full\" src=\"https:\/\/portalv1.com.br\/app\/wp-content\/uploads\/2016\/05\/instagram-antes-depois-g1.jpg\" alt=\"instagram-antes-depois-g1\" width=\"620\" height=\"334\" srcset=\"https:\/\/portalv1.com.br\/app\/wp-content\/uploads\/2016\/05\/instagram-antes-depois-g1.jpg 620w, https:\/\/portalv1.com.br\/app\/wp-content\/uploads\/2016\/05\/instagram-antes-depois-g1-300x162.jpg 300w\" sizes=\"auto, (max-width: 620px) 100vw, 620px\" \/><\/a><figcaption id=\"caption-attachment-23605\" class=\"wp-caption-text\">Novo design do Instagram (dir.) ao lado do visual antigo. (Foto: Divulga\u00e7\u00e3o\/Instagram)<\/figcaption><\/figure>\n<p><strong>Layout, Boomerang e Hyperlapse<\/strong><br \/>\nA modifica\u00e7\u00e3o do layout foi estendida aos \u00edcones dos outros aplicativos que servem de acess\u00f3rio ao Instagram, como o \u201cLayout\u201d (para fazer montagens), \u201cBoomerang\u201d (para fazer fotos animadas) e \u201cHyperlapse\u201d (para fazer v\u00eddeos acelerados).<\/p>\n<p>\u201cA atualiza\u00e7\u00e3o do nosso \u2018look\u2019 reflete qu\u00e3o vibrante e diverso se tornou a forma de contar hist\u00f3rias [dos usu\u00e1rios].\u201d<\/p>\n<p><a href=\"https:\/\/portalv1.com.br\/app\/wp-content\/uploads\/2016\/05\/instagam-g1.jpg\"><img loading=\"lazy\" decoding=\"async\" class=\"aligncenter size-full wp-image-23606\" src=\"https:\/\/portalv1.com.br\/app\/wp-content\/uploads\/2016\/05\/instagam-g1.jpg\" alt=\"instagam-g1\" width=\"620\" height=\"573\" srcset=\"https:\/\/portalv1.com.br\/app\/wp-content\/uploads\/2016\/05\/instagam-g1.jpg 620w, https:\/\/portalv1.com.br\/app\/wp-content\/uploads\/2016\/05\/instagam-g1-300x277.jpg 300w\" sizes=\"auto, (max-width: 620px) 100vw, 620px\" \/><\/a><\/p>\n<p><em>G1<\/em><\/p>\n","protected":false},"excerpt":{"rendered":"<p>O Instagram anunciou nesta quarta-feira (11) uma mudan\u00e7a do logotipo do aplicativo, que o deixou mais colorido e minimalista, e tamb\u00e9m repaginou o layout interno da rede social de fotos&#8230;.<\/p>\n","protected":false},"author":10,"featured_media":23607,"comment_status":"open","ping_status":"open","sticky":false,"template":"","format":"standard","meta":{"ngg_post_thumbnail":0,"footnotes":""},"categories":[242],"tags":[],"class_list":["post-23604","post","type-post","status-publish","format-standard","has-post-thumbnail","hentry","category-tecnologia"],"views":1625,"meta_data":{"thumb":"https:\/\/portalv1.com.br\/app\/wp-content\/uploads\/2016\/05\/instagram-logo-g1.jpg","imagem":{"fullsize":{"url":"https:\/\/portalv1.com.br\/app\/wp-content\/uploads\/2016\/05\/instagram-logo-g1.jpg","width":620,"height":400},"thumbnail":{"url":"https:\/\/portalv1.com.br\/app\/wp-content\/uploads\/2016\/05\/instagram-logo-g1-100x100.jpg","width":100,"height":100},"medium":{"url":"https:\/\/portalv1.com.br\/app\/wp-content\/uploads\/2016\/05\/instagram-logo-g1-300x194.jpg","width":300,"height":194}},"data":{"simple":"13\/05\/2016","date_time":"13\/05\/2016 07:16:57","date":"h\u00e1 10 anos"},"chapeu":"Visual novo","source":""},"_links":{"self":[{"href":"https:\/\/portalv1.com.br\/api\/wp\/v2\/posts\/23604","targetHints":{"allow":["GET"]}}],"collection":[{"href":"https:\/\/portalv1.com.br\/api\/wp\/v2\/posts"}],"about":[{"href":"https:\/\/portalv1.com.br\/api\/wp\/v2\/types\/post"}],"author":[{"embeddable":true,"href":"https:\/\/portalv1.com.br\/api\/wp\/v2\/users\/10"}],"replies":[{"embeddable":true,"href":"https:\/\/portalv1.com.br\/api\/wp\/v2\/comments?post=23604"}],"version-history":[{"count":0,"href":"https:\/\/portalv1.com.br\/api\/wp\/v2\/posts\/23604\/revisions"}],"wp:featuredmedia":[{"embeddable":true,"href":"https:\/\/portalv1.com.br\/api\/wp\/v2\/media\/23607"}],"wp:attachment":[{"href":"https:\/\/portalv1.com.br\/api\/wp\/v2\/media?parent=23604"}],"wp:term":[{"taxonomy":"category","embeddable":true,"href":"https:\/\/portalv1.com.br\/api\/wp\/v2\/categories?post=23604"},{"taxonomy":"post_tag","embeddable":true,"href":"https:\/\/portalv1.com.br\/api\/wp\/v2\/tags?post=23604"}],"curies":[{"name":"wp","href":"https:\/\/api.w.org\/{rel}","templated":true}]}}