{"id":2362,"date":"2010-01-12T22:14:05","date_gmt":"2010-01-13T01:14:05","guid":{"rendered":"https:\/\/portalv1.com.br\/?p=2362"},"modified":"2010-01-12T22:14:05","modified_gmt":"2010-01-13T01:14:05","slug":"jvc-pre-candidato-eu-nao-tenho-arestas-com-base-nem-oposicao","status":"publish","type":"post","link":"https:\/\/portalv1.com.br\/jvc-pre-candidato-eu-nao-tenho-arestas-com-base-nem-oposicao\/","title":{"rendered":"JVC pr\u00e9-candidato: &#8216;Eu n\u00e3o tenho arestas com base, nem oposi\u00e7\u00e3o&#8217;"},"content":{"rendered":"<p><a href=\"https:\/\/portalv1.com.br\/app\/wp-content\/uploads\/2010\/01\/jvc0k.jpg\"><img loading=\"lazy\" decoding=\"async\" class=\"alignright size-full wp-image-2363\" title=\"jvc0k\" src=\"https:\/\/portalv1.com.br\/app\/wp-content\/uploads\/2010\/01\/jvc0k.jpg\" alt=\"jvc0k\" width=\"300\" height=\"183\" \/><\/a>Em entrevista na noite desta ter\u00e7a-feira (12\/01) ao Programa &#8217;70 Minutos&#8217;, apresentado pela jornalista Maia Veloso na TV Meio Norte, o senador Jo\u00e3o Vicente Claudino (PTB) falou sobre seus planos ao governo do Estado e sobre a libera\u00e7\u00e3o dos recursos para a cria\u00e7\u00e3o de um parque para a juventude de Teresina.<\/p>\n<p>Ao ser questionado pelo jornalista Carlos Augusto a respeito das opini\u00f5es que alguns pol\u00edticos nutrem a seu respeito, quando se trata se ser candidato a algum cargo, o senador foi tranq\u00fcilo ao afirmar que tudo na vida tem sua \u00e9poca certa. \u201cNa elei\u00e7\u00e3o de 2006 analisamos a situa\u00e7\u00e3o, o quatro pol\u00edtico e contatamos que era a hora certa. Me candidatei a senador. Agora em 2010 acredito que tamb\u00e9m \u00e9\u201d, declarou.<\/p>\n<p>Ele afirmou que n\u00e3o tem cartas na manga para ganhar o apoio da base aliada e tornar-se o candidato oficial. \u201cN\u00e3o existe planos, o que existe \u00e9 um reconhecimento de todos os candidatos, para dar continuidade ao trabalho feito pelo governo atual (Wellington Dias, PT). E n\u00e3o tenho, gra\u00e7as a Deus, arestas com ningu\u00e9m, nem da base e nem da oposi\u00e7\u00e3o\u201d.<\/p>\n<p>Ele disse que n\u00e3o tem problema deixar a supl\u00eancia do Senado para Jo\u00e3o Hilton e comentou tamb\u00e9m sobre a possibilidade do vice Elmano\u00a0Ferrer assumir o lugar do prefeito Silvio Mendes.\u00a0 \u201cN\u00e3o foi nomea\u00e7\u00e3o, foi por elei\u00e7\u00e3o popular. Eu creio que temos que buscar n\u00e3o \u00e9 a pessoa e sim o partido. E h\u00e1 muito tempo em Teresina n\u00e3o se tinha o prefeito e o governador do mesmo partido, mas isso no momento \u00e9 apenas suposi\u00e7\u00e3o. Creio que o Piau\u00ed s\u00f3 tem a ganhar\u201d, concluiu.<\/p>\n","protected":false},"excerpt":{"rendered":"<p>Em entrevista na noite desta ter\u00e7a-feira (12\/01) ao Programa &#8217;70 Minutos&#8217;, apresentado pela jornalista Maia Veloso na TV Meio Norte, o senador Jo\u00e3o Vicente Claudino (PTB) falou sobre seus planos&#8230;<\/p>\n","protected":false},"author":1,"featured_media":0,"comment_status":"open","ping_status":"open","sticky":false,"template":"","format":"standard","meta":{"ngg_post_thumbnail":0,"footnotes":""},"categories":[12],"tags":[],"class_list":["post-2362","post","type-post","status-publish","format-standard","hentry","category-valenca-news"],"views":384,"meta_data":{"thumb":"https:\/\/portalv1.com.br\/app\/wp-content\/uploads\/2010\/01\/jvc0k.jpg","data":{"simple":"12\/01\/2010","date_time":"12\/01\/2010 19:14:05","date":"h\u00e1 16 anos"},"chapeu":"","source":""},"_links":{"self":[{"href":"https:\/\/portalv1.com.br\/api\/wp\/v2\/posts\/2362","targetHints":{"allow":["GET"]}}],"collection":[{"href":"https:\/\/portalv1.com.br\/api\/wp\/v2\/posts"}],"about":[{"href":"https:\/\/portalv1.com.br\/api\/wp\/v2\/types\/post"}],"author":[{"embeddable":true,"href":"https:\/\/portalv1.com.br\/api\/wp\/v2\/users\/1"}],"replies":[{"embeddable":true,"href":"https:\/\/portalv1.com.br\/api\/wp\/v2\/comments?post=2362"}],"version-history":[{"count":0,"href":"https:\/\/portalv1.com.br\/api\/wp\/v2\/posts\/2362\/revisions"}],"wp:attachment":[{"href":"https:\/\/portalv1.com.br\/api\/wp\/v2\/media?parent=2362"}],"wp:term":[{"taxonomy":"category","embeddable":true,"href":"https:\/\/portalv1.com.br\/api\/wp\/v2\/categories?post=2362"},{"taxonomy":"post_tag","embeddable":true,"href":"https:\/\/portalv1.com.br\/api\/wp\/v2\/tags?post=2362"}],"curies":[{"name":"wp","href":"https:\/\/api.w.org\/{rel}","templated":true}]}}