{"id":236337,"date":"2025-06-14T13:00:25","date_gmt":"2025-06-14T16:00:25","guid":{"rendered":"https:\/\/portalv1.com.br\/?p=236337"},"modified":"2025-06-14T13:00:27","modified_gmt":"2025-06-14T16:00:27","slug":"comissao-organizadora-anula-final-do-campeonato-de-lagoa-do-sitio-apos-briga-generalizada","status":"publish","type":"post","link":"https:\/\/portalv1.com.br\/comissao-organizadora-anula-final-do-campeonato-de-lagoa-do-sitio-apos-briga-generalizada\/","title":{"rendered":"Comiss\u00e3o Organizadora anula final do Campeonato de Lagoa do S\u00edtio ap\u00f3s briga generalizada"},"content":{"rendered":"\n<p>A Comiss\u00e3o Organizadora do Campeonato Municipal de Futebol de Campo Amador de Lagoa do S\u00edtio decidiu suspender a partida final da competi\u00e7\u00e3o ap\u00f3s uma briga generalizada entre atletas das equipes Pi\u00e7arra e Angico. O confronto decisivo aconteceu na noite da \u00faltima quarta-feira, 11 de junho.<\/p>\n\n\n\n<p>Segundo a organiza\u00e7\u00e3o, a partida transcorria normalmente e terminou empatada em 0 a 0 no tempo regulamentar, levando a disputa para a cobran\u00e7a de p\u00eanaltis.<\/p>\n\n\n\n<p>\u201cO jogo transcorria dentro da normalidade onde o tempo regulamentar terminou com o empate em 0X0, sendo necess\u00e1rio decidir na cobran\u00e7a de p\u00eanaltis, conforme determinado pelo regulamento do campeonato.<\/p>\n\n\n\n<p>Ap\u00f3s a cobran\u00e7a de um p\u00eanalti por cada time, em que ambos foram convertidos em gol, teve in\u00edcio um conflito entre jogadores de ambos os times, culminando em uma confus\u00e3o generalizada e tornando invi\u00e1vel a continua\u00e7\u00e3o da cobran\u00e7a das penalidades\u201d, narrou a comiss\u00e3o organizadora, que tamb\u00e9m destacou os preju\u00edzos causados pelo epis\u00f3dio.<\/p>\n\n\n\n<p>\u201cOs preju\u00edzos s\u00e3o incalcul\u00e1veis, pois al\u00e9m dos danos financeiros, houve preju\u00edzo esportivo, uma vez que n\u00e3o foi respeitado o esp\u00edrito de fair play. Houve, ainda, o incalcul\u00e1vel preju\u00edzo \u00e0 imagem dos atletas, dos clubes que estavam envolvidos na final e, principalmente da gest\u00e3o que investiu muitos recursos na realiza\u00e7\u00e3o do campeonato\u201d, diz a nota.<\/p>\n\n\n\n<p>Diante da gravidade da situa\u00e7\u00e3o, a organiza\u00e7\u00e3o anunciou uma s\u00e9rie de puni\u00e7\u00f5es:<\/p>\n\n\n\n<p>01 &#8211; Suspens\u00e3o da titula\u00e7\u00e3o de campe\u00e3o e vice-campe\u00e3o da edi\u00e7\u00e3o 2025 do Campeonato Municipal de Futebol de Campo Amador;<\/p>\n\n\n\n<p>02 &#8211; Suspens\u00e3o da premia\u00e7\u00e3o das equipes envolvidas no conflito, com o valor sendo destinado a melhorias na infraestrutura do Est\u00e1dio Municipal &#8220;O Pi\u00e7arr\u00e3o&#8221;;<\/p>\n\n\n\n<p>03 &#8211; Exclus\u00e3o das premia\u00e7\u00f5es para as equipes finalistas e seus respectivos atletas das premia\u00e7\u00f5es individuais previstas no regulamento;<\/p>\n\n\n\n<p>04 &#8211; Suspens\u00e3o dos atletas envolvidos nas agress\u00f5es de todas as competi\u00e7\u00f5es promovidas pela Prefeitura Municipal de Lagoa do S\u00edtio por um per\u00edodo de 1 (um) ano;<\/p>\n\n\n\n<p>05 &#8211; Manuten\u00e7\u00e3o da premia\u00e7\u00e3o para o 3\u00ba e 4\u00ba lugar, al\u00e9m das categorias de artilheiro, jogador revela\u00e7\u00e3o, melhor goleiro e trof\u00e9u disciplina, com entrega em data a ser informada.<\/p>\n\n\n\n<p>Por fim, a nota refor\u00e7a o objetivo das medidas:<\/p>\n\n\n\n<p>\u201cAs medidas tomadas visam coibir comportamentos inaceit\u00e1veis envolvendo pessoas que originalmente deveriam promover a divers\u00e3o dos amantes de futebol que se deslocaram de suas resid\u00eancias, deixando seus afazeres di\u00e1rios para acompanhar a realiza\u00e7\u00e3o dos jogos e que foram surpreendidos com um desfecho inesperado de um campeonato que tinha todos os requisitos para se tornar uma grande festa no munic\u00edpio que \u00e9 t\u00e3o apaixonado por futebol\u201d, conclui o texto. <a href=\"https:\/\/portalv1.com.br\/app\/wp-content\/uploads\/2025\/06\/NOTA-DE-ESCLARECIMENTO.pdf\">NOTA-DE-ESCLARECIMENTO<\/a><\/p>\n\n\n\n<figure class=\"wp-block-embed is-type-video is-provider-youtube wp-block-embed-youtube wp-embed-aspect-16-9 wp-has-aspect-ratio\"><div class=\"wp-block-embed__wrapper\">\n<div class=\"content-iframe\" data-content-width=\"600\"><iframe loading=\"lazy\" title=\"Depois de briga generalizada organiza\u00e7\u00e3o decide punir atletas em Lagoa do S\u00edtio\" width=\"600\" height=\"338\" src=\"https:\/\/www.youtube.com\/embed\/wmIsURzc7Vo?feature=oembed\" frameborder=\"0\" allow=\"accelerometer; autoplay; clipboard-write; encrypted-media; gyroscope; picture-in-picture; web-share\" referrerpolicy=\"strict-origin-when-cross-origin\" allowfullscreen><\/iframe><\/div>\n<\/div><\/figure>\n","protected":false},"excerpt":{"rendered":"<p>A Comiss\u00e3o Organizadora do Campeonato Municipal de Futebol de Campo Amador de Lagoa do S\u00edtio decidiu suspender a partida final da competi\u00e7\u00e3o ap\u00f3s uma briga generalizada entre atletas das equipes&#8230;<\/p>\n","protected":false},"author":1,"featured_media":236339,"comment_status":"open","ping_status":"open","sticky":false,"template":"","format":"standard","meta":{"ngg_post_thumbnail":0,"footnotes":""},"categories":[243],"tags":[],"class_list":["post-236337","post","type-post","status-publish","format-standard","has-post-thumbnail","hentry","category-geral"],"views":572,"meta_data":{"thumb":"https:\/\/portalv1.com.br\/app\/wp-content\/uploads\/2025\/06\/nota.png","imagem":{"fullsize":{"url":"https:\/\/portalv1.com.br\/app\/wp-content\/uploads\/2025\/06\/nota.png","width":696,"height":418},"medium":{"url":"https:\/\/portalv1.com.br\/app\/wp-content\/uploads\/2025\/06\/nota-300x180.png","width":300,"height":180},"large":{"url":"https:\/\/portalv1.com.br\/app\/wp-content\/uploads\/2025\/06\/nota-640x384.png","width":640,"height":384},"thumbnail":{"url":"https:\/\/portalv1.com.br\/app\/wp-content\/uploads\/2025\/06\/nota-100x100.png","width":100,"height":100}},"data":{"simple":"14\/06\/2025","date_time":"14\/06\/2025 10:00:25","date":"h\u00e1 11 meses"},"chapeu":"Veja detalhes ","source":"slide"},"_links":{"self":[{"href":"https:\/\/portalv1.com.br\/api\/wp\/v2\/posts\/236337","targetHints":{"allow":["GET"]}}],"collection":[{"href":"https:\/\/portalv1.com.br\/api\/wp\/v2\/posts"}],"about":[{"href":"https:\/\/portalv1.com.br\/api\/wp\/v2\/types\/post"}],"author":[{"embeddable":true,"href":"https:\/\/portalv1.com.br\/api\/wp\/v2\/users\/1"}],"replies":[{"embeddable":true,"href":"https:\/\/portalv1.com.br\/api\/wp\/v2\/comments?post=236337"}],"version-history":[{"count":0,"href":"https:\/\/portalv1.com.br\/api\/wp\/v2\/posts\/236337\/revisions"}],"wp:featuredmedia":[{"embeddable":true,"href":"https:\/\/portalv1.com.br\/api\/wp\/v2\/media\/236339"}],"wp:attachment":[{"href":"https:\/\/portalv1.com.br\/api\/wp\/v2\/media?parent=236337"}],"wp:term":[{"taxonomy":"category","embeddable":true,"href":"https:\/\/portalv1.com.br\/api\/wp\/v2\/categories?post=236337"},{"taxonomy":"post_tag","embeddable":true,"href":"https:\/\/portalv1.com.br\/api\/wp\/v2\/tags?post=236337"}],"curies":[{"name":"wp","href":"https:\/\/api.w.org\/{rel}","templated":true}]}}