{"id":23634,"date":"2016-05-17T10:15:34","date_gmt":"2016-05-17T13:15:34","guid":{"rendered":"https:\/\/portalv1.com.br\/?p=23634"},"modified":"2016-05-17T10:15:35","modified_gmt":"2016-05-17T13:15:35","slug":"policia-militar-de-valenca-divulga-balanco-com-muitas-ocorrencias","status":"publish","type":"post","link":"https:\/\/portalv1.com.br\/policia-militar-de-valenca-divulga-balanco-com-muitas-ocorrencias\/","title":{"rendered":"Policia Militar de Valen\u00e7a divulga balan\u00e7o com muitas ocorr\u00eancias"},"content":{"rendered":"<figure id=\"attachment_23635\" aria-describedby=\"caption-attachment-23635\" style=\"width: 640px\" class=\"wp-caption aligncenter\"><a href=\"https:\/\/portalv1.com.br\/app\/wp-content\/uploads\/2016\/05\/valenca.jpg\"><img loading=\"lazy\" decoding=\"async\" class=\"size-full wp-image-23635\" src=\"https:\/\/portalv1.com.br\/app\/wp-content\/uploads\/2016\/05\/valenca.jpg\" alt=\"Capit\u00e3o Antonio Santos e membros do Conselho Tutelar de Valen\u00e7a \" width=\"640\" height=\"360\" srcset=\"https:\/\/portalv1.com.br\/app\/wp-content\/uploads\/2016\/05\/valenca.jpg 640w, https:\/\/portalv1.com.br\/app\/wp-content\/uploads\/2016\/05\/valenca-300x169.jpg 300w\" sizes=\"auto, (max-width: 640px) 100vw, 640px\" \/><\/a><figcaption id=\"caption-attachment-23635\" class=\"wp-caption-text\">Capit\u00e3o Antonio Santos e membros do Conselho Tutelar de Valen\u00e7a<\/figcaption><\/figure>\n<p><strong>PM e Conselho Tutelar definem a\u00e7\u00f5es para Campanha de Combate \u00e0 Explora\u00e7\u00e3o Sexual<\/strong><\/p>\n<p>A data de 18 de maio \u00e9 conhecida como sendo o Dia Nacional de Combate ao Abuso e Explora\u00e7\u00e3o Sexual de Crian\u00e7as e Adolescentes.\u00a0Pensando nesse aspecto, \u00f3rg\u00e3os como a Pol\u00edcia Militar e Conselho Tutelar estiveram definindo a\u00e7\u00f5es no intuito de promover uma blitz educativa \/informativa, al\u00e9m de panfletagem e orienta\u00e7\u00f5es \u00e0 popula\u00e7\u00e3o de Valen\u00e7a.\u00a0O evento ocorrer\u00e1 na pr\u00f3xima quarta, 18 de maio \u00e0 partir das 07:30h da manh\u00e3 no entorno do Terminal Rodovi\u00e1rio de Valen\u00e7a.<\/p>\n<div class=\"text_exposed_show\">\n<p><strong>A\u00e7\u00e3o integrada apreende ve\u00edculos roubados\/furtados na regi\u00e3o de Valen\u00e7a<\/strong><\/p>\n<p>Ap\u00f3s a\u00e7\u00e3o integrada, as pol\u00edcias Civil, Militar e For\u00e7a T\u00e1tica realizaram nas cidades de V\u00e1rzea Grande e Valen\u00e7a a apreens\u00e3o de 01 Honda Civic e 01 Pick Up Saveiro.\u00a0O condutor da Saveiro, ao avistar as equipes da pol\u00edcia fugiu do local, enquanto o condutor do Honda Civic foi apresentado na delegacia regional de Valen\u00e7a.<\/p>\n<p><strong>Pol\u00edcia apreende drogas na PI 120<\/strong><\/p>\n<p>Durante abordagem na madrugada de hoje (17) na PI 120, entre as cidades de Valen\u00e7a e Novo Oriente, equipes das pol\u00edcias Civil e Militar encontraram em poder de Josiel Matos Cruz, 16 pedras de crack, um cigarro de maconha e a quantia de R$: 657,00.\u00a0Ap\u00f3s a pris\u00e3o, Josiel Matos foi encaminhado para delegacia regional de pol\u00edcia civil.<\/p>\n<p><strong>A\u00e7\u00e3o integrada realiza pris\u00e3o de traficante e apreende drogas em Valen\u00e7a<\/strong><\/p>\n<p>Uma a\u00e7\u00e3o conjunta entre as pol\u00edcias Civil, Militar e For\u00e7a T\u00e1tica de Valen\u00e7a nas primeiras horas de hoje (17), resultou na pris\u00e3o de Francisco Ronaldo de Castro Silva Pereira e a menor de iniciais L. B. S. C (15).\u00a0Na resid\u00eancia dos suspeitos, localizada na Rua Projetada 7, 343 no bairro Valencinha a pol\u00edcia encontrou tabletes de maconha, \u00e0 qual encontrava -se enterrada no quintal da moradia, pedras de <span class=\"text_exposed_show\">crack e por\u00e7\u00f5es de maconha embaladas para venda.\u00a0<\/span>A Pol\u00edcia estima que a droga encontrada renderia ao traficante ap\u00f3s vendida algo em torno de R$: 20.000,00 \u00e0 R$: 30.000,00. Ap\u00f3s a pris\u00e3o, o casal foi apresentado na Delegacia Regional de Pol\u00edcia Civil para autua\u00e7\u00e3o.<\/p>\n<p><strong>PM realiza pris\u00e3o de vereador ap\u00f3s abordagem<\/strong><\/p>\n<p>O vereador Marcos Tacio Lopes de Farias foi preso em flagrante por uma equipe da Pol\u00edcia Militar na cidade de Elesb\u00e3o Veloso.<\/p>\n<p>Os Policiais estavam realizando uma barreira nas proximidades do Terminal Rodovi\u00e1rio local, \u00e0 qual objetivava coibir il\u00edcitos e apreender armas e drogas; ocasi\u00e3o esta em que acontecia as festas alusivas ao anivers\u00e1rio da cidade.<\/p>\n<div class=\"text_exposed_show\">\n<p>Por volta das 03h da manh\u00e3, a equipe flagrou um ve\u00edculo em alta velocidade e ap\u00f3s a intercepta\u00e7\u00e3o; deu ordem de parada ao motorista e comandos para a abordagem ser realizada.<\/p>\n<p>De imediato Marcos Tacio Farias recusou -se a obedecer os policiais, bem como os desacatou e resistiu \u00e0 ordem de pris\u00e3o. Ap\u00f3s ser dominado, o vereador foi conduzido \u00e0 delegacia local, posteriormente o exame de alcoolemia foi realizado, o qual comprovou os n\u00edveis acima do permitido no sangue para o \u00e1lcool.\u00a0Marcos Tacio foi autuado por dirigir embriagado, al\u00e9m dos crimes de desacato,resist\u00eancia e amea\u00e7a.<\/p>\n<p><strong>For\u00e7a T\u00e1tica apreende arma de fogo durante abordagem<\/strong><\/p>\n<p>A For\u00e7a T\u00e1tica da Pol\u00edcia Militar de Valen\u00e7a apreendeu na madrugada da ultima sexta-feira (13) na cidade de Elesbao Veloso um rev\u00f3lver calibre 38 com 06 muni\u00e7\u00f5es intactas.<\/p>\n<p>A abordagem ocorreu durante barreira policial nas proximidades da rodovi\u00e1ria local, ocasi\u00e3o em que era comemorado o anivers\u00e1rio da cidade.<\/p>\n<div class=\"text_exposed_show\">\n<p>A arma foi encontrada no interior do ve\u00edculo de propriedade de Francisco Alves de Carvalho, o qual foi autuado por porte ilegal de arma de fogo<\/p>\n<\/div>\n<\/div>\n<p>Fonte: Policia Militar de Valen\u00e7a<\/p>\n<\/div>\n","protected":false},"excerpt":{"rendered":"<p>PM e Conselho Tutelar definem a\u00e7\u00f5es para Campanha de Combate \u00e0 Explora\u00e7\u00e3o Sexual A data de 18 de maio \u00e9 conhecida como sendo o Dia Nacional de Combate ao Abuso&#8230;<\/p>\n","protected":false},"author":1,"featured_media":23635,"comment_status":"open","ping_status":"open","sticky":false,"template":"","format":"standard","meta":{"ngg_post_thumbnail":0,"footnotes":""},"categories":[12],"tags":[],"class_list":["post-23634","post","type-post","status-publish","format-standard","has-post-thumbnail","hentry","category-valenca-news"],"views":626,"meta_data":{"thumb":"https:\/\/portalv1.com.br\/app\/wp-content\/uploads\/2016\/05\/valenca.jpg","imagem":{"fullsize":{"url":"https:\/\/portalv1.com.br\/app\/wp-content\/uploads\/2016\/05\/valenca.jpg","width":640,"height":360},"thumbnail":{"url":"https:\/\/portalv1.com.br\/app\/wp-content\/uploads\/2016\/05\/valenca-100x100.jpg","width":100,"height":100},"medium":{"url":"https:\/\/portalv1.com.br\/app\/wp-content\/uploads\/2016\/05\/valenca-300x169.jpg","width":300,"height":169},"large":{"url":"https:\/\/portalv1.com.br\/app\/wp-content\/uploads\/2016\/05\/valenca-640x360.jpg","width":640,"height":360}},"data":{"simple":"17\/05\/2016","date_time":"17\/05\/2016 07:15:34","date":"h\u00e1 10 anos"},"chapeu":"Muitas ocorr\u00eancias ","source":"m_destacada"},"_links":{"self":[{"href":"https:\/\/portalv1.com.br\/api\/wp\/v2\/posts\/23634","targetHints":{"allow":["GET"]}}],"collection":[{"href":"https:\/\/portalv1.com.br\/api\/wp\/v2\/posts"}],"about":[{"href":"https:\/\/portalv1.com.br\/api\/wp\/v2\/types\/post"}],"author":[{"embeddable":true,"href":"https:\/\/portalv1.com.br\/api\/wp\/v2\/users\/1"}],"replies":[{"embeddable":true,"href":"https:\/\/portalv1.com.br\/api\/wp\/v2\/comments?post=23634"}],"version-history":[{"count":0,"href":"https:\/\/portalv1.com.br\/api\/wp\/v2\/posts\/23634\/revisions"}],"wp:featuredmedia":[{"embeddable":true,"href":"https:\/\/portalv1.com.br\/api\/wp\/v2\/media\/23635"}],"wp:attachment":[{"href":"https:\/\/portalv1.com.br\/api\/wp\/v2\/media?parent=23634"}],"wp:term":[{"taxonomy":"category","embeddable":true,"href":"https:\/\/portalv1.com.br\/api\/wp\/v2\/categories?post=23634"},{"taxonomy":"post_tag","embeddable":true,"href":"https:\/\/portalv1.com.br\/api\/wp\/v2\/tags?post=23634"}],"curies":[{"name":"wp","href":"https:\/\/api.w.org\/{rel}","templated":true}]}}