{"id":23639,"date":"2016-05-17T18:22:22","date_gmt":"2016-05-17T21:22:22","guid":{"rendered":"https:\/\/portalv1.com.br\/?p=23639"},"modified":"2016-05-18T13:07:02","modified_gmt":"2016-05-18T16:07:02","slug":"projeto-sertao-empreendedor-e-realizado-em-pimenteiras-fotos","status":"publish","type":"post","link":"https:\/\/portalv1.com.br\/projeto-sertao-empreendedor-e-realizado-em-pimenteiras-fotos\/","title":{"rendered":"Projeto Sert\u00e3o Empreendedor \u00e9 realizado em Pimenteiras. Fotos"},"content":{"rendered":"<figure id=\"attachment_23640\" aria-describedby=\"caption-attachment-23640\" style=\"width: 640px\" class=\"wp-caption aligncenter\"><a href=\"https:\/\/portalv1.com.br\/app\/wp-content\/uploads\/2016\/05\/IMG-20160517-WA0082-Copia-Copia.jpg\"><img loading=\"lazy\" decoding=\"async\" class=\"size-full wp-image-23640\" src=\"https:\/\/portalv1.com.br\/app\/wp-content\/uploads\/2016\/05\/IMG-20160517-WA0082-Copia-Copia.jpg\" alt=\"Projeto Sert\u00e3o Empreendedor \" width=\"640\" height=\"360\" srcset=\"https:\/\/portalv1.com.br\/app\/wp-content\/uploads\/2016\/05\/IMG-20160517-WA0082-Copia-Copia.jpg 640w, https:\/\/portalv1.com.br\/app\/wp-content\/uploads\/2016\/05\/IMG-20160517-WA0082-Copia-Copia-300x169.jpg 300w\" sizes=\"auto, (max-width: 640px) 100vw, 640px\" \/><\/a><figcaption id=\"caption-attachment-23640\" class=\"wp-caption-text\">Projeto Sert\u00e3o Empreendedor<\/figcaption><\/figure>\n<p>Buscar alternativas para a conviv\u00eancia com o semi\u00e1rido \u00e9 um dos principais desafios da gest\u00e3o municipal. Em Pimenteiras, a prefeitura municipal, atrav\u00e9s da Secretaria de Agricultura est\u00e1 realizando em parceria com o SEBRAE o projeto Sert\u00e3o Empreendedor que visa qualificar os produtores com t\u00e9cnicas e orienta\u00e7\u00f5es em v\u00e1rios seguimentos rurais como a capta\u00e7\u00e3o h\u00eddrica produ\u00e7\u00e3o de forrageiras, ovinocaprinocultura, entre outras.<\/p>\n<p>Em Pimenteiras, o projeto acontece desde o ano passado beneficiando 20 produtores com assist\u00eancia t\u00e9cnica e capacita\u00e7\u00e3o em cinco comunidades da zona rural.<\/p>\n<p>Nessa ter\u00e7a-feira (17) foi realizada no Sindicato dos Trabalhadores Rurais uma reuni\u00e3o de avalia\u00e7\u00e3o do projeto que contou com a participa\u00e7\u00e3o de autoridades locais como a vice-prefeita Lucia Lacerda, ex-secret\u00e1rio de agricultura Reinaldo Paiva, coordenadores do SEBRAE, Merc\u00ea, Girlene e Eliomar, presidenta do Sindicato dos Trabalhadores Rurais Maz\u00e9 e tesoureira Teresinha.<\/p>\n<p>A vice-prefeita Lucia Lacerda ficou animada com o resultado do projeto e reafirmou o compromisso da gest\u00e3o municipal em patrocinar alternativas de conviv\u00eancia com a falta de chuvas como \u00e9 o caso do projeto em quest\u00e3o. Ela agradeceu aos t\u00e9cnicos do SEBRAE pela parceria que de acordo com a mesma est\u00e1 ajudando e muito os produtores envolvidos que por sua vez repassam os conhecimentos aos demais produtores.<\/p>\n<p><div class=\"ngg-galleryoverview\" data-widget=\"Galeria\" data-props='{&quot;galeria&quot;:{&quot;gallery_id&quot;:2179,&quot;total&quot;:9,&quot;max_page&quot;:1,&quot;page&quot;:1,&quot;images&quot;:[{&quot;pid&quot;:48292,&quot;imageURL&quot;:&quot;https:\\\/\\\/portalv1.com.br\\\/app\\\/wp-content\\\/gallery\\\/empreendedor\\\/img-20160517-wa0060.jpg&quot;,&quot;thumbnailURL&quot;:&quot;https:\\\/\\\/portalv1.com.br\\\/app\\\/wp-content\\\/gallery\\\/empreendedor\\\/thumbs\\\/thumbs_img-20160517-wa0060.jpg&quot;,&quot;description&quot;:&quot; &quot;,&quot;alttext&quot;:&quot;img-20160517-wa0060&quot;,&quot;style&quot;:&quot;&quot;},{&quot;pid&quot;:48293,&quot;imageURL&quot;:&quot;https:\\\/\\\/portalv1.com.br\\\/app\\\/wp-content\\\/gallery\\\/empreendedor\\\/img-20160517-wa0062.jpg&quot;,&quot;thumbnailURL&quot;:&quot;https:\\\/\\\/portalv1.com.br\\\/app\\\/wp-content\\\/gallery\\\/empreendedor\\\/thumbs\\\/thumbs_img-20160517-wa0062.jpg&quot;,&quot;description&quot;:&quot; &quot;,&quot;alttext&quot;:&quot;img-20160517-wa0062&quot;,&quot;style&quot;:&quot;&quot;},{&quot;pid&quot;:48294,&quot;imageURL&quot;:&quot;https:\\\/\\\/portalv1.com.br\\\/app\\\/wp-content\\\/gallery\\\/empreendedor\\\/img-20160517-wa0063.jpg&quot;,&quot;thumbnailURL&quot;:&quot;https:\\\/\\\/portalv1.com.br\\\/app\\\/wp-content\\\/gallery\\\/empreendedor\\\/thumbs\\\/thumbs_img-20160517-wa0063.jpg&quot;,&quot;description&quot;:&quot; &quot;,&quot;alttext&quot;:&quot;img-20160517-wa0063&quot;,&quot;style&quot;:&quot;&quot;},{&quot;pid&quot;:48295,&quot;imageURL&quot;:&quot;https:\\\/\\\/portalv1.com.br\\\/app\\\/wp-content\\\/gallery\\\/empreendedor\\\/img-20160517-wa0064.jpg&quot;,&quot;thumbnailURL&quot;:&quot;https:\\\/\\\/portalv1.com.br\\\/app\\\/wp-content\\\/gallery\\\/empreendedor\\\/thumbs\\\/thumbs_img-20160517-wa0064.jpg&quot;,&quot;description&quot;:&quot; &quot;,&quot;alttext&quot;:&quot;img-20160517-wa0064&quot;,&quot;style&quot;:&quot;&quot;},{&quot;pid&quot;:48296,&quot;imageURL&quot;:&quot;https:\\\/\\\/portalv1.com.br\\\/app\\\/wp-content\\\/gallery\\\/empreendedor\\\/img-20160517-wa0065.jpg&quot;,&quot;thumbnailURL&quot;:&quot;https:\\\/\\\/portalv1.com.br\\\/app\\\/wp-content\\\/gallery\\\/empreendedor\\\/thumbs\\\/thumbs_img-20160517-wa0065.jpg&quot;,&quot;description&quot;:&quot; &quot;,&quot;alttext&quot;:&quot;img-20160517-wa0065&quot;,&quot;style&quot;:&quot;&quot;},{&quot;pid&quot;:48297,&quot;imageURL&quot;:&quot;https:\\\/\\\/portalv1.com.br\\\/app\\\/wp-content\\\/gallery\\\/empreendedor\\\/img-20160517-wa0066.jpg&quot;,&quot;thumbnailURL&quot;:&quot;https:\\\/\\\/portalv1.com.br\\\/app\\\/wp-content\\\/gallery\\\/empreendedor\\\/thumbs\\\/thumbs_img-20160517-wa0066.jpg&quot;,&quot;description&quot;:&quot; &quot;,&quot;alttext&quot;:&quot;img-20160517-wa0066&quot;,&quot;style&quot;:&quot;&quot;},{&quot;pid&quot;:48298,&quot;imageURL&quot;:&quot;https:\\\/\\\/portalv1.com.br\\\/app\\\/wp-content\\\/gallery\\\/empreendedor\\\/img-20160517-wa0070.jpg&quot;,&quot;thumbnailURL&quot;:&quot;https:\\\/\\\/portalv1.com.br\\\/app\\\/wp-content\\\/gallery\\\/empreendedor\\\/thumbs\\\/thumbs_img-20160517-wa0070.jpg&quot;,&quot;description&quot;:&quot; &quot;,&quot;alttext&quot;:&quot;img-20160517-wa0070&quot;,&quot;style&quot;:&quot;&quot;},{&quot;pid&quot;:48299,&quot;imageURL&quot;:&quot;https:\\\/\\\/portalv1.com.br\\\/app\\\/wp-content\\\/gallery\\\/empreendedor\\\/img-20160517-wa0072.jpg&quot;,&quot;thumbnailURL&quot;:&quot;https:\\\/\\\/portalv1.com.br\\\/app\\\/wp-content\\\/gallery\\\/empreendedor\\\/thumbs\\\/thumbs_img-20160517-wa0072.jpg&quot;,&quot;description&quot;:&quot; &quot;,&quot;alttext&quot;:&quot;img-20160517-wa0072&quot;,&quot;style&quot;:&quot;&quot;},{&quot;pid&quot;:48300,&quot;imageURL&quot;:&quot;https:\\\/\\\/portalv1.com.br\\\/app\\\/wp-content\\\/gallery\\\/empreendedor\\\/img-20160517-wa0082-copia-copia.jpg&quot;,&quot;thumbnailURL&quot;:&quot;https:\\\/\\\/portalv1.com.br\\\/app\\\/wp-content\\\/gallery\\\/empreendedor\\\/thumbs\\\/thumbs_img-20160517-wa0082-copia-copia.jpg&quot;,&quot;description&quot;:&quot; &quot;,&quot;alttext&quot;:&quot;img-20160517-wa0082-copia-copia&quot;,&quot;style&quot;:&quot;&quot;}]}}'><\/div>.<\/p>\n<p>&nbsp;<\/p>\n<p>&nbsp;<\/p>\n","protected":false},"excerpt":{"rendered":"<p>Buscar alternativas para a conviv\u00eancia com o semi\u00e1rido \u00e9 um dos principais desafios da gest\u00e3o municipal. Em Pimenteiras, a prefeitura municipal, atrav\u00e9s da Secretaria de Agricultura est\u00e1 realizando em parceria&#8230;<\/p>\n","protected":false},"author":1,"featured_media":23640,"comment_status":"open","ping_status":"open","sticky":false,"template":"","format":"standard","meta":{"ngg_post_thumbnail":0,"footnotes":""},"categories":[12],"tags":[],"class_list":["post-23639","post","type-post","status-publish","format-standard","has-post-thumbnail","hentry","category-valenca-news"],"views":289,"meta_data":{"thumb":"https:\/\/portalv1.com.br\/app\/wp-content\/uploads\/2016\/05\/IMG-20160517-WA0082-Copia-Copia.jpg","imagem":{"fullsize":{"url":"https:\/\/portalv1.com.br\/app\/wp-content\/uploads\/2016\/05\/IMG-20160517-WA0082-Copia-Copia.jpg","width":640,"height":360},"thumbnail":{"url":"https:\/\/portalv1.com.br\/app\/wp-content\/uploads\/2016\/05\/IMG-20160517-WA0082-Copia-Copia-100x100.jpg","width":100,"height":100},"medium":{"url":"https:\/\/portalv1.com.br\/app\/wp-content\/uploads\/2016\/05\/IMG-20160517-WA0082-Copia-Copia-300x169.jpg","width":300,"height":169},"large":{"url":"https:\/\/portalv1.com.br\/app\/wp-content\/uploads\/2016\/05\/IMG-20160517-WA0082-Copia-Copia-640x360.jpg","width":640,"height":360}},"data":{"simple":"17\/05\/2016","date_time":"17\/05\/2016 15:22:22","date":"h\u00e1 10 anos"},"chapeu":"Semi\u00e1rido ","source":"retirar"},"_links":{"self":[{"href":"https:\/\/portalv1.com.br\/api\/wp\/v2\/posts\/23639","targetHints":{"allow":["GET"]}}],"collection":[{"href":"https:\/\/portalv1.com.br\/api\/wp\/v2\/posts"}],"about":[{"href":"https:\/\/portalv1.com.br\/api\/wp\/v2\/types\/post"}],"author":[{"embeddable":true,"href":"https:\/\/portalv1.com.br\/api\/wp\/v2\/users\/1"}],"replies":[{"embeddable":true,"href":"https:\/\/portalv1.com.br\/api\/wp\/v2\/comments?post=23639"}],"version-history":[{"count":0,"href":"https:\/\/portalv1.com.br\/api\/wp\/v2\/posts\/23639\/revisions"}],"wp:featuredmedia":[{"embeddable":true,"href":"https:\/\/portalv1.com.br\/api\/wp\/v2\/media\/23640"}],"wp:attachment":[{"href":"https:\/\/portalv1.com.br\/api\/wp\/v2\/media?parent=23639"}],"wp:term":[{"taxonomy":"category","embeddable":true,"href":"https:\/\/portalv1.com.br\/api\/wp\/v2\/categories?post=23639"},{"taxonomy":"post_tag","embeddable":true,"href":"https:\/\/portalv1.com.br\/api\/wp\/v2\/tags?post=23639"}],"curies":[{"name":"wp","href":"https:\/\/api.w.org\/{rel}","templated":true}]}}