{"id":236415,"date":"2025-06-17T14:01:47","date_gmt":"2025-06-17T17:01:47","guid":{"rendered":"https:\/\/portalv1.com.br\/?p=236415"},"modified":"2025-06-17T14:02:09","modified_gmt":"2025-06-17T17:02:09","slug":"prefeitura-de-valenca-do-piaui-decreta-ponto-facultativo-no-feriado-de-corpus-christi","status":"publish","type":"post","link":"https:\/\/portalv1.com.br\/prefeitura-de-valenca-do-piaui-decreta-ponto-facultativo-no-feriado-de-corpus-christi\/","title":{"rendered":"Prefeitura de Valen\u00e7a do Piau\u00ed decreta ponto facultativo no feriado de Corpus Christi"},"content":{"rendered":"\n<p>A Prefeitura de Valen\u00e7a do Piau\u00ed baixou o Decreto n\u00ba 33\/2025, estabelecendo ponto facultativo nas reparti\u00e7\u00f5es p\u00fablicas municipais nesta quinta-feira, 19 de junho, durante o feriado de Corpus Christi.<\/p>\n\n\n\n<p>\u201cFica decretado ponto facultativo no dia 19 de junho de 2025, em todos os \u00f3rg\u00e3os da Administra\u00e7\u00e3o P\u00fablica Municipal de Valen\u00e7a do Piau\u00ed-PI\u201d diz o Artigo 1\u00ba do Decreto que ainda informa.<\/p>\n\n\n\n<p>\u201cAs atividades essenciais de sa\u00fade e limpeza urbana manter\u00e3o os servi\u00e7os em atividade m\u00ednima e indispens\u00e1vel \u00e0 popula\u00e7\u00e3o, sobre os quais decidir\u00e1 o \u00f3rg\u00e3o competente acerca do seu funcionamento\u201d afirma o decreto assinado pelo prefeito Marcelo Costa. <\/p>\n\n\n\n<div data-wp-interactive=\"core\/file\" class=\"wp-block-file\"><object data-wp-bind--hidden=\"!state.hasPdfPreview\" hidden class=\"wp-block-file__embed\" data=\"https:\/\/portalv1.com.br\/app\/wp-content\/uploads\/2025\/06\/DECRETO-No-33-2024-Corpus-Christi-PONTO-FACULTATIVO.pdf\" type=\"application\/pdf\" style=\"width:100%;height:600px\" aria-label=\"Incorporado de DECRETO  N\u00ba 33- 2024  - Corpus Christi - PONTO FACULTATIVO.\"><\/object><a id=\"wp-block-file--media-4dc2f971-6cc5-4aee-8ace-0b741e8ba4dc\" href=\"https:\/\/portalv1.com.br\/app\/wp-content\/uploads\/2025\/06\/DECRETO-No-33-2024-Corpus-Christi-PONTO-FACULTATIVO.pdf\">DECRETO  N\u00ba 33- 2024  &#8211; Corpus Christi &#8211; PONTO FACULTATIVO<\/a><a href=\"https:\/\/portalv1.com.br\/app\/wp-content\/uploads\/2025\/06\/DECRETO-No-33-2024-Corpus-Christi-PONTO-FACULTATIVO.pdf\" class=\"wp-block-file__button wp-element-button\" download aria-describedby=\"wp-block-file--media-4dc2f971-6cc5-4aee-8ace-0b741e8ba4dc\">Baixar<\/a><\/div>\n\n\n\n<p><\/p>\n","protected":false},"excerpt":{"rendered":"<p>A Prefeitura de Valen\u00e7a do Piau\u00ed baixou o Decreto n\u00ba 33\/2025, estabelecendo ponto facultativo nas reparti\u00e7\u00f5es p\u00fablicas municipais nesta quinta-feira, 19 de junho, durante o feriado de Corpus Christi. \u201cFica&#8230;<\/p>\n","protected":false},"author":1,"featured_media":236417,"comment_status":"open","ping_status":"open","sticky":false,"template":"","format":"standard","meta":{"ngg_post_thumbnail":0,"footnotes":""},"categories":[243],"tags":[],"class_list":["post-236415","post","type-post","status-publish","format-standard","has-post-thumbnail","hentry","category-geral"],"views":743,"meta_data":{"thumb":"https:\/\/portalv1.com.br\/app\/wp-content\/uploads\/2025\/06\/VALENCA.jpg","imagem":{"fullsize":{"url":"https:\/\/portalv1.com.br\/app\/wp-content\/uploads\/2025\/06\/VALENCA.jpg","width":960,"height":540},"medium":{"url":"https:\/\/portalv1.com.br\/app\/wp-content\/uploads\/2025\/06\/VALENCA-300x169.jpg","width":300,"height":169},"large":{"url":"https:\/\/portalv1.com.br\/app\/wp-content\/uploads\/2025\/06\/VALENCA-640x360.jpg","width":640,"height":360},"thumbnail":{"url":"https:\/\/portalv1.com.br\/app\/wp-content\/uploads\/2025\/06\/VALENCA-100x100.jpg","width":100,"height":100},"medium_large":{"url":"https:\/\/portalv1.com.br\/app\/wp-content\/uploads\/2025\/06\/VALENCA-768x432.jpg","width":768,"height":432}},"data":{"simple":"17\/06\/2025","date_time":"17\/06\/2025 11:01:47","date":"h\u00e1 11 meses"},"chapeu":"Veja detalhes ","source":"m_destacada"},"_links":{"self":[{"href":"https:\/\/portalv1.com.br\/api\/wp\/v2\/posts\/236415","targetHints":{"allow":["GET"]}}],"collection":[{"href":"https:\/\/portalv1.com.br\/api\/wp\/v2\/posts"}],"about":[{"href":"https:\/\/portalv1.com.br\/api\/wp\/v2\/types\/post"}],"author":[{"embeddable":true,"href":"https:\/\/portalv1.com.br\/api\/wp\/v2\/users\/1"}],"replies":[{"embeddable":true,"href":"https:\/\/portalv1.com.br\/api\/wp\/v2\/comments?post=236415"}],"version-history":[{"count":0,"href":"https:\/\/portalv1.com.br\/api\/wp\/v2\/posts\/236415\/revisions"}],"wp:featuredmedia":[{"embeddable":true,"href":"https:\/\/portalv1.com.br\/api\/wp\/v2\/media\/236417"}],"wp:attachment":[{"href":"https:\/\/portalv1.com.br\/api\/wp\/v2\/media?parent=236415"}],"wp:term":[{"taxonomy":"category","embeddable":true,"href":"https:\/\/portalv1.com.br\/api\/wp\/v2\/categories?post=236415"},{"taxonomy":"post_tag","embeddable":true,"href":"https:\/\/portalv1.com.br\/api\/wp\/v2\/tags?post=236415"}],"curies":[{"name":"wp","href":"https:\/\/api.w.org\/{rel}","templated":true}]}}