{"id":236911,"date":"2025-06-27T12:04:30","date_gmt":"2025-06-27T15:04:30","guid":{"rendered":"https:\/\/portalv1.com.br\/?p=236911"},"modified":"2025-06-27T12:07:05","modified_gmt":"2025-06-27T15:07:05","slug":"236911-2","status":"publish","type":"post","link":"https:\/\/portalv1.com.br\/236911-2\/","title":{"rendered":"PRF apreende cerca de 140 kg de coca\u00edna em \u00f4nibus apreendido em Valen\u00e7a"},"content":{"rendered":"\n<p>Em continuidade \u00e0 apreens\u00e3o realizada na \u00faltima quarta-feira (25), quando foram apreendidos 27,5 kg de cloridrato de coca\u00edna em um \u00f4nibus abordado na BR-316, a Pol\u00edcia Rodovi\u00e1ria Federal (PRF) localizou, nesta sexta-feira (27), mais 139 kg da mesma subst\u00e2ncia, escondidos em compartimentos ocultos no interior do mesmo ve\u00edculo.<\/p>\n\n\n\n<p>O \u00f4nibus de linha interestadual, modelo M. Benz\/Marcopolo Paradiso R, permaneceu retido no posto da PRF para averigua\u00e7\u00f5es detalhadas, diante de ind\u00edcios de que poderia haver mais entorpecentes a bordo. Durante nova inspe\u00e7\u00e3o de uma equipe especializada, os policiais identificaram estruturas ocultas adaptadas na parte inferior do ve\u00edculo.<\/p>\n\n\n\n<p>Dentro desses compartimentos foram encontrados diversos tabletes de coca\u00edna, acondicionados de forma a dificultar a detec\u00e7\u00e3o. Com essa nova descoberta, o total de droga apreendida no ve\u00edculo chega a impressionantes 166 kg.<\/p>\n\n\n\n<p>Os dois homens detidos na primeira abordagem, ambos com 40 anos, continuam presos e agora responder\u00e3o por toda a carga encontrada. Eles s\u00e3o acusados de tr\u00e1fico de drogas, conforme o Artigo 33 da Lei n\u00ba 11.343\/2006, que prev\u00ea pena de 5 a 15 anos de reclus\u00e3o, al\u00e9m de multa. A quantidade e o m\u00e9todo de oculta\u00e7\u00e3o podem agravar a situa\u00e7\u00e3o penal dos envolvidos.<\/p>\n\n\n\n<p>A ocorr\u00eancia foi encaminhada \u00e0 Delegacia da Pol\u00edcia Civil do local, que dar\u00e1 continuidade \u00e0s investiga\u00e7\u00f5es para apurar a origem e o destino da droga.<\/p>\n\n\n<figure class=\"wp-block-post-featured-image\"><img loading=\"lazy\" decoding=\"async\" width=\"432\" height=\"768\" src=\"https:\/\/portalv1.com.br\/app\/wp-content\/uploads\/2025\/06\/ef8b39cd-90c2-4c28-bdf1-dbce8b12c8f3.jpeg\" class=\"attachment-post-thumbnail size-post-thumbnail wp-post-image\" alt=\"\" style=\"object-fit:cover;\" srcset=\"https:\/\/portalv1.com.br\/app\/wp-content\/uploads\/2025\/06\/ef8b39cd-90c2-4c28-bdf1-dbce8b12c8f3.jpeg 432w, https:\/\/portalv1.com.br\/app\/wp-content\/uploads\/2025\/06\/ef8b39cd-90c2-4c28-bdf1-dbce8b12c8f3-300x533.jpeg 300w\" sizes=\"auto, (max-width: 432px) 100vw, 432px\" \/><\/figure>","protected":false},"excerpt":{"rendered":"<p>Em continuidade \u00e0 apreens\u00e3o realizada na \u00faltima quarta-feira (25), quando foram apreendidos 27,5 kg de cloridrato de coca\u00edna em um \u00f4nibus abordado na BR-316, a Pol\u00edcia Rodovi\u00e1ria Federal (PRF) localizou,&#8230;<\/p>\n","protected":false},"author":1,"featured_media":236912,"comment_status":"open","ping_status":"open","sticky":false,"template":"","format":"standard","meta":{"ngg_post_thumbnail":0,"footnotes":""},"categories":[243],"tags":[],"class_list":["post-236911","post","type-post","status-publish","format-standard","has-post-thumbnail","hentry","category-geral"],"views":774,"meta_data":{"thumb":"https:\/\/portalv1.com.br\/app\/wp-content\/uploads\/2025\/06\/ef8b39cd-90c2-4c28-bdf1-dbce8b12c8f3.jpeg","imagem":{"fullsize":{"url":"https:\/\/portalv1.com.br\/app\/wp-content\/uploads\/2025\/06\/ef8b39cd-90c2-4c28-bdf1-dbce8b12c8f3.jpeg","width":432,"height":768},"medium":{"url":"https:\/\/portalv1.com.br\/app\/wp-content\/uploads\/2025\/06\/ef8b39cd-90c2-4c28-bdf1-dbce8b12c8f3-300x533.jpeg","width":300,"height":533},"thumbnail":{"url":"https:\/\/portalv1.com.br\/app\/wp-content\/uploads\/2025\/06\/ef8b39cd-90c2-4c28-bdf1-dbce8b12c8f3-100x100.jpeg","width":100,"height":100}},"data":{"simple":"27\/06\/2025","date_time":"27\/06\/2025 09:04:30","date":"h\u00e1 10 meses"},"chapeu":"Veja como foi","source":"slide"},"_links":{"self":[{"href":"https:\/\/portalv1.com.br\/api\/wp\/v2\/posts\/236911","targetHints":{"allow":["GET"]}}],"collection":[{"href":"https:\/\/portalv1.com.br\/api\/wp\/v2\/posts"}],"about":[{"href":"https:\/\/portalv1.com.br\/api\/wp\/v2\/types\/post"}],"author":[{"embeddable":true,"href":"https:\/\/portalv1.com.br\/api\/wp\/v2\/users\/1"}],"replies":[{"embeddable":true,"href":"https:\/\/portalv1.com.br\/api\/wp\/v2\/comments?post=236911"}],"version-history":[{"count":0,"href":"https:\/\/portalv1.com.br\/api\/wp\/v2\/posts\/236911\/revisions"}],"wp:featuredmedia":[{"embeddable":true,"href":"https:\/\/portalv1.com.br\/api\/wp\/v2\/media\/236912"}],"wp:attachment":[{"href":"https:\/\/portalv1.com.br\/api\/wp\/v2\/media?parent=236911"}],"wp:term":[{"taxonomy":"category","embeddable":true,"href":"https:\/\/portalv1.com.br\/api\/wp\/v2\/categories?post=236911"},{"taxonomy":"post_tag","embeddable":true,"href":"https:\/\/portalv1.com.br\/api\/wp\/v2\/tags?post=236911"}],"curies":[{"name":"wp","href":"https:\/\/api.w.org\/{rel}","templated":true}]}}