{"id":237115,"date":"2025-07-02T19:18:32","date_gmt":"2025-07-02T22:18:32","guid":{"rendered":"https:\/\/portalv1.com.br\/?p=237115"},"modified":"2025-07-02T19:18:33","modified_gmt":"2025-07-02T22:18:33","slug":"tribunal-do-juri-condena-homem-a-14-anos-de-prisao-por-homicidio-em-lagoa-do-sitio","status":"publish","type":"post","link":"https:\/\/portalv1.com.br\/tribunal-do-juri-condena-homem-a-14-anos-de-prisao-por-homicidio-em-lagoa-do-sitio\/","title":{"rendered":"Tribunal do J\u00fari condena homem a 14 anos de pris\u00e3o por homic\u00eddio em Lagoa do S\u00edtio"},"content":{"rendered":"\n<p>Francisco Orlando Vieira de S\u00e1 foi condenado a 14 anos e 3 meses de reclus\u00e3o pela morte de La\u00e9rcio Francisco de Sousa Alves. O julgamento ocorreu nesta ter\u00e7a-feira, 1\u00ba de julho, durante sess\u00e3o do Tribunal do J\u00fari da 1\u00aa Vara da Comarca de Valen\u00e7a do Piau\u00ed.<\/p>\n\n\n\n<p>O crime aconteceu na madrugada do dia 31 de dezembro de 2022, por volta de 1h, no bairro Angico, em Lagoa do S\u00edtio. A v\u00edtima e o r\u00e9u participavam de um evento festivo realizado em um bar da cidade. Segundo a den\u00fancia, ambos estavam em mesas separadas, consumindo bebida alco\u00f3lica.<\/p>\n\n\n\n<p>Em determinado momento, Francisco Orlando teria se aproximado de La\u00e9rcio, que estava sozinho e embriagado, e o conduziu at\u00e9 as proximidades de um cemit\u00e9rio, onde desferiu um golpe de faca na regi\u00e3o do t\u00f3rax da v\u00edtima. O corpo foi encontrado na manh\u00e3 seguinte.<\/p>\n\n\n\n<p>Ainda de acordo com o Minist\u00e9rio P\u00fablico, ap\u00f3s o crime, o acusado retornou ao local da festa apenas para buscar seu capacete e, em seguida, deixou o local.<\/p>\n\n\n\n<p>Durante a sess\u00e3o, ap\u00f3s os debates entre acusa\u00e7\u00e3o e defesa, o Conselho de Senten\u00e7a, por maioria de votos, reconheceu a autoria e a materialidade dos fatos, acolhendo a tese de homic\u00eddio qualificado por motivo f\u00fatil e pelo emprego de recurso que dificultou a defesa da v\u00edtima.<\/p>\n\n\n\n<p>A sess\u00e3o foi presidida pelo juiz Dr. Jos\u00e9 Sodr\u00e9, e o Minist\u00e9rio P\u00fablico foi representado pela promotora de Justi\u00e7a, Dra. D\u00e9bora Arag\u00e3o. A defesa foi exercida pelos advogados Eduardo Rodrigues, Cintia Santos, Janet Kathherine, Mayara Carvalho e Rol\u00e2ndia Barros.<\/p>\n\n\n<figure class=\"wp-block-post-featured-image\"><img loading=\"lazy\" decoding=\"async\" width=\"640\" height=\"397\" src=\"https:\/\/portalv1.com.br\/app\/wp-content\/uploads\/2018\/05\/C-1024x635-Copy.jpg\" class=\"attachment-post-thumbnail size-post-thumbnail wp-post-image\" alt=\"\" style=\"object-fit:cover;\" srcset=\"https:\/\/portalv1.com.br\/app\/wp-content\/uploads\/2018\/05\/C-1024x635-Copy.jpg 640w, https:\/\/portalv1.com.br\/app\/wp-content\/uploads\/2018\/05\/C-1024x635-Copy-300x186.jpg 300w\" sizes=\"auto, (max-width: 640px) 100vw, 640px\" \/><\/figure>","protected":false},"excerpt":{"rendered":"<p>Francisco Orlando Vieira de S\u00e1 foi condenado a 14 anos e 3 meses de reclus\u00e3o pela morte de La\u00e9rcio Francisco de Sousa Alves. O julgamento ocorreu nesta ter\u00e7a-feira, 1\u00ba de&#8230;<\/p>\n","protected":false},"author":1,"featured_media":50604,"comment_status":"open","ping_status":"open","sticky":false,"template":"","format":"standard","meta":{"ngg_post_thumbnail":0,"footnotes":""},"categories":[243],"tags":[],"class_list":["post-237115","post","type-post","status-publish","format-standard","has-post-thumbnail","hentry","category-geral"],"views":962,"meta_data":{"thumb":"https:\/\/portalv1.com.br\/app\/wp-content\/uploads\/2018\/05\/C-1024x635-Copy.jpg","imagem":{"fullsize":{"url":"https:\/\/portalv1.com.br\/app\/wp-content\/uploads\/2018\/05\/C-1024x635-Copy.jpg","width":640,"height":397},"thumbnail":{"url":"https:\/\/portalv1.com.br\/app\/wp-content\/uploads\/2018\/05\/C-1024x635-Copy-100x100.jpg","width":100,"height":100},"medium":{"url":"https:\/\/portalv1.com.br\/app\/wp-content\/uploads\/2018\/05\/C-1024x635-Copy-300x186.jpg","width":300,"height":186},"large":{"url":"https:\/\/portalv1.com.br\/app\/wp-content\/uploads\/2018\/05\/C-1024x635-Copy-640x397.jpg","width":640,"height":397}},"data":{"simple":"02\/07\/2025","date_time":"02\/07\/2025 16:18:32","date":"h\u00e1 10 meses"},"chapeu":"Saiba mais","source":"slide"},"_links":{"self":[{"href":"https:\/\/portalv1.com.br\/api\/wp\/v2\/posts\/237115","targetHints":{"allow":["GET"]}}],"collection":[{"href":"https:\/\/portalv1.com.br\/api\/wp\/v2\/posts"}],"about":[{"href":"https:\/\/portalv1.com.br\/api\/wp\/v2\/types\/post"}],"author":[{"embeddable":true,"href":"https:\/\/portalv1.com.br\/api\/wp\/v2\/users\/1"}],"replies":[{"embeddable":true,"href":"https:\/\/portalv1.com.br\/api\/wp\/v2\/comments?post=237115"}],"version-history":[{"count":0,"href":"https:\/\/portalv1.com.br\/api\/wp\/v2\/posts\/237115\/revisions"}],"wp:featuredmedia":[{"embeddable":true,"href":"https:\/\/portalv1.com.br\/api\/wp\/v2\/media\/50604"}],"wp:attachment":[{"href":"https:\/\/portalv1.com.br\/api\/wp\/v2\/media?parent=237115"}],"wp:term":[{"taxonomy":"category","embeddable":true,"href":"https:\/\/portalv1.com.br\/api\/wp\/v2\/categories?post=237115"},{"taxonomy":"post_tag","embeddable":true,"href":"https:\/\/portalv1.com.br\/api\/wp\/v2\/tags?post=237115"}],"curies":[{"name":"wp","href":"https:\/\/api.w.org\/{rel}","templated":true}]}}