{"id":23817,"date":"2016-06-10T10:32:23","date_gmt":"2016-06-10T13:32:23","guid":{"rendered":"https:\/\/portalv1.com.br\/?p=23817"},"modified":"2016-06-10T10:32:23","modified_gmt":"2016-06-10T13:32:23","slug":"aabb-delegacao-de-valenca-embarca-para-jesab-em-floriano","status":"publish","type":"post","link":"https:\/\/portalv1.com.br\/aabb-delegacao-de-valenca-embarca-para-jesab-em-floriano\/","title":{"rendered":"AABB: Delega\u00e7\u00e3o de Valen\u00e7a embarca para JESAB em Floriano"},"content":{"rendered":"<figure id=\"attachment_23818\" aria-describedby=\"caption-attachment-23818\" style=\"width: 640px\" class=\"wp-caption aligncenter\"><a href=\"https:\/\/portalv1.com.br\/app\/wp-content\/uploads\/2016\/06\/4.jpg\"><img loading=\"lazy\" decoding=\"async\" class=\"size-large wp-image-23818\" src=\"https:\/\/portalv1.com.br\/app\/wp-content\/uploads\/2016\/06\/4-640x358.jpg\" alt=\"AABB de Valen\u00e7a \" width=\"640\" height=\"358\" srcset=\"https:\/\/portalv1.com.br\/app\/wp-content\/uploads\/2016\/06\/4-640x358.jpg 640w, https:\/\/portalv1.com.br\/app\/wp-content\/uploads\/2016\/06\/4-300x168.jpg 300w, https:\/\/portalv1.com.br\/app\/wp-content\/uploads\/2016\/06\/4-768x429.jpg 768w, https:\/\/portalv1.com.br\/app\/wp-content\/uploads\/2016\/06\/4.jpg 1024w\" sizes=\"auto, (max-width: 640px) 100vw, 640px\" \/><\/a><figcaption id=\"caption-attachment-23818\" class=\"wp-caption-text\">AABB de Valen\u00e7a<\/figcaption><\/figure>\n<p>Ter\u00e1 in\u00edcio neste s\u00e1bado na cidade de Floriano a Jornada Esportiva Estadual das AABB (JESAB) a cidade de Valen\u00e7a ser\u00e1 representada pelas equipes dos cinquent\u00f5es, quarent\u00f5es, trit\u00f5es e pela equipe do Futsal, al\u00e9m da sinuca e t\u00eanis de mesa.<\/p>\n<p>De acordo com o diretor de esportes da AABB e chefe da delega\u00e7\u00e3o Edilson Vieira a delega\u00e7\u00e3o de Valen\u00e7a ser\u00e1 composta por cerca de 70 atletas. Edilson Vieira afirmou que \u00e9 grande a possiblidade de medalhas das equipes valencianas. \u201cEstamos confiantes que iremos fazer uma bela participa\u00e7\u00e3o na competi\u00e7\u00e3o, nossos atletas est\u00e3o empolgados e certamente far\u00e3o bonito\u201d disse.<\/p>\n<p>Segundo Edilson Vieira al\u00e9m de participar da competi\u00e7\u00e3o a delega\u00e7\u00e3o valenciana levar\u00e1 uma proposta para sediar a competi\u00e7\u00e3o no pr\u00f3ximo ano. \u201cEssa possibilidade j\u00e1 foi discutida entre a dire\u00e7\u00e3o da AABB de Valen\u00e7a, atrav\u00e9s do presidente Zanildo Viana e a diretoria estadual das AABBs iremos oficializar esse pedido durante os jogos\u201d afirmou.<\/p>\n<p>A jornada esportiva estadual conta com a participa\u00e7\u00e3o das AABBs do estado do Piau\u00ed ser\u00e1 realizada no s\u00e1bado e domingo tem a coordena\u00e7\u00e3o do Conselho Regional de AABB (CESAB) com apoio da Federa\u00e7\u00e3o Nacional das AABB (FENAB). A delega\u00e7\u00e3o embarcar\u00e1 as 18h desta sexta-feira na rodovi\u00e1ria.<\/p>\n<p><div class=\"ngg-galleryoverview\" data-widget=\"Galeria\" data-props='{&quot;galeria&quot;:{&quot;gallery_id&quot;:2195,&quot;total&quot;:11,&quot;max_page&quot;:1,&quot;page&quot;:1,&quot;images&quot;:[{&quot;pid&quot;:48618,&quot;imageURL&quot;:&quot;https:\\\/\\\/portalv1.com.br\\\/app\\\/wp-content\\\/gallery\\\/aabb_4\\\/img-20160610-wa0002.jpg?t=1703929272&quot;,&quot;thumbnailURL&quot;:&quot;https:\\\/\\\/portalv1.com.br\\\/app\\\/wp-content\\\/gallery\\\/aabb_4\\\/thumbs\\\/thumbs_img-20160610-wa0002.jpg?t=1703929272&quot;,&quot;description&quot;:&quot; &quot;,&quot;alttext&quot;:&quot;img-20160610-wa0002&quot;,&quot;style&quot;:&quot;&quot;},{&quot;pid&quot;:48619,&quot;imageURL&quot;:&quot;https:\\\/\\\/portalv1.com.br\\\/app\\\/wp-content\\\/gallery\\\/aabb_4\\\/img-20160610-wa0003.jpg?t=1703929272&quot;,&quot;thumbnailURL&quot;:&quot;https:\\\/\\\/portalv1.com.br\\\/app\\\/wp-content\\\/gallery\\\/aabb_4\\\/thumbs\\\/thumbs_img-20160610-wa0003.jpg?t=1703929272&quot;,&quot;description&quot;:&quot; &quot;,&quot;alttext&quot;:&quot;img-20160610-wa0003&quot;,&quot;style&quot;:&quot;&quot;},{&quot;pid&quot;:48620,&quot;imageURL&quot;:&quot;https:\\\/\\\/portalv1.com.br\\\/app\\\/wp-content\\\/gallery\\\/aabb_4\\\/img-20160610-wa0004.jpg?t=1703929273&quot;,&quot;thumbnailURL&quot;:&quot;https:\\\/\\\/portalv1.com.br\\\/app\\\/wp-content\\\/gallery\\\/aabb_4\\\/thumbs\\\/thumbs_img-20160610-wa0004.jpg?t=1703929273&quot;,&quot;description&quot;:&quot; &quot;,&quot;alttext&quot;:&quot;img-20160610-wa0004&quot;,&quot;style&quot;:&quot;&quot;},{&quot;pid&quot;:48621,&quot;imageURL&quot;:&quot;https:\\\/\\\/portalv1.com.br\\\/app\\\/wp-content\\\/gallery\\\/aabb_4\\\/1.jpg?t=1703929273&quot;,&quot;thumbnailURL&quot;:&quot;https:\\\/\\\/portalv1.com.br\\\/app\\\/wp-content\\\/gallery\\\/aabb_4\\\/thumbs\\\/thumbs_1.jpg?t=1703929273&quot;,&quot;description&quot;:&quot; &quot;,&quot;alttext&quot;:&quot;1&quot;,&quot;style&quot;:&quot;&quot;},{&quot;pid&quot;:48622,&quot;imageURL&quot;:&quot;https:\\\/\\\/portalv1.com.br\\\/app\\\/wp-content\\\/gallery\\\/aabb_4\\\/2.jpg?t=1703929273&quot;,&quot;thumbnailURL&quot;:&quot;https:\\\/\\\/portalv1.com.br\\\/app\\\/wp-content\\\/gallery\\\/aabb_4\\\/thumbs\\\/thumbs_2.jpg?t=1703929273&quot;,&quot;description&quot;:&quot; &quot;,&quot;alttext&quot;:&quot;2&quot;,&quot;style&quot;:&quot;&quot;},{&quot;pid&quot;:48623,&quot;imageURL&quot;:&quot;https:\\\/\\\/portalv1.com.br\\\/app\\\/wp-content\\\/gallery\\\/aabb_4\\\/3.jpg?t=1703929273&quot;,&quot;thumbnailURL&quot;:&quot;https:\\\/\\\/portalv1.com.br\\\/app\\\/wp-content\\\/gallery\\\/aabb_4\\\/thumbs\\\/thumbs_3.jpg?t=1703929273&quot;,&quot;description&quot;:&quot; &quot;,&quot;alttext&quot;:&quot;3&quot;,&quot;style&quot;:&quot;&quot;},{&quot;pid&quot;:48624,&quot;imageURL&quot;:&quot;https:\\\/\\\/portalv1.com.br\\\/app\\\/wp-content\\\/gallery\\\/aabb_4\\\/4.jpg?t=1703929273&quot;,&quot;thumbnailURL&quot;:&quot;https:\\\/\\\/portalv1.com.br\\\/app\\\/wp-content\\\/gallery\\\/aabb_4\\\/thumbs\\\/thumbs_4.jpg?t=1703929273&quot;,&quot;description&quot;:&quot; &quot;,&quot;alttext&quot;:&quot;4&quot;,&quot;style&quot;:&quot;&quot;},{&quot;pid&quot;:48625,&quot;imageURL&quot;:&quot;https:\\\/\\\/portalv1.com.br\\\/app\\\/wp-content\\\/gallery\\\/aabb_4\\\/6.jpg?t=1703929273&quot;,&quot;thumbnailURL&quot;:&quot;https:\\\/\\\/portalv1.com.br\\\/app\\\/wp-content\\\/gallery\\\/aabb_4\\\/thumbs\\\/thumbs_6.jpg?t=1703929273&quot;,&quot;description&quot;:&quot; &quot;,&quot;alttext&quot;:&quot;6&quot;,&quot;style&quot;:&quot;&quot;},{&quot;pid&quot;:48626,&quot;imageURL&quot;:&quot;https:\\\/\\\/portalv1.com.br\\\/app\\\/wp-content\\\/gallery\\\/aabb_4\\\/7.jpg?t=1703929274&quot;,&quot;thumbnailURL&quot;:&quot;https:\\\/\\\/portalv1.com.br\\\/app\\\/wp-content\\\/gallery\\\/aabb_4\\\/thumbs\\\/thumbs_7.jpg?t=1703929274&quot;,&quot;description&quot;:&quot; &quot;,&quot;alttext&quot;:&quot;7&quot;,&quot;style&quot;:&quot;&quot;},{&quot;pid&quot;:48627,&quot;imageURL&quot;:&quot;https:\\\/\\\/portalv1.com.br\\\/app\\\/wp-content\\\/gallery\\\/aabb_4\\\/8.jpg?t=1703929273&quot;,&quot;thumbnailURL&quot;:&quot;https:\\\/\\\/portalv1.com.br\\\/app\\\/wp-content\\\/gallery\\\/aabb_4\\\/thumbs\\\/thumbs_8.jpg?t=1703929273&quot;,&quot;description&quot;:&quot; &quot;,&quot;alttext&quot;:&quot;8&quot;,&quot;style&quot;:&quot;&quot;},{&quot;pid&quot;:48628,&quot;imageURL&quot;:&quot;https:\\\/\\\/portalv1.com.br\\\/app\\\/wp-content\\\/gallery\\\/aabb_4\\\/9.jpg?t=1703929274&quot;,&quot;thumbnailURL&quot;:&quot;https:\\\/\\\/portalv1.com.br\\\/app\\\/wp-content\\\/gallery\\\/aabb_4\\\/thumbs\\\/thumbs_9.jpg?t=1703929274&quot;,&quot;description&quot;:&quot; &quot;,&quot;alttext&quot;:&quot;9&quot;,&quot;style&quot;:&quot;&quot;}]}}'><\/div>.<\/p>\n","protected":false},"excerpt":{"rendered":"<p>Ter\u00e1 in\u00edcio neste s\u00e1bado na cidade de Floriano a Jornada Esportiva Estadual das AABB (JESAB) a cidade de Valen\u00e7a ser\u00e1 representada pelas equipes dos cinquent\u00f5es, quarent\u00f5es, trit\u00f5es e pela equipe&#8230;<\/p>\n","protected":false},"author":1,"featured_media":23818,"comment_status":"open","ping_status":"open","sticky":false,"template":"","format":"standard","meta":{"ngg_post_thumbnail":0,"footnotes":""},"categories":[12],"tags":[],"class_list":["post-23817","post","type-post","status-publish","format-standard","has-post-thumbnail","hentry","category-valenca-news"],"views":1402,"meta_data":{"thumb":"https:\/\/portalv1.com.br\/app\/wp-content\/uploads\/2016\/06\/4.jpg","imagem":{"fullsize":{"url":"https:\/\/portalv1.com.br\/app\/wp-content\/uploads\/2016\/06\/4.jpg","width":1024,"height":572},"thumbnail":{"url":"https:\/\/portalv1.com.br\/app\/wp-content\/uploads\/2016\/06\/4-100x100.jpg","width":100,"height":100},"medium":{"url":"https:\/\/portalv1.com.br\/app\/wp-content\/uploads\/2016\/06\/4-300x168.jpg","width":300,"height":168},"medium_large":{"url":"https:\/\/portalv1.com.br\/app\/wp-content\/uploads\/2016\/06\/4-768x429.jpg","width":768,"height":429},"large":{"url":"https:\/\/portalv1.com.br\/app\/wp-content\/uploads\/2016\/06\/4-640x358.jpg","width":640,"height":358}},"data":{"simple":"10\/06\/2016","date_time":"10\/06\/2016 07:32:23","date":"h\u00e1 10 anos"},"chapeu":"Jornada Esportiva Estadual das AABBs","source":"m_destacada"},"_links":{"self":[{"href":"https:\/\/portalv1.com.br\/api\/wp\/v2\/posts\/23817","targetHints":{"allow":["GET"]}}],"collection":[{"href":"https:\/\/portalv1.com.br\/api\/wp\/v2\/posts"}],"about":[{"href":"https:\/\/portalv1.com.br\/api\/wp\/v2\/types\/post"}],"author":[{"embeddable":true,"href":"https:\/\/portalv1.com.br\/api\/wp\/v2\/users\/1"}],"replies":[{"embeddable":true,"href":"https:\/\/portalv1.com.br\/api\/wp\/v2\/comments?post=23817"}],"version-history":[{"count":0,"href":"https:\/\/portalv1.com.br\/api\/wp\/v2\/posts\/23817\/revisions"}],"wp:featuredmedia":[{"embeddable":true,"href":"https:\/\/portalv1.com.br\/api\/wp\/v2\/media\/23818"}],"wp:attachment":[{"href":"https:\/\/portalv1.com.br\/api\/wp\/v2\/media?parent=23817"}],"wp:term":[{"taxonomy":"category","embeddable":true,"href":"https:\/\/portalv1.com.br\/api\/wp\/v2\/categories?post=23817"},{"taxonomy":"post_tag","embeddable":true,"href":"https:\/\/portalv1.com.br\/api\/wp\/v2\/tags?post=23817"}],"curies":[{"name":"wp","href":"https:\/\/api.w.org\/{rel}","templated":true}]}}