{"id":23834,"date":"2016-06-13T17:01:03","date_gmt":"2016-06-13T20:01:03","guid":{"rendered":"https:\/\/portalv1.com.br\/?p=23834"},"modified":"2016-06-15T15:51:39","modified_gmt":"2016-06-15T18:51:39","slug":"valenca-de-luto-morre-professor-solimar-gomes-aos-55-anos","status":"publish","type":"post","link":"https:\/\/portalv1.com.br\/valenca-de-luto-morre-professor-solimar-gomes-aos-55-anos\/","title":{"rendered":"Valen\u00e7a de Luto: Morre professor Solimar Gomes aos 55 anos"},"content":{"rendered":"<figure id=\"attachment_23835\" aria-describedby=\"caption-attachment-23835\" style=\"width: 640px\" class=\"wp-caption aligncenter\"><a href=\"https:\/\/portalv1.com.br\/app\/wp-content\/uploads\/2016\/06\/1.jpg\"><img loading=\"lazy\" decoding=\"async\" class=\"size-large wp-image-23835\" src=\"https:\/\/portalv1.com.br\/app\/wp-content\/uploads\/2016\/06\/1-640x477.jpg\" alt=\"Solimar Gomes \" width=\"640\" height=\"477\" srcset=\"https:\/\/portalv1.com.br\/app\/wp-content\/uploads\/2016\/06\/1.jpg 640w, https:\/\/portalv1.com.br\/app\/wp-content\/uploads\/2016\/06\/1-300x224.jpg 300w\" sizes=\"auto, (max-width: 640px) 100vw, 640px\" \/><\/a><figcaption id=\"caption-attachment-23835\" class=\"wp-caption-text\">Solimar Gomes<\/figcaption><\/figure>\n<p>A cidade de Valen\u00e7a foi surpreendida na tarde desta segunda-feira, 13 de junho com o falecimento do professor Solimar Gomes. De acordo com informa\u00e7\u00f5es do comandante da 2\u00aa Companhia da Pol\u00edcia Militar, capit\u00e3o Ant\u00f4nio Santos, o corpo foi encontrado na sala de sua casa j\u00e1 em estado avan\u00e7ado de decomposi\u00e7\u00e3o.<\/p>\n<p>Ap\u00f3s ser encontrado o corpo foi levado para o hospital regional de onde ser\u00e1 liberado para o sepultamento que deve acontecer na comunidade Buritizal na zona rural de Valen\u00e7a.<\/p>\n<p>O professor Solimar Gomes tinha 55 anos e nesse ano completou 30 anos de educador do Col\u00e9gio Santo Ant\u00f4nio. Trabalhou ainda na Secretaria de Cultura de Valen\u00e7a e foi seminarista.<\/p>\n<p>De acordo com familiares ele estava passando por tratamento card\u00edacos em Teresina. A fam\u00edlia descartou a realiza\u00e7\u00e3o de uma per\u00edcia por parte do IML n\u00e3o s\u00f3 pelo estado do corpo, mais tamb\u00e9m pelo fato de n\u00e3o haver indicio de arrombamento em sua resid\u00eancia.<\/p>\n","protected":false},"excerpt":{"rendered":"<p>A cidade de Valen\u00e7a foi surpreendida na tarde desta segunda-feira, 13 de junho com o falecimento do professor Solimar Gomes. De acordo com informa\u00e7\u00f5es do comandante da 2\u00aa Companhia da&#8230;<\/p>\n","protected":false},"author":1,"featured_media":23835,"comment_status":"open","ping_status":"open","sticky":false,"template":"","format":"standard","meta":{"ngg_post_thumbnail":0,"footnotes":""},"categories":[12],"tags":[],"class_list":["post-23834","post","type-post","status-publish","format-standard","has-post-thumbnail","hentry","category-valenca-news"],"views":4641,"meta_data":{"thumb":"https:\/\/portalv1.com.br\/app\/wp-content\/uploads\/2016\/06\/1.jpg","imagem":{"fullsize":{"url":"https:\/\/portalv1.com.br\/app\/wp-content\/uploads\/2016\/06\/1.jpg","width":640,"height":477},"thumbnail":{"url":"https:\/\/portalv1.com.br\/app\/wp-content\/uploads\/2016\/06\/1-100x100.jpg","width":100,"height":100},"medium":{"url":"https:\/\/portalv1.com.br\/app\/wp-content\/uploads\/2016\/06\/1-300x224.jpg","width":300,"height":224},"large":{"url":"https:\/\/portalv1.com.br\/app\/wp-content\/uploads\/2016\/06\/1-640x477.jpg","width":640,"height":477}},"data":{"simple":"13\/06\/2016","date_time":"13\/06\/2016 14:01:03","date":"h\u00e1 10 anos"},"chapeu":"LUTO ","source":"foto_menor"},"_links":{"self":[{"href":"https:\/\/portalv1.com.br\/api\/wp\/v2\/posts\/23834","targetHints":{"allow":["GET"]}}],"collection":[{"href":"https:\/\/portalv1.com.br\/api\/wp\/v2\/posts"}],"about":[{"href":"https:\/\/portalv1.com.br\/api\/wp\/v2\/types\/post"}],"author":[{"embeddable":true,"href":"https:\/\/portalv1.com.br\/api\/wp\/v2\/users\/1"}],"replies":[{"embeddable":true,"href":"https:\/\/portalv1.com.br\/api\/wp\/v2\/comments?post=23834"}],"version-history":[{"count":0,"href":"https:\/\/portalv1.com.br\/api\/wp\/v2\/posts\/23834\/revisions"}],"wp:featuredmedia":[{"embeddable":true,"href":"https:\/\/portalv1.com.br\/api\/wp\/v2\/media\/23835"}],"wp:attachment":[{"href":"https:\/\/portalv1.com.br\/api\/wp\/v2\/media?parent=23834"}],"wp:term":[{"taxonomy":"category","embeddable":true,"href":"https:\/\/portalv1.com.br\/api\/wp\/v2\/categories?post=23834"},{"taxonomy":"post_tag","embeddable":true,"href":"https:\/\/portalv1.com.br\/api\/wp\/v2\/tags?post=23834"}],"curies":[{"name":"wp","href":"https:\/\/api.w.org\/{rel}","templated":true}]}}