{"id":238497,"date":"2025-07-11T09:10:16","date_gmt":"2025-07-11T12:10:16","guid":{"rendered":"https:\/\/portalv1.com.br\/?p=238497"},"modified":"2025-07-11T09:12:52","modified_gmt":"2025-07-11T12:12:52","slug":"secretaria-de-trabalho-muda-de-nome-e-realiza-acao-com-consultas-oftalmologicas-gratuitas","status":"publish","type":"post","link":"https:\/\/portalv1.com.br\/secretaria-de-trabalho-muda-de-nome-e-realiza-acao-com-consultas-oftalmologicas-gratuitas\/","title":{"rendered":"Secretaria de Trabalho muda de nome e realiza a\u00e7\u00e3o com consultas oftalmol\u00f3gicas gratuitas"},"content":{"rendered":"\n<p>Uma parceria entre a Secretaria Municipal de Trabalho e Desenvolvimento Econ\u00f4mico e a \u00d3tica Kamyly vai beneficiar a popula\u00e7\u00e3o com a oferta de consultas de vista gratuitas e avalia\u00e7\u00e3o da sa\u00fade visual.<\/p>\n\n\n\n<p>Os atendimentos ser\u00e3o realizados na pr\u00f3xima quinta-feira, 17 de julho, das 13h \u00e0s 17h, no Centro Social Urbano (CSU). Para mais informa\u00e7\u00f5es, os interessados podem entrar em contato pelo n\u00famero (86) 9 9456-4857.<\/p>\n\n\n\n<p><strong>Nova nomenclatura<\/strong><\/p>\n\n\n\n<p>A secret\u00e1ria municipal Patr\u00edcia Nunes anunciou pelas redes sociais que a pasta passou por uma atualiza\u00e7\u00e3o em sua nomenclatura oficial.<\/p>\n\n\n\n<p>\u201cA Secretaria de Trabalho e Emprego agora \u00e9 a Secretaria de Trabalho e Desenvolvimento Econ\u00f4mico. A mudan\u00e7a representa n\u00e3o apenas uma diferencia\u00e7\u00e3o de nome, mas amplia a nossa miss\u00e3o de promover o crescimento econ\u00f4mico, a gera\u00e7\u00e3o de emprego e renda, a redu\u00e7\u00e3o das desigualdades sociais, bem como o apoio ao empreendedorismo e ao desenvolvimento local\u201d, explicou a secret\u00e1ria.<\/p>\n\n\n\n<p>Na publica\u00e7\u00e3o, Patr\u00edcia tamb\u00e9m destacou algumas das atribui\u00e7\u00f5es da pasta:<\/p>\n\n\n\n<p><strong>Atribui\u00e7\u00f5es:<\/strong><\/p>\n\n\n\n<p>Pol\u00edticas de Trabalho e Emprego:\u2028Elaborar e executar programas e a\u00e7\u00f5es que visem a gera\u00e7\u00e3o de empregos, a qualifica\u00e7\u00e3o profissional e a prote\u00e7\u00e3o dos direitos dos trabalhadores.&nbsp;\u2028<\/p>\n\n\n\n<p>Desenvolvimento Econ\u00f4mico:\u2028Fomentar o crescimento econ\u00f4mico local, apoiando setores como ind\u00fastria, com\u00e9rcio, agricultura, turismo e servi\u00e7os.&nbsp;\u2028<\/p>\n\n\n\n<p>Empreendedorismo:\u2028Estimular o empreendedorismo, oferecendo apoio t\u00e9cnico, financeiro e de gest\u00e3o para novos neg\u00f3cios e empresas.&nbsp;\u2028<\/p>\n\n\n\n<p>Inclus\u00e3o Produtiva:\u2028Promover a inclus\u00e3o produtiva de grupos sociais vulner\u00e1veis, como jovens, mulheres, idosos e pessoas com defici\u00eancia.&nbsp;\u2028<\/p>\n\n\n\n<p>Qualifica\u00e7\u00e3o Profissional:\u2028Oferecer cursos e programas de qualifica\u00e7\u00e3o profissional para atender \u00e0s demandas do mercado de trabalho e aumentar a empregabilidade.&nbsp;\u2028<\/p>\n\n\n\n<p>Apoio a Micro e Pequenas Empresas:\u2028Oferecer apoio t\u00e9cnico, financeiro e de gest\u00e3o para micro e pequenas empresas, com o objetivo de fortalecer e ampliar sua atua\u00e7\u00e3o.&nbsp;\u2028<\/p>\n\n\n\n<p>Articula\u00e7\u00e3o com Outros \u00d3rg\u00e3os:\u2028Articular-se com outros \u00f3rg\u00e3os e entidades governamentais, tanto em n\u00edvel municipal quanto estadual e federal, para promover a\u00e7\u00f5es conjuntas e integrar pol\u00edticas p\u00fablicas.&nbsp;\u2028<\/p>\n\n\n\n<p><strong>Exemplos de a\u00e7\u00f5es:<\/strong><\/p>\n\n\n\n<p>Intermedia\u00e7\u00e3o de m\u00e3o de obra atrav\u00e9s de postos do Sistema Nacional de Emprego (Sine).&nbsp;\u2028<\/p>\n\n\n\n<p>Realiza\u00e7\u00e3o de feiras de empregos e eventos de neg\u00f3cios.&nbsp;\u2028<\/p>\n\n\n\n<p>Oferecimento de linhas de cr\u00e9dito e financiamento para empreendedores.&nbsp;\u2028<\/p>\n\n\n\n<p>Desenvolvimento de programas de capacita\u00e7\u00e3o profissional em \u00e1reas estrat\u00e9gicas para o desenvolvimento local.&nbsp;\u2028<\/p>\n\n\n\n<p>Incentivo \u00e0 cria\u00e7\u00e3o de cooperativas e outras formas de organiza\u00e7\u00e3o econ\u00f4mica.&nbsp;\u2028<\/p>\n\n\n\n<p>Em resumo, a Secretaria de Trabalho e Desenvolvimento Econ\u00f4mico desempenha um papel fundamental na promo\u00e7\u00e3o do desenvolvimento econ\u00f4mico e social de uma regi\u00e3o, buscando gerar mais oportunidades de trabalho, renda e bem-estar para a popula\u00e7\u00e3o.<\/p>\n\n\n\n<figure class=\"wp-block-image size-large\"><img loading=\"lazy\" decoding=\"async\" width=\"640\" height=\"853\" src=\"https:\/\/portalv1.com.br\/app\/wp-content\/uploads\/2025\/07\/WhatsApp-Image-2025-07-10-at-16.32.04-1-640x853.jpeg\" alt=\"\" class=\"wp-image-238499\" srcset=\"https:\/\/portalv1.com.br\/app\/wp-content\/uploads\/2025\/07\/WhatsApp-Image-2025-07-10-at-16.32.04-1-640x853.jpeg 640w, https:\/\/portalv1.com.br\/app\/wp-content\/uploads\/2025\/07\/WhatsApp-Image-2025-07-10-at-16.32.04-1-300x400.jpeg 300w, https:\/\/portalv1.com.br\/app\/wp-content\/uploads\/2025\/07\/WhatsApp-Image-2025-07-10-at-16.32.04-1-768x1024.jpeg 768w, https:\/\/portalv1.com.br\/app\/wp-content\/uploads\/2025\/07\/WhatsApp-Image-2025-07-10-at-16.32.04-1.jpeg 1080w\" sizes=\"auto, (max-width: 640px) 100vw, 640px\" \/><\/figure>\n\n\n\n<figure class=\"wp-block-image size-large\"><img loading=\"lazy\" decoding=\"async\" width=\"640\" height=\"853\" src=\"https:\/\/portalv1.com.br\/app\/wp-content\/uploads\/2025\/07\/WhatsApp-Image-2025-07-10-at-11.04.53-640x853.jpeg\" alt=\"\" class=\"wp-image-238498\" srcset=\"https:\/\/portalv1.com.br\/app\/wp-content\/uploads\/2025\/07\/WhatsApp-Image-2025-07-10-at-11.04.53-640x853.jpeg 640w, https:\/\/portalv1.com.br\/app\/wp-content\/uploads\/2025\/07\/WhatsApp-Image-2025-07-10-at-11.04.53-300x400.jpeg 300w, https:\/\/portalv1.com.br\/app\/wp-content\/uploads\/2025\/07\/WhatsApp-Image-2025-07-10-at-11.04.53-768x1024.jpeg 768w, https:\/\/portalv1.com.br\/app\/wp-content\/uploads\/2025\/07\/WhatsApp-Image-2025-07-10-at-11.04.53.jpeg 1080w\" sizes=\"auto, (max-width: 640px) 100vw, 640px\" \/><\/figure>\n","protected":false},"excerpt":{"rendered":"<p>Uma parceria entre a Secretaria Municipal de Trabalho e Desenvolvimento Econ\u00f4mico e a \u00d3tica Kamyly vai beneficiar a popula\u00e7\u00e3o com a oferta de consultas de vista gratuitas e avalia\u00e7\u00e3o da&#8230;<\/p>\n","protected":false},"author":1,"featured_media":238500,"comment_status":"open","ping_status":"open","sticky":false,"template":"","format":"standard","meta":{"ngg_post_thumbnail":0,"footnotes":""},"categories":[243],"tags":[],"class_list":["post-238497","post","type-post","status-publish","format-standard","has-post-thumbnail","hentry","category-geral"],"views":189,"meta_data":{"thumb":"https:\/\/portalv1.com.br\/app\/wp-content\/uploads\/2025\/07\/WhatsApp-Image-2025-07-11-at-09.11.19.jpeg","imagem":{"fullsize":{"url":"https:\/\/portalv1.com.br\/app\/wp-content\/uploads\/2025\/07\/WhatsApp-Image-2025-07-11-at-09.11.19.jpeg","width":1080,"height":816},"medium":{"url":"https:\/\/portalv1.com.br\/app\/wp-content\/uploads\/2025\/07\/WhatsApp-Image-2025-07-11-at-09.11.19-300x227.jpeg","width":300,"height":227},"large":{"url":"https:\/\/portalv1.com.br\/app\/wp-content\/uploads\/2025\/07\/WhatsApp-Image-2025-07-11-at-09.11.19-640x484.jpeg","width":640,"height":484},"thumbnail":{"url":"https:\/\/portalv1.com.br\/app\/wp-content\/uploads\/2025\/07\/WhatsApp-Image-2025-07-11-at-09.11.19-100x100.jpeg","width":100,"height":100},"medium_large":{"url":"https:\/\/portalv1.com.br\/app\/wp-content\/uploads\/2025\/07\/WhatsApp-Image-2025-07-11-at-09.11.19-768x580.jpeg","width":768,"height":580}},"data":{"simple":"11\/07\/2025","date_time":"11\/07\/2025 06:10:16","date":"h\u00e1 10 meses"},"chapeu":"Veja detalhes ","source":"slide"},"_links":{"self":[{"href":"https:\/\/portalv1.com.br\/api\/wp\/v2\/posts\/238497","targetHints":{"allow":["GET"]}}],"collection":[{"href":"https:\/\/portalv1.com.br\/api\/wp\/v2\/posts"}],"about":[{"href":"https:\/\/portalv1.com.br\/api\/wp\/v2\/types\/post"}],"author":[{"embeddable":true,"href":"https:\/\/portalv1.com.br\/api\/wp\/v2\/users\/1"}],"replies":[{"embeddable":true,"href":"https:\/\/portalv1.com.br\/api\/wp\/v2\/comments?post=238497"}],"version-history":[{"count":0,"href":"https:\/\/portalv1.com.br\/api\/wp\/v2\/posts\/238497\/revisions"}],"wp:featuredmedia":[{"embeddable":true,"href":"https:\/\/portalv1.com.br\/api\/wp\/v2\/media\/238500"}],"wp:attachment":[{"href":"https:\/\/portalv1.com.br\/api\/wp\/v2\/media?parent=238497"}],"wp:term":[{"taxonomy":"category","embeddable":true,"href":"https:\/\/portalv1.com.br\/api\/wp\/v2\/categories?post=238497"},{"taxonomy":"post_tag","embeddable":true,"href":"https:\/\/portalv1.com.br\/api\/wp\/v2\/tags?post=238497"}],"curies":[{"name":"wp","href":"https:\/\/api.w.org\/{rel}","templated":true}]}}