{"id":238511,"date":"2025-07-12T11:08:19","date_gmt":"2025-07-12T14:08:19","guid":{"rendered":"https:\/\/portalv1.com.br\/?p=238511"},"modified":"2025-07-12T11:10:15","modified_gmt":"2025-07-12T14:10:15","slug":"238511-2","status":"publish","type":"post","link":"https:\/\/portalv1.com.br\/238511-2\/","title":{"rendered":"Assembleia de Deus em Novo Oriente realiza neste fim de semana o 19\u00ba Congresso de Jovens Rosa de Saron"},"content":{"rendered":"\n<p>A Igreja Evang\u00e9lica Assembleia de Deus \u2013 Minist\u00e9rio Madenopi, em Novo Oriente do Piau\u00ed, realiza neste s\u00e1bado e domingo, dias 13 e 14 de julho, o 19\u00ba Congresso de Jovens do Conjunto Rosa de Saron, um dos eventos mais aguardados do calend\u00e1rio da igreja local.<\/p>\n\n\n\n<p>A programa\u00e7\u00e3o inicia neste s\u00e1bado (13), com o grande culto de abertura, que acontecer\u00e1 a partir das 19h na Rua 19 de Junho, no centro da cidade. A ministra\u00e7\u00e3o da noite ser\u00e1 conduzida pelo pastor Emerson Miranda, trazendo uma mensagem de f\u00e9 e avivamento.<\/p>\n\n\n\n<p>No domingo (14), pela manh\u00e3, os fi\u00e9is participar\u00e3o de um edificante Estudo B\u00edblico Dominical, ministrado pelo pastor Edvaldo Miranda. \u00c0 noite, o encerramento do congresso ser\u00e1 marcado por uma poderosa mensagem do evangelizador Rodrigo Pereira, encerrando o evento com chave de ouro.<\/p>\n\n\n\n<p>O congresso ser\u00e1 realizado sob a lideran\u00e7a espiritual do pastor presidente Sebasti\u00e3o Pereira da Silva, um servo dedicado, \u00edntegro e fervoroso, que neste ano celebra 26 anos de minist\u00e9rio pastoral. Homem de f\u00e9 e exemplo de compromisso com a obra de Deus, o pastor Sebasti\u00e3o tem sido uma refer\u00eancia espiritual e moral para toda a comunidade evang\u00e9lica da regi\u00e3o. Ao seu lado, a mission\u00e1ria Aurora de Sousa Aguiar, sua esposa, tamb\u00e9m exerce um papel fundamental na condu\u00e7\u00e3o do trabalho espiritual da igreja que vem plantando a semente do Minist\u00e9rio Madenopi estado a fora.<\/p>\n\n\n\n<p>A organiza\u00e7\u00e3o do evento est\u00e1 sob a responsabilidade do Departamento de Jovens, liderado pelo presb\u00edtero Vin\u00edcius Menezes e pela diaconisa \u00c2ngela Fabiana.<\/p>\n\n\n\n<p>&#8220;N\u00e3o perca essa oportunidade de renovar sua f\u00e9 e viver algo especial com Deus! Contamos com sua presen\u00e7a!&#8221;, convida a organiza\u00e7\u00e3o.<\/p>\n\n\n\n<figure class=\"wp-block-image size-large\"><img loading=\"lazy\" decoding=\"async\" width=\"640\" height=\"688\" src=\"https:\/\/portalv1.com.br\/app\/wp-content\/uploads\/2025\/07\/WhatsApp-Image-2025-07-12-at-11.07.21-640x688.jpeg\" alt=\"\" class=\"wp-image-238512\" srcset=\"https:\/\/portalv1.com.br\/app\/wp-content\/uploads\/2025\/07\/WhatsApp-Image-2025-07-12-at-11.07.21-640x688.jpeg 640w, https:\/\/portalv1.com.br\/app\/wp-content\/uploads\/2025\/07\/WhatsApp-Image-2025-07-12-at-11.07.21-300x322.jpeg 300w, https:\/\/portalv1.com.br\/app\/wp-content\/uploads\/2025\/07\/WhatsApp-Image-2025-07-12-at-11.07.21-768x825.jpeg 768w, https:\/\/portalv1.com.br\/app\/wp-content\/uploads\/2025\/07\/WhatsApp-Image-2025-07-12-at-11.07.21.jpeg 1179w\" sizes=\"auto, (max-width: 640px) 100vw, 640px\" \/><\/figure>\n","protected":false},"excerpt":{"rendered":"<p>A Igreja Evang\u00e9lica Assembleia de Deus \u2013 Minist\u00e9rio Madenopi, em Novo Oriente do Piau\u00ed, realiza neste s\u00e1bado e domingo, dias 13 e 14 de julho, o 19\u00ba Congresso de Jovens&#8230;<\/p>\n","protected":false},"author":1,"featured_media":238513,"comment_status":"open","ping_status":"open","sticky":false,"template":"","format":"standard","meta":{"ngg_post_thumbnail":0,"footnotes":""},"categories":[243],"tags":[],"class_list":["post-238511","post","type-post","status-publish","format-standard","has-post-thumbnail","hentry","category-geral"],"views":492,"meta_data":{"thumb":"https:\/\/portalv1.com.br\/app\/wp-content\/uploads\/2025\/07\/WhatsApp-Image-2025-07-12-at-11.08.55.jpeg","imagem":{"fullsize":{"url":"https:\/\/portalv1.com.br\/app\/wp-content\/uploads\/2025\/07\/WhatsApp-Image-2025-07-12-at-11.08.55.jpeg","width":1179,"height":904},"medium":{"url":"https:\/\/portalv1.com.br\/app\/wp-content\/uploads\/2025\/07\/WhatsApp-Image-2025-07-12-at-11.08.55-300x230.jpeg","width":300,"height":230},"large":{"url":"https:\/\/portalv1.com.br\/app\/wp-content\/uploads\/2025\/07\/WhatsApp-Image-2025-07-12-at-11.08.55-640x491.jpeg","width":640,"height":491},"thumbnail":{"url":"https:\/\/portalv1.com.br\/app\/wp-content\/uploads\/2025\/07\/WhatsApp-Image-2025-07-12-at-11.08.55-100x100.jpeg","width":100,"height":100},"medium_large":{"url":"https:\/\/portalv1.com.br\/app\/wp-content\/uploads\/2025\/07\/WhatsApp-Image-2025-07-12-at-11.08.55-768x589.jpeg","width":768,"height":589}},"data":{"simple":"12\/07\/2025","date_time":"12\/07\/2025 08:08:19","date":"h\u00e1 10 meses"},"chapeu":"Convite Especial ","source":"slide"},"_links":{"self":[{"href":"https:\/\/portalv1.com.br\/api\/wp\/v2\/posts\/238511","targetHints":{"allow":["GET"]}}],"collection":[{"href":"https:\/\/portalv1.com.br\/api\/wp\/v2\/posts"}],"about":[{"href":"https:\/\/portalv1.com.br\/api\/wp\/v2\/types\/post"}],"author":[{"embeddable":true,"href":"https:\/\/portalv1.com.br\/api\/wp\/v2\/users\/1"}],"replies":[{"embeddable":true,"href":"https:\/\/portalv1.com.br\/api\/wp\/v2\/comments?post=238511"}],"version-history":[{"count":0,"href":"https:\/\/portalv1.com.br\/api\/wp\/v2\/posts\/238511\/revisions"}],"wp:featuredmedia":[{"embeddable":true,"href":"https:\/\/portalv1.com.br\/api\/wp\/v2\/media\/238513"}],"wp:attachment":[{"href":"https:\/\/portalv1.com.br\/api\/wp\/v2\/media?parent=238511"}],"wp:term":[{"taxonomy":"category","embeddable":true,"href":"https:\/\/portalv1.com.br\/api\/wp\/v2\/categories?post=238511"},{"taxonomy":"post_tag","embeddable":true,"href":"https:\/\/portalv1.com.br\/api\/wp\/v2\/tags?post=238511"}],"curies":[{"name":"wp","href":"https:\/\/api.w.org\/{rel}","templated":true}]}}