{"id":238661,"date":"2025-07-14T17:23:34","date_gmt":"2025-07-14T20:23:34","guid":{"rendered":"https:\/\/portalv1.com.br\/?p=238661"},"modified":"2025-07-14T17:23:36","modified_gmt":"2025-07-14T20:23:36","slug":"novo-oriente-e-contemplado-com-trator-agricola-por-meio-de-emenda-do-ministro-wellington-dias","status":"publish","type":"post","link":"https:\/\/portalv1.com.br\/novo-oriente-e-contemplado-com-trator-agricola-por-meio-de-emenda-do-ministro-wellington-dias\/","title":{"rendered":"Novo Oriente \u00e9 contemplado com trator agr\u00edcola por meio de emenda do ministro Wellington Dias"},"content":{"rendered":"\n<p>A Associa\u00e7\u00e3o Comunit\u00e1ria do Apraz\u00edvel, em Novo Oriente do Piau\u00ed, foi contemplada nesta segunda-feira (14) com um trator zero quil\u00f4metro e implementos agr\u00edcolas. A aquisi\u00e7\u00e3o representa um importante refor\u00e7o para o fortalecimento do trabalho no campo e para o aumento da produtividade da comunidade local.<\/p>\n\n\n\n<p>A entrega dos equipamentos ocorreu no Parque de Exposi\u00e7\u00f5es Dirceu Arcoverde, em Teresina, e faz parte de um investimento de R$ 2,3 milh\u00f5es oriundos de emendas parlamentares do senador licenciado e atual ministro do Desenvolvimento e Assist\u00eancia Social, Fam\u00edlia e Combate \u00e0 Fome, Wellington Dias. Ao todo, 19 cidades foram beneficiadas com os equipamentos.<\/p>\n\n\n\n<p>Representando a comunidade, a vice-prefeita de Novo Oriente e presidenta da associa\u00e7\u00e3o, Odeni de Jesus, recebeu o trator acompanhada do vereador Nonato do PT. Agradecida, ela celebrou mais essa conquista e ressaltou que o benef\u00edcio n\u00e3o ser\u00e1 restrito aos associados da entidade. Ela lembrou de como assumiu a associa\u00e7\u00e3o.<\/p>\n\n\n\n<p>\u201cH\u00e1 quatro anos atr\u00e1s o pessoal estava desmotivado e numa reuni\u00e3o mim indicaram para ser presidente e para n\u00e3o ver a associa\u00e7\u00e3o da minha localidade acabar e por acreditar na import\u00e2ncia do associativismo eu aceitei o convite e j\u00e1 conseguimos muitos benef\u00edcios e esse trator j\u00e1 \u00e9 o segundo.\u201d<\/p>\n\n\n\n<p>Odeni tamb\u00e9m destacou o papel do prefeito Afonso Sobreira, que segundo ela, incentiva constantemente as lideran\u00e7as locais a buscarem melhorias para o munic\u00edpio:<\/p>\n\n\n\n<p>\u201cE atendendo esse pedido do nosso prefeito estamos nessa luta junto ao Governo do Estado junto ao senador e ministro Wellington Dias que fez a entrega desse trator, deputados e amigos como o Z\u00e9 Santana que ajudou muito nessa conquista e assim seguimos buscando esses investimentos para Novo Oriente como pediu esse grande gestor o prefeito Afonso Sobreira\u201d frisou.<\/p>\n\n\n<div class=\"ngg-galleryoverview\" id=\"1\">\n              <div data-widget=\"Galeria\" data-props=\"{&quot;galeria&quot;:{&quot;max_page&quot;:1,&quot;total&quot;:6,&quot;gallery_id&quot;:1,&quot;images&quot;:[{&quot;thumbcode&quot;:&quot;https:\\\/\\\/portalv1.com.br\\\/app\\\/wp-content\\\/uploads\\\/2025\\\/07\\\/WhatsApp-Image-2025-07-14-at-15.13.19-2-400x250.jpeg&quot;,&quot;imageURL&quot;:&quot;https:\\\/\\\/portalv1.com.br\\\/app\\\/wp-content\\\/uploads\\\/2025\\\/07\\\/WhatsApp-Image-2025-07-14-at-15.13.19-2.jpeg&quot;,&quot;pid&quot;:238662,&quot;galleryid&quot;:1,&quot;description&quot;:&quot;&quot;,&quot;alttext&quot;:&quot;Novo Oriente \\u00e9 contemplado com trator agr\\u00edcola por meio de emenda do ministro Wellington Dias&quot;,&quot;thumbnailURL&quot;:&quot;https:\\\/\\\/portalv1.com.br\\\/app\\\/wp-content\\\/uploads\\\/2025\\\/07\\\/WhatsApp-Image-2025-07-14-at-15.13.19-2-400x250.jpeg&quot;,&quot;style&quot;:&quot;&quot;},{&quot;thumbcode&quot;:&quot;https:\\\/\\\/portalv1.com.br\\\/app\\\/wp-content\\\/uploads\\\/2025\\\/07\\\/WhatsApp-Image-2025-07-14-at-15.13.19-3-400x250.jpeg&quot;,&quot;imageURL&quot;:&quot;https:\\\/\\\/portalv1.com.br\\\/app\\\/wp-content\\\/uploads\\\/2025\\\/07\\\/WhatsApp-Image-2025-07-14-at-15.13.19-3.jpeg&quot;,&quot;pid&quot;:238663,&quot;galleryid&quot;:1,&quot;description&quot;:&quot;&quot;,&quot;alttext&quot;:&quot;Novo Oriente \\u00e9 contemplado com trator agr\\u00edcola por meio de emenda do ministro Wellington Dias&quot;,&quot;thumbnailURL&quot;:&quot;https:\\\/\\\/portalv1.com.br\\\/app\\\/wp-content\\\/uploads\\\/2025\\\/07\\\/WhatsApp-Image-2025-07-14-at-15.13.19-3-400x250.jpeg&quot;,&quot;style&quot;:&quot;&quot;},{&quot;thumbcode&quot;:&quot;https:\\\/\\\/portalv1.com.br\\\/app\\\/wp-content\\\/uploads\\\/2025\\\/07\\\/WhatsApp-Image-2025-07-14-at-15.13.19-400x250.jpeg&quot;,&quot;imageURL&quot;:&quot;https:\\\/\\\/portalv1.com.br\\\/app\\\/wp-content\\\/uploads\\\/2025\\\/07\\\/WhatsApp-Image-2025-07-14-at-15.13.19.jpeg&quot;,&quot;pid&quot;:238664,&quot;galleryid&quot;:1,&quot;description&quot;:&quot;&quot;,&quot;alttext&quot;:&quot;Novo Oriente \\u00e9 contemplado com trator agr\\u00edcola por meio de emenda do ministro Wellington Dias&quot;,&quot;thumbnailURL&quot;:&quot;https:\\\/\\\/portalv1.com.br\\\/app\\\/wp-content\\\/uploads\\\/2025\\\/07\\\/WhatsApp-Image-2025-07-14-at-15.13.19-400x250.jpeg&quot;,&quot;style&quot;:&quot;&quot;},{&quot;thumbcode&quot;:&quot;https:\\\/\\\/portalv1.com.br\\\/app\\\/wp-content\\\/uploads\\\/2025\\\/07\\\/WhatsApp-Image-2025-07-14-at-15.13.19-1-400x250.jpeg&quot;,&quot;imageURL&quot;:&quot;https:\\\/\\\/portalv1.com.br\\\/app\\\/wp-content\\\/uploads\\\/2025\\\/07\\\/WhatsApp-Image-2025-07-14-at-15.13.19-1.jpeg&quot;,&quot;pid&quot;:238665,&quot;galleryid&quot;:1,&quot;description&quot;:&quot;&quot;,&quot;alttext&quot;:&quot;Novo Oriente \\u00e9 contemplado com trator agr\\u00edcola por meio de emenda do ministro Wellington Dias&quot;,&quot;thumbnailURL&quot;:&quot;https:\\\/\\\/portalv1.com.br\\\/app\\\/wp-content\\\/uploads\\\/2025\\\/07\\\/WhatsApp-Image-2025-07-14-at-15.13.19-1-400x250.jpeg&quot;,&quot;style&quot;:&quot;&quot;},{&quot;thumbcode&quot;:&quot;https:\\\/\\\/portalv1.com.br\\\/app\\\/wp-content\\\/uploads\\\/2025\\\/07\\\/WhatsApp-Image-2025-07-14-at-15.13.20-400x250.jpeg&quot;,&quot;imageURL&quot;:&quot;https:\\\/\\\/portalv1.com.br\\\/app\\\/wp-content\\\/uploads\\\/2025\\\/07\\\/WhatsApp-Image-2025-07-14-at-15.13.20.jpeg&quot;,&quot;pid&quot;:238666,&quot;galleryid&quot;:1,&quot;description&quot;:&quot;&quot;,&quot;alttext&quot;:&quot;Novo Oriente \\u00e9 contemplado com trator agr\\u00edcola por meio de emenda do ministro Wellington Dias&quot;,&quot;thumbnailURL&quot;:&quot;https:\\\/\\\/portalv1.com.br\\\/app\\\/wp-content\\\/uploads\\\/2025\\\/07\\\/WhatsApp-Image-2025-07-14-at-15.13.20-400x250.jpeg&quot;,&quot;style&quot;:&quot;&quot;},{&quot;thumbcode&quot;:&quot;https:\\\/\\\/portalv1.com.br\\\/app\\\/wp-content\\\/uploads\\\/2025\\\/07\\\/WhatsApp-Image-2025-07-14-at-15.13.18-400x250.jpeg&quot;,&quot;imageURL&quot;:&quot;https:\\\/\\\/portalv1.com.br\\\/app\\\/wp-content\\\/uploads\\\/2025\\\/07\\\/WhatsApp-Image-2025-07-14-at-15.13.18.jpeg&quot;,&quot;pid&quot;:238667,&quot;galleryid&quot;:1,&quot;description&quot;:&quot;&quot;,&quot;alttext&quot;:&quot;Novo Oriente \\u00e9 contemplado com trator agr\\u00edcola por meio de emenda do ministro Wellington Dias&quot;,&quot;thumbnailURL&quot;:&quot;https:\\\/\\\/portalv1.com.br\\\/app\\\/wp-content\\\/uploads\\\/2025\\\/07\\\/WhatsApp-Image-2025-07-14-at-15.13.18-400x250.jpeg&quot;,&quot;style&quot;:&quot;&quot;}]}}\"><\/div>\n            <\/div>","protected":false},"excerpt":{"rendered":"<p>A Associa\u00e7\u00e3o Comunit\u00e1ria do Apraz\u00edvel, em Novo Oriente do Piau\u00ed, foi contemplada nesta segunda-feira (14) com um trator zero quil\u00f4metro e implementos agr\u00edcolas. A aquisi\u00e7\u00e3o representa um importante refor\u00e7o para&#8230;<\/p>\n","protected":false},"author":1,"featured_media":238665,"comment_status":"open","ping_status":"open","sticky":false,"template":"","format":"standard","meta":{"ngg_post_thumbnail":0,"footnotes":""},"categories":[243],"tags":[],"class_list":["post-238661","post","type-post","status-publish","format-standard","has-post-thumbnail","hentry","category-geral"],"views":347,"meta_data":{"thumb":"https:\/\/portalv1.com.br\/app\/wp-content\/uploads\/2025\/07\/WhatsApp-Image-2025-07-14-at-15.13.19-1.jpeg","imagem":{"fullsize":{"url":"https:\/\/portalv1.com.br\/app\/wp-content\/uploads\/2025\/07\/WhatsApp-Image-2025-07-14-at-15.13.19-1.jpeg","width":960,"height":1280},"medium":{"url":"https:\/\/portalv1.com.br\/app\/wp-content\/uploads\/2025\/07\/WhatsApp-Image-2025-07-14-at-15.13.19-1-300x400.jpeg","width":300,"height":400},"large":{"url":"https:\/\/portalv1.com.br\/app\/wp-content\/uploads\/2025\/07\/WhatsApp-Image-2025-07-14-at-15.13.19-1-640x853.jpeg","width":640,"height":853},"thumbnail":{"url":"https:\/\/portalv1.com.br\/app\/wp-content\/uploads\/2025\/07\/WhatsApp-Image-2025-07-14-at-15.13.19-1-100x100.jpeg","width":100,"height":100},"medium_large":{"url":"https:\/\/portalv1.com.br\/app\/wp-content\/uploads\/2025\/07\/WhatsApp-Image-2025-07-14-at-15.13.19-1-768x1024.jpeg","width":768,"height":1024}},"data":{"simple":"14\/07\/2025","date_time":"14\/07\/2025 14:23:34","date":"h\u00e1 10 meses"},"chapeu":"Veja detalhes ","source":"slide"},"_links":{"self":[{"href":"https:\/\/portalv1.com.br\/api\/wp\/v2\/posts\/238661","targetHints":{"allow":["GET"]}}],"collection":[{"href":"https:\/\/portalv1.com.br\/api\/wp\/v2\/posts"}],"about":[{"href":"https:\/\/portalv1.com.br\/api\/wp\/v2\/types\/post"}],"author":[{"embeddable":true,"href":"https:\/\/portalv1.com.br\/api\/wp\/v2\/users\/1"}],"replies":[{"embeddable":true,"href":"https:\/\/portalv1.com.br\/api\/wp\/v2\/comments?post=238661"}],"version-history":[{"count":0,"href":"https:\/\/portalv1.com.br\/api\/wp\/v2\/posts\/238661\/revisions"}],"wp:featuredmedia":[{"embeddable":true,"href":"https:\/\/portalv1.com.br\/api\/wp\/v2\/media\/238665"}],"wp:attachment":[{"href":"https:\/\/portalv1.com.br\/api\/wp\/v2\/media?parent=238661"}],"wp:term":[{"taxonomy":"category","embeddable":true,"href":"https:\/\/portalv1.com.br\/api\/wp\/v2\/categories?post=238661"},{"taxonomy":"post_tag","embeddable":true,"href":"https:\/\/portalv1.com.br\/api\/wp\/v2\/tags?post=238661"}],"curies":[{"name":"wp","href":"https:\/\/api.w.org\/{rel}","templated":true}]}}