{"id":239132,"date":"2025-07-20T22:17:36","date_gmt":"2025-07-21T01:17:36","guid":{"rendered":"https:\/\/portalv1.com.br\/?p=239132"},"modified":"2025-07-20T22:17:38","modified_gmt":"2025-07-21T01:17:38","slug":"prefeitura-de-inhuma-decreta-luto-oficial-de-tres-dias-pela-morte-do-ex-prefeito-joao-moises","status":"publish","type":"post","link":"https:\/\/portalv1.com.br\/prefeitura-de-inhuma-decreta-luto-oficial-de-tres-dias-pela-morte-do-ex-prefeito-joao-moises\/","title":{"rendered":"Prefeitura de Inhuma decreta luto oficial de tr\u00eas dias pela morte do ex-prefeito Jo\u00e3o Mois\u00e9s"},"content":{"rendered":"\n<p>A Prefeitura de Inhuma decretou luto oficial de tr\u00eas dias em raz\u00e3o do falecimento do ex-prefeito Jo\u00e3o Ferreira Gon\u00e7alves, conhecido como Jo\u00e3o Mois\u00e9s. Ele tinha 95 anos e exerceu dois mandatos \u00e0 frente do Executivo Municipal, nos per\u00edodos de 1976 a 1981 e de 1988 a 1992. Al\u00e9m da vida p\u00fablica, Jo\u00e3o tamb\u00e9m atuou como comerciante.<\/p>\n\n\n\n<p>\u201cHoje Inhuma se despede de um de seus grandes nomes. Jo\u00e3o Ferreira Gon\u00e7alves (Jo\u00e3o Mois\u00e9s), ex-prefeito e ex-vice-prefeito, nos deixa um legado de f\u00e9, compromisso e amor por nossa terra. Um homem respeitado, que marcou gera\u00e7\u00f5es com sua presen\u00e7a serena\u201d, escreveu o prefeito Elbert Holanda nas redes sociais ao anunciar o luto oficial.<\/p>\n\n\n\n<p>\u201cEm sua mem\u00f3ria, decretamos luto oficial de tr\u00eas dias. Nossos sentimentos aos familiares e a todos os inhumenses que hoje se entristecem com essa grande perda\u201d, acrescentou o gestor.<\/p>\n\n\n\n<figure class=\"wp-block-image size-large\"><img loading=\"lazy\" decoding=\"async\" width=\"640\" height=\"800\" src=\"https:\/\/portalv1.com.br\/app\/wp-content\/uploads\/2025\/07\/WhatsApp-Image-2025-07-20-at-12.06.52-640x800.jpeg\" alt=\"\" class=\"wp-image-239133\" srcset=\"https:\/\/portalv1.com.br\/app\/wp-content\/uploads\/2025\/07\/WhatsApp-Image-2025-07-20-at-12.06.52-640x800.jpeg 640w, https:\/\/portalv1.com.br\/app\/wp-content\/uploads\/2025\/07\/WhatsApp-Image-2025-07-20-at-12.06.52-300x375.jpeg 300w, https:\/\/portalv1.com.br\/app\/wp-content\/uploads\/2025\/07\/WhatsApp-Image-2025-07-20-at-12.06.52-768x960.jpeg 768w, https:\/\/portalv1.com.br\/app\/wp-content\/uploads\/2025\/07\/WhatsApp-Image-2025-07-20-at-12.06.52.jpeg 1080w\" sizes=\"auto, (max-width: 640px) 100vw, 640px\" \/><\/figure>\n","protected":false},"excerpt":{"rendered":"<p>A Prefeitura de Inhuma decretou luto oficial de tr\u00eas dias em raz\u00e3o do falecimento do ex-prefeito Jo\u00e3o Ferreira Gon\u00e7alves, conhecido como Jo\u00e3o Mois\u00e9s. Ele tinha 95 anos e exerceu dois&#8230;<\/p>\n","protected":false},"author":1,"featured_media":239134,"comment_status":"open","ping_status":"open","sticky":false,"template":"","format":"standard","meta":{"ngg_post_thumbnail":0,"footnotes":""},"categories":[243],"tags":[],"class_list":["post-239132","post","type-post","status-publish","format-standard","has-post-thumbnail","hentry","category-geral"],"views":429,"meta_data":{"thumb":"https:\/\/portalv1.com.br\/app\/wp-content\/uploads\/2025\/07\/WhatsApp-Image-2025-07-20-at-22.16.09-1.jpeg","imagem":{"fullsize":{"url":"https:\/\/portalv1.com.br\/app\/wp-content\/uploads\/2025\/07\/WhatsApp-Image-2025-07-20-at-22.16.09-1.jpeg","width":1080,"height":830},"medium":{"url":"https:\/\/portalv1.com.br\/app\/wp-content\/uploads\/2025\/07\/WhatsApp-Image-2025-07-20-at-22.16.09-1-300x231.jpeg","width":300,"height":231},"large":{"url":"https:\/\/portalv1.com.br\/app\/wp-content\/uploads\/2025\/07\/WhatsApp-Image-2025-07-20-at-22.16.09-1-640x492.jpeg","width":640,"height":492},"thumbnail":{"url":"https:\/\/portalv1.com.br\/app\/wp-content\/uploads\/2025\/07\/WhatsApp-Image-2025-07-20-at-22.16.09-1-100x100.jpeg","width":100,"height":100},"medium_large":{"url":"https:\/\/portalv1.com.br\/app\/wp-content\/uploads\/2025\/07\/WhatsApp-Image-2025-07-20-at-22.16.09-1-768x590.jpeg","width":768,"height":590}},"data":{"simple":"20\/07\/2025","date_time":"20\/07\/2025 19:17:36","date":"h\u00e1 9 meses"},"chapeu":"LUTO","source":"m_destacada"},"_links":{"self":[{"href":"https:\/\/portalv1.com.br\/api\/wp\/v2\/posts\/239132","targetHints":{"allow":["GET"]}}],"collection":[{"href":"https:\/\/portalv1.com.br\/api\/wp\/v2\/posts"}],"about":[{"href":"https:\/\/portalv1.com.br\/api\/wp\/v2\/types\/post"}],"author":[{"embeddable":true,"href":"https:\/\/portalv1.com.br\/api\/wp\/v2\/users\/1"}],"replies":[{"embeddable":true,"href":"https:\/\/portalv1.com.br\/api\/wp\/v2\/comments?post=239132"}],"version-history":[{"count":0,"href":"https:\/\/portalv1.com.br\/api\/wp\/v2\/posts\/239132\/revisions"}],"wp:featuredmedia":[{"embeddable":true,"href":"https:\/\/portalv1.com.br\/api\/wp\/v2\/media\/239134"}],"wp:attachment":[{"href":"https:\/\/portalv1.com.br\/api\/wp\/v2\/media?parent=239132"}],"wp:term":[{"taxonomy":"category","embeddable":true,"href":"https:\/\/portalv1.com.br\/api\/wp\/v2\/categories?post=239132"},{"taxonomy":"post_tag","embeddable":true,"href":"https:\/\/portalv1.com.br\/api\/wp\/v2\/tags?post=239132"}],"curies":[{"name":"wp","href":"https:\/\/api.w.org\/{rel}","templated":true}]}}