{"id":239147,"date":"2025-07-22T23:03:56","date_gmt":"2025-07-23T02:03:56","guid":{"rendered":"https:\/\/portalv1.com.br\/?p=239147"},"modified":"2025-07-22T23:03:59","modified_gmt":"2025-07-23T02:03:59","slug":"vice-toma-posse-como-prefeito-de-nossa-senhora-dos-remedios-apos-renuncia","status":"publish","type":"post","link":"https:\/\/portalv1.com.br\/vice-toma-posse-como-prefeito-de-nossa-senhora-dos-remedios-apos-renuncia\/","title":{"rendered":"Vice toma posse como prefeito de Nossa Senhora dos Rem\u00e9dios ap\u00f3s renuncia"},"content":{"rendered":"\n<p>O vice-prefeito de Nossa Senhora dos Rem\u00e9dios, Carlos Alberto Ribeiro, conhecido como Cearense, assumiu a gest\u00e3o nesta quarta-feira (23). A solenidade de posse ocorre durante sess\u00e3o solene realizada na C\u00e2mara Municipal, ocasi\u00e3o em que o prefeito Z\u00e9 Fernando oficializou sua ren\u00fancia. Antes, teve uma miss\u00e3o em A\u00e7\u00e3o de Gra\u00e7as \u00e0 posse.<\/p>\n\n\n\n<p>Os deputados federais J\u00falio Arcoverde, \u00c1tila Lira do Progressistas e estadual Gustavo Neiva acompanham as solenidades.<\/p>\n\n\n\n<p>Os gestores foram eleitos no pleito de 2024 com 4.951 votos, cerca de 68% do eleitorado de Nossa Senhora dos Rem\u00e9dios. Pr\u00e9-candidato a deputado estadual, Z\u00e9 Fernando antecipou sua sa\u00edda do cargo, j\u00e1 que a legisla\u00e7\u00e3o eleitoral permite que ele permane\u00e7a no mandato at\u00e9 o fim de mar\u00e7o de 2026.<\/p>\n\n\n\n<p>\u201cHoje encerro uma jornada incr\u00edvel de 4 anos e 7 meses \u00e0 frente da Prefeitura de Nossa Senhora dos Rem\u00e9dios. \u00c9 com o cora\u00e7\u00e3o cheio de alegria e um sentimento de dever cumprido que me despe\u00e7o desse cargo que me permitiu servir \u00e0 nossa cidade com todo o amor e paix\u00e3o\u201d, disse o prefeito ao oficializar a ren\u00fancia.<\/p>\n\n\n<figure class=\"wp-block-post-featured-image\"><img loading=\"lazy\" decoding=\"async\" width=\"1600\" height=\"1152\" src=\"https:\/\/portalv1.com.br\/app\/wp-content\/uploads\/2025\/07\/prefeito.jpeg\" class=\"attachment-post-thumbnail size-post-thumbnail wp-post-image\" alt=\"\" style=\"object-fit:cover;\" srcset=\"https:\/\/portalv1.com.br\/app\/wp-content\/uploads\/2025\/07\/prefeito.jpeg 1600w, https:\/\/portalv1.com.br\/app\/wp-content\/uploads\/2025\/07\/prefeito-300x216.jpeg 300w, https:\/\/portalv1.com.br\/app\/wp-content\/uploads\/2025\/07\/prefeito-640x461.jpeg 640w, https:\/\/portalv1.com.br\/app\/wp-content\/uploads\/2025\/07\/prefeito-768x553.jpeg 768w, https:\/\/portalv1.com.br\/app\/wp-content\/uploads\/2025\/07\/prefeito-1536x1106.jpeg 1536w\" sizes=\"auto, (max-width: 1600px) 100vw, 1600px\" \/><\/figure>","protected":false},"excerpt":{"rendered":"<p>O vice-prefeito de Nossa Senhora dos Rem\u00e9dios, Carlos Alberto Ribeiro, conhecido como Cearense, assumiu a gest\u00e3o nesta quarta-feira (23). A solenidade de posse ocorre durante sess\u00e3o solene realizada na C\u00e2mara&#8230;<\/p>\n","protected":false},"author":1,"featured_media":239148,"comment_status":"open","ping_status":"open","sticky":false,"template":"","format":"standard","meta":{"ngg_post_thumbnail":0,"footnotes":""},"categories":[243],"tags":[],"class_list":["post-239147","post","type-post","status-publish","format-standard","has-post-thumbnail","hentry","category-geral"],"views":106,"meta_data":{"thumb":"https:\/\/portalv1.com.br\/app\/wp-content\/uploads\/2025\/07\/prefeito.jpeg","imagem":{"fullsize":{"url":"https:\/\/portalv1.com.br\/app\/wp-content\/uploads\/2025\/07\/prefeito.jpeg","width":1600,"height":1152},"medium":{"url":"https:\/\/portalv1.com.br\/app\/wp-content\/uploads\/2025\/07\/prefeito-300x216.jpeg","width":300,"height":216},"large":{"url":"https:\/\/portalv1.com.br\/app\/wp-content\/uploads\/2025\/07\/prefeito-640x461.jpeg","width":640,"height":461},"thumbnail":{"url":"https:\/\/portalv1.com.br\/app\/wp-content\/uploads\/2025\/07\/prefeito-100x100.jpeg","width":100,"height":100},"medium_large":{"url":"https:\/\/portalv1.com.br\/app\/wp-content\/uploads\/2025\/07\/prefeito-768x553.jpeg","width":768,"height":553},"1536x1536":{"url":"https:\/\/portalv1.com.br\/app\/wp-content\/uploads\/2025\/07\/prefeito-1536x1106.jpeg","width":1536,"height":1106}},"data":{"simple":"22\/07\/2025","date_time":"22\/07\/2025 20:03:56","date":"h\u00e1 9 meses"},"chapeu":"Saiba mais","source":"m_destacada"},"_links":{"self":[{"href":"https:\/\/portalv1.com.br\/api\/wp\/v2\/posts\/239147","targetHints":{"allow":["GET"]}}],"collection":[{"href":"https:\/\/portalv1.com.br\/api\/wp\/v2\/posts"}],"about":[{"href":"https:\/\/portalv1.com.br\/api\/wp\/v2\/types\/post"}],"author":[{"embeddable":true,"href":"https:\/\/portalv1.com.br\/api\/wp\/v2\/users\/1"}],"replies":[{"embeddable":true,"href":"https:\/\/portalv1.com.br\/api\/wp\/v2\/comments?post=239147"}],"version-history":[{"count":0,"href":"https:\/\/portalv1.com.br\/api\/wp\/v2\/posts\/239147\/revisions"}],"wp:featuredmedia":[{"embeddable":true,"href":"https:\/\/portalv1.com.br\/api\/wp\/v2\/media\/239148"}],"wp:attachment":[{"href":"https:\/\/portalv1.com.br\/api\/wp\/v2\/media?parent=239147"}],"wp:term":[{"taxonomy":"category","embeddable":true,"href":"https:\/\/portalv1.com.br\/api\/wp\/v2\/categories?post=239147"},{"taxonomy":"post_tag","embeddable":true,"href":"https:\/\/portalv1.com.br\/api\/wp\/v2\/tags?post=239147"}],"curies":[{"name":"wp","href":"https:\/\/api.w.org\/{rel}","templated":true}]}}