{"id":23932,"date":"2016-06-24T13:47:17","date_gmt":"2016-06-24T16:47:17","guid":{"rendered":"https:\/\/portalv1.com.br\/?p=23932"},"modified":"2016-06-26T22:57:52","modified_gmt":"2016-06-27T01:57:52","slug":"lagoa-do-sitio-juiz-de-valenca-revoga-prisao-de-noemia-barros","status":"publish","type":"post","link":"https:\/\/portalv1.com.br\/lagoa-do-sitio-juiz-de-valenca-revoga-prisao-de-noemia-barros\/","title":{"rendered":"Lagoa do Sitio: Juiz de Valen\u00e7a revoga pris\u00e3o de No\u00eamia Barros"},"content":{"rendered":"<figure id=\"attachment_23933\" aria-describedby=\"caption-attachment-23933\" style=\"width: 640px\" class=\"wp-caption aligncenter\"><a href=\"https:\/\/portalv1.com.br\/app\/wp-content\/uploads\/2016\/06\/34.jpg\"><img loading=\"lazy\" decoding=\"async\" class=\"size-large wp-image-23933\" src=\"https:\/\/portalv1.com.br\/app\/wp-content\/uploads\/2016\/06\/34-640x428.jpg\" alt=\"No\u00eamia Maria da Silva Barros \" width=\"640\" height=\"428\" srcset=\"https:\/\/portalv1.com.br\/app\/wp-content\/uploads\/2016\/06\/34.jpg 640w, https:\/\/portalv1.com.br\/app\/wp-content\/uploads\/2016\/06\/34-300x201.jpg 300w\" sizes=\"auto, (max-width: 640px) 100vw, 640px\" \/><\/a><figcaption id=\"caption-attachment-23933\" class=\"wp-caption-text\">No\u00eamia Maria da Silva Barros<\/figcaption><\/figure>\n<p>O juiz Dr. Juscelino Norberto da Silva Neto da Comarca de Valen\u00e7a revogou a pris\u00e3o preventiva da senhora No\u00eamia Maria da Silva Barros acusada de participar ao lado do ex-prefeito de Lagoa do Sitio Jos\u00e9 Sim\u00e3o da morte da ex-primeira dama Gercineide Monteiro em fevereiro do ano passado.<\/p>\n<p>Com a decis\u00e3o No\u00eamia Barros j\u00e1 est\u00e1 em liberdade, num entanto, o mesmo benef\u00edcio n\u00e3o foi dado ao ex-prefeito Jos\u00e9 Sim\u00e3o que continua preso em Teresina. Em sua decis\u00e3o, o magistrado negou o pedido do ex-prefeito, sob a alega\u00e7\u00e3o de que apesar da conclus\u00e3o da primeira fase do processo j\u00e1 ter sido encerrada ainda persiste uma fase instrutora durante o julgamento em plen\u00e1rio do Tribunal do J\u00fari e devido ao seu poder econ\u00f4mico e pol\u00edtico o r\u00e9u poderia prejudicar essa fase.<\/p>\n<p>\u201cNo caso do r\u00e9u Jos\u00e9 de Arimateas Rabelo, suas condi\u00e7\u00f5es pessoais sinalizam para poder econ\u00f4mico e pol\u00edtico. Demonstra\u00e7\u00e3o desse poder foram os diversos recursos interpostos no in\u00edcio da a\u00e7\u00e3o quando o processo ainda tramitava no Tribunal, o que retardou a tramita\u00e7\u00e3o da presente a\u00e7\u00e3o penal. Portanto, suas condi\u00e7\u00f5es pessoais n\u00e3o s\u00e3o favor\u00e1veis \u00e0 concess\u00e3o de liberdade provis\u00f3ria, ficando evidente a possibilidade de ainda influenciar na instru\u00e7\u00e3o, caso seja revogada sua pris\u00e3o neste momento\u201d argumentou.<\/p>\n<p>Essa influ\u00eancia apontada ao ex-prefeito n\u00e3o foi vista no caso da r\u00e9 No\u00eamia Barros segundo o magistrado.<\/p>\n<p>\u201cDiferentemente do r\u00e9u Jos\u00e9 de Arimateas, ostenta condi\u00e7\u00f5es pessoais absolutamente diversas, sendo uma pessoa sem qualquer poder econ\u00f4mico ou pol\u00edtico, n\u00e3o vislumbrando este magistrado risco dela vir a ter influ\u00eancia na fase probat\u00f3ria de plen\u00e1rio, o que afasta a possibilidade de manter sua pris\u00e3o com vistas a assegurar a instru\u00e7\u00e3o criminal, ou para assegurar a aplica\u00e7\u00e3o da lei penal. Desse modo, revogo a pris\u00e3o preventiva da r\u00e9 NO\u00caMIA MARIA DA SILVA BARROS, aplicando-lhe as medidas cautelares previstas no art. 319, I, III, IV e V, devendo tal acusada sujeitar-se \u00e0s seguintes condi\u00e7\u00f5es, sob pena de restabelecimento da pris\u00e3o preventiva: 1) comparecer mensalmente a este Ju\u00edzo para informar e justificar suas atividades; 2) n\u00e3o manter contatos com os familiares (at\u00e9 o segundo grau) da v\u00edtima e do r\u00e9u Jos\u00e9 de Arimateas; 3) n\u00e3o se ausentar desta Comarca por mais de 08 (oito) dias, sem autoriza\u00e7\u00e3o deste Ju\u00edzo, e 4) recolher-se diariamente em seu domic\u00edlio no per\u00edodo noturno, a partir das 19:00 horas\u201d concluiu.<\/p>\n<p>O Portalv1 conversou com familiares do ex-prefeito Jos\u00e9 Sim\u00e3o que afirmaram n\u00e3o terem entendido a decis\u00e3o do magistrado. Para eles o fato de se tratar de uma pessoa p\u00fablica n\u00e3o \u00e9 motivo para a Justi\u00e7a mant\u00ea-lo preso at\u00e9 porque ap\u00f3s sua soltura existe as condi\u00e7\u00f5es importas pela Justi\u00e7a como foi determinado no caso da r\u00e9 No\u00eamia Barros.\u00a0Para eles a Justi\u00e7a mant\u00e9m sua pris\u00e3o n\u00e3o pelo fato em si, mais unicamente por ser uma pessoa conhecida.<\/p>\n","protected":false},"excerpt":{"rendered":"<p>O juiz Dr. Juscelino Norberto da Silva Neto da Comarca de Valen\u00e7a revogou a pris\u00e3o preventiva da senhora No\u00eamia Maria da Silva Barros acusada de participar ao lado do ex-prefeito&#8230;<\/p>\n","protected":false},"author":1,"featured_media":23933,"comment_status":"open","ping_status":"open","sticky":false,"template":"","format":"standard","meta":{"ngg_post_thumbnail":0,"footnotes":""},"categories":[12],"tags":[],"class_list":["post-23932","post","type-post","status-publish","format-standard","has-post-thumbnail","hentry","category-valenca-news"],"views":2992,"meta_data":{"thumb":"https:\/\/portalv1.com.br\/app\/wp-content\/uploads\/2016\/06\/34.jpg","imagem":{"fullsize":{"url":"https:\/\/portalv1.com.br\/app\/wp-content\/uploads\/2016\/06\/34.jpg","width":640,"height":428},"thumbnail":{"url":"https:\/\/portalv1.com.br\/app\/wp-content\/uploads\/2016\/06\/34-100x100.jpg","width":100,"height":100},"medium":{"url":"https:\/\/portalv1.com.br\/app\/wp-content\/uploads\/2016\/06\/34-300x201.jpg","width":300,"height":201},"large":{"url":"https:\/\/portalv1.com.br\/app\/wp-content\/uploads\/2016\/06\/34-640x428.jpg","width":640,"height":428}},"data":{"simple":"24\/06\/2016","date_time":"24\/06\/2016 10:47:17","date":"h\u00e1 10 anos"},"chapeu":"Lagoa do Sitio ","source":"foto_menor"},"_links":{"self":[{"href":"https:\/\/portalv1.com.br\/api\/wp\/v2\/posts\/23932","targetHints":{"allow":["GET"]}}],"collection":[{"href":"https:\/\/portalv1.com.br\/api\/wp\/v2\/posts"}],"about":[{"href":"https:\/\/portalv1.com.br\/api\/wp\/v2\/types\/post"}],"author":[{"embeddable":true,"href":"https:\/\/portalv1.com.br\/api\/wp\/v2\/users\/1"}],"replies":[{"embeddable":true,"href":"https:\/\/portalv1.com.br\/api\/wp\/v2\/comments?post=23932"}],"version-history":[{"count":0,"href":"https:\/\/portalv1.com.br\/api\/wp\/v2\/posts\/23932\/revisions"}],"wp:featuredmedia":[{"embeddable":true,"href":"https:\/\/portalv1.com.br\/api\/wp\/v2\/media\/23933"}],"wp:attachment":[{"href":"https:\/\/portalv1.com.br\/api\/wp\/v2\/media?parent=23932"}],"wp:term":[{"taxonomy":"category","embeddable":true,"href":"https:\/\/portalv1.com.br\/api\/wp\/v2\/categories?post=23932"},{"taxonomy":"post_tag","embeddable":true,"href":"https:\/\/portalv1.com.br\/api\/wp\/v2\/tags?post=23932"}],"curies":[{"name":"wp","href":"https:\/\/api.w.org\/{rel}","templated":true}]}}