{"id":239810,"date":"2025-07-31T12:42:31","date_gmt":"2025-07-31T15:42:31","guid":{"rendered":"https:\/\/portalv1.com.br\/?p=239810"},"modified":"2025-07-31T12:42:33","modified_gmt":"2025-07-31T15:42:33","slug":"camara-de-novo-oriente-retoma-atividades-legislativas-na-proxima-segunda-feira","status":"publish","type":"post","link":"https:\/\/portalv1.com.br\/camara-de-novo-oriente-retoma-atividades-legislativas-na-proxima-segunda-feira\/","title":{"rendered":"C\u00e2mara de Novo Oriente retoma atividades legislativas na pr\u00f3xima segunda-feira"},"content":{"rendered":"\n<p>O presidente da C\u00e2mara Municipal de Novo Oriente do Piau\u00ed, vereador Marcos Ant\u00f4nio Pereira da Silva, o Toi Velho, confirmou o retorno das atividades legislativas para a pr\u00f3xima segunda-feira, 4 de agosto, ap\u00f3s o recesso parlamentar do m\u00eas de julho, conforme previsto no Regimento Interno da Casa.<\/p>\n\n\n\n<p>A sess\u00e3o solene que marcar\u00e1 a reabertura dos trabalhos acontecer\u00e1 \u00e0s 19h, no plen\u00e1rio Pl\u00e1cido Miranda. Apesar do recesso, o presidente destacou que os vereadores continuaram atuando junto ao parlamento e que o setor administrativo da C\u00e2mara manteve seu funcionamento normalmente durante o per\u00edodo.<\/p>\n\n\n\n<p>Outro destaque do retorno \u00e9 a presen\u00e7a do vereador Z\u00e9 Nilton, que volta ao plen\u00e1rio ap\u00f3s se ausentar das \u00faltimas sess\u00f5es devido a problemas de sa\u00fade.<\/p>\n\n\n\n<p>Toi Velho afirmou ainda que espera manter o ritmo de trabalho do primeiro semestre, quando o Legislativo apresentou, discutiu e aprovou projetos relevantes para o desenvolvimento do munic\u00edpio. As sess\u00f5es seguem sendo transmitidas pelas redes sociais da C\u00e2mara, garantindo transpar\u00eancia e acesso da popula\u00e7\u00e3o \u00e0s atividades legislativas.<\/p>\n\n\n<figure class=\"wp-block-post-featured-image\"><img loading=\"lazy\" decoding=\"async\" width=\"960\" height=\"540\" src=\"https:\/\/portalv1.com.br\/app\/wp-content\/uploads\/2025\/01\/toi-velho.jpg\" class=\"attachment-post-thumbnail size-post-thumbnail wp-post-image\" alt=\"\" style=\"object-fit:cover;\" srcset=\"https:\/\/portalv1.com.br\/app\/wp-content\/uploads\/2025\/01\/toi-velho.jpg 960w, https:\/\/portalv1.com.br\/app\/wp-content\/uploads\/2025\/01\/toi-velho-300x169.jpg 300w, https:\/\/portalv1.com.br\/app\/wp-content\/uploads\/2025\/01\/toi-velho-640x360.jpg 640w, https:\/\/portalv1.com.br\/app\/wp-content\/uploads\/2025\/01\/toi-velho-768x432.jpg 768w\" sizes=\"auto, (max-width: 960px) 100vw, 960px\" \/><\/figure>","protected":false},"excerpt":{"rendered":"<p>O presidente da C\u00e2mara Municipal de Novo Oriente do Piau\u00ed, vereador Marcos Ant\u00f4nio Pereira da Silva, o Toi Velho, confirmou o retorno das atividades legislativas para a pr\u00f3xima segunda-feira, 4&#8230;<\/p>\n","protected":false},"author":1,"featured_media":227381,"comment_status":"open","ping_status":"open","sticky":false,"template":"","format":"standard","meta":{"ngg_post_thumbnail":0,"footnotes":""},"categories":[243],"tags":[],"class_list":["post-239810","post","type-post","status-publish","format-standard","has-post-thumbnail","hentry","category-geral"],"views":96,"meta_data":{"thumb":"https:\/\/portalv1.com.br\/app\/wp-content\/uploads\/2025\/01\/toi-velho.jpg","imagem":{"fullsize":{"url":"https:\/\/portalv1.com.br\/app\/wp-content\/uploads\/2025\/01\/toi-velho.jpg","width":960,"height":540},"medium":{"url":"https:\/\/portalv1.com.br\/app\/wp-content\/uploads\/2025\/01\/toi-velho-300x169.jpg","width":300,"height":169},"large":{"url":"https:\/\/portalv1.com.br\/app\/wp-content\/uploads\/2025\/01\/toi-velho-640x360.jpg","width":640,"height":360},"thumbnail":{"url":"https:\/\/portalv1.com.br\/app\/wp-content\/uploads\/2025\/01\/toi-velho-100x100.jpg","width":100,"height":100},"medium_large":{"url":"https:\/\/portalv1.com.br\/app\/wp-content\/uploads\/2025\/01\/toi-velho-768x432.jpg","width":768,"height":432}},"data":{"simple":"31\/07\/2025","date_time":"31\/07\/2025 09:42:31","date":"h\u00e1 9 meses"},"chapeu":"Saiba mais","source":"slide"},"_links":{"self":[{"href":"https:\/\/portalv1.com.br\/api\/wp\/v2\/posts\/239810","targetHints":{"allow":["GET"]}}],"collection":[{"href":"https:\/\/portalv1.com.br\/api\/wp\/v2\/posts"}],"about":[{"href":"https:\/\/portalv1.com.br\/api\/wp\/v2\/types\/post"}],"author":[{"embeddable":true,"href":"https:\/\/portalv1.com.br\/api\/wp\/v2\/users\/1"}],"replies":[{"embeddable":true,"href":"https:\/\/portalv1.com.br\/api\/wp\/v2\/comments?post=239810"}],"version-history":[{"count":0,"href":"https:\/\/portalv1.com.br\/api\/wp\/v2\/posts\/239810\/revisions"}],"wp:featuredmedia":[{"embeddable":true,"href":"https:\/\/portalv1.com.br\/api\/wp\/v2\/media\/227381"}],"wp:attachment":[{"href":"https:\/\/portalv1.com.br\/api\/wp\/v2\/media?parent=239810"}],"wp:term":[{"taxonomy":"category","embeddable":true,"href":"https:\/\/portalv1.com.br\/api\/wp\/v2\/categories?post=239810"},{"taxonomy":"post_tag","embeddable":true,"href":"https:\/\/portalv1.com.br\/api\/wp\/v2\/tags?post=239810"}],"curies":[{"name":"wp","href":"https:\/\/api.w.org\/{rel}","templated":true}]}}