{"id":239833,"date":"2025-08-01T13:53:49","date_gmt":"2025-08-01T16:53:49","guid":{"rendered":"https:\/\/portalv1.com.br\/?p=239833"},"modified":"2025-08-01T13:58:43","modified_gmt":"2025-08-01T16:58:43","slug":"valenca-do-piaui-da-inicio-a-campanha-agosto-lilas-com-capacitacao-sobre-lei-maria-da-penha","status":"publish","type":"post","link":"https:\/\/portalv1.com.br\/valenca-do-piaui-da-inicio-a-campanha-agosto-lilas-com-capacitacao-sobre-lei-maria-da-penha\/","title":{"rendered":"Valen\u00e7a do Piau\u00ed d\u00e1 in\u00edcio \u00e0 campanha Agosto Lil\u00e1s com capacita\u00e7\u00e3o sobre Lei Maria da Penha"},"content":{"rendered":"\n<p>Nesta sexta-feira, 1\u00ba de agosto, a cidade de Valen\u00e7a do Piau\u00ed deu in\u00edcio \u00e0 programa\u00e7\u00e3o da campanha Agosto Lil\u00e1s, m\u00eas dedicado \u00e0 conscientiza\u00e7\u00e3o e ao combate \u00e0 viol\u00eancia contra a mulher. A abertura aconteceu no audit\u00f3rio da Secretaria Municipal de Educa\u00e7\u00e3o, com uma capacita\u00e7\u00e3o voltada a professores sobre a aplica\u00e7\u00e3o da Lei Maria da Penha no ambiente escolar.<\/p>\n\n\n\n<p>A forma\u00e7\u00e3o foi ministrada pelo juiz da comarca de Valen\u00e7a, Dr. Jos\u00e9 Sodr\u00e9, e contou com a presen\u00e7a da promotora de Justi\u00e7a Dra. D\u00e9bora Arag\u00e3o e da secret\u00e1ria municipal de Comunica\u00e7\u00e3o, Mauric\u00e9lia Sousa, entre outras autoridades.<\/p>\n\n\n\n<p>Durante o evento, o juiz Jos\u00e9 Sodr\u00e9 destacou a import\u00e2ncia de levar o tema para dentro das escolas:<\/p>\n\n\n\n<p>\u201cSem d\u00favida nenhuma, essa capacita\u00e7\u00e3o dos formadores de opini\u00e3o, como os professores, \u00e9 importante sobre esse tema, uma vez que a mudan\u00e7a estrutural que \u00e9 necess\u00e1ria para combater a viol\u00eancia dom\u00e9stica e familiar contra a mulher passa pela conscientiza\u00e7\u00e3o de todos. E ali na escola \u00e9 importante que j\u00e1 se coloque essa percep\u00e7\u00e3o de que esse \u00e9 um tema muito relevante para a sociedade\u201d, afirmou o magistrado.<\/p>\n\n\n\n<p>O juiz tamb\u00e9m chamou aten\u00e7\u00e3o para os casos de descumprimento das medidas protetivas previstas pela lei:<\/p>\n\n\n\n<p>\u201cSe porventura o agressor descumprir, imaginemos aqui uma situa\u00e7\u00e3o que \u00e9 muito comum: a proibi\u00e7\u00e3o de se aproximar da mulher a menos de duzentos metros. Se ele se aproximou, ele estar\u00e1 naquele momento em flagrante delito cometendo um crime. E o que a mulher deve fazer, ou aquele que est\u00e1 vendo essa situa\u00e7\u00e3o, \u00e9 ligar para o 190, ligar pra Pol\u00edcia Militar e, caso caracterizada de fato essa situa\u00e7\u00e3o, conduzir\u00e1 aquele que est\u00e1 descumprindo a medida protetiva em flagrante delito pra delegacia, pra que sejam adotadas as provid\u00eancias necess\u00e1rias.\u201d<\/p>\n\n\n\n<p>A promotora D\u00e9bora Arag\u00e3o tamb\u00e9m falou sobre o aumento no n\u00famero de den\u00fancias de viol\u00eancia dom\u00e9stica, destacando que isso n\u00e3o necessariamente indica um crescimento nos casos, mas sim uma maior conscientiza\u00e7\u00e3o da popula\u00e7\u00e3o:<\/p>\n\n\n\n<p>\u201c\u00c0s vezes, a gente pensa assim: \u2018Ah, mas est\u00e1 aumentando o n\u00famero de feminic\u00eddio, o n\u00famero de viol\u00eancia dom\u00e9stica\u2019. Mas tamb\u00e9m, hoje, mais pessoas est\u00e3o procurando a Justi\u00e7a, mais pessoas est\u00e3o reconhecendo situa\u00e7\u00f5es de viol\u00eancia dom\u00e9stica. Ent\u00e3o, tem aumentado a informa\u00e7\u00e3o. Antes, um vizinho via uma pessoa sendo agredida e n\u00e3o fazia nada. E, hoje em dia, um vizinho pode e deve chamar a pol\u00edcia e muitos casos chegam na Justi\u00e7a por esse meio. E isso faz aumentar os \u00edndices de processos a\u00ed pode at\u00e9 parecer que est\u00e1 aumentando a viol\u00eancia, mas n\u00e3o est\u00e1. Est\u00e1 aumentando a puni\u00e7\u00e3o desses casos\u201d, afirmou a promotora.<\/p>\n\n\n\n<p>J\u00e1 a secret\u00e1ria de Comunica\u00e7\u00e3o, Mauric\u00e9lia Sousa, aproveitou a ocasi\u00e3o para convidar toda a sociedade a participar da programa\u00e7\u00e3o do Agosto Lil\u00e1s em Valen\u00e7a. Ela refor\u00e7ou que as mulheres n\u00e3o est\u00e3o sozinhas:<\/p>\n\n\n\n<p>\u201c\u00c9 importante reafirmar que as mulheres n\u00e3o est\u00e3o sozinhas e que podem procurar a rede de prote\u00e7\u00e3o, que em Valen\u00e7a est\u00e1 bem estruturada para atender essa mulher que necessite desse apoio\u201d disse Mauricelia que convidou a todos para os pr\u00f3ximos eventos dias 6 e 7 de agosto.<\/p>\n\n\n\n<figure class=\"wp-block-image size-large\"><img loading=\"lazy\" decoding=\"async\" width=\"640\" height=\"853\" src=\"https:\/\/portalv1.com.br\/app\/wp-content\/uploads\/2025\/08\/WhatsApp-Image-2025-07-29-at-22.03.03-640x853.jpeg\" alt=\"\" class=\"wp-image-239842\" srcset=\"https:\/\/portalv1.com.br\/app\/wp-content\/uploads\/2025\/08\/WhatsApp-Image-2025-07-29-at-22.03.03-640x853.jpeg 640w, https:\/\/portalv1.com.br\/app\/wp-content\/uploads\/2025\/08\/WhatsApp-Image-2025-07-29-at-22.03.03-300x400.jpeg 300w, https:\/\/portalv1.com.br\/app\/wp-content\/uploads\/2025\/08\/WhatsApp-Image-2025-07-29-at-22.03.03-768x1024.jpeg 768w, https:\/\/portalv1.com.br\/app\/wp-content\/uploads\/2025\/08\/WhatsApp-Image-2025-07-29-at-22.03.03.jpeg 1080w\" sizes=\"auto, (max-width: 640px) 100vw, 640px\" \/><\/figure>\n\n\n\n<figure class=\"wp-block-image size-large\"><img loading=\"lazy\" decoding=\"async\" width=\"640\" height=\"853\" src=\"https:\/\/portalv1.com.br\/app\/wp-content\/uploads\/2025\/08\/WhatsApp-Image-2025-07-29-at-22.03.02-640x853.jpeg\" alt=\"\" class=\"wp-image-239841\" srcset=\"https:\/\/portalv1.com.br\/app\/wp-content\/uploads\/2025\/08\/WhatsApp-Image-2025-07-29-at-22.03.02-640x853.jpeg 640w, https:\/\/portalv1.com.br\/app\/wp-content\/uploads\/2025\/08\/WhatsApp-Image-2025-07-29-at-22.03.02-300x400.jpeg 300w, https:\/\/portalv1.com.br\/app\/wp-content\/uploads\/2025\/08\/WhatsApp-Image-2025-07-29-at-22.03.02-768x1024.jpeg 768w, https:\/\/portalv1.com.br\/app\/wp-content\/uploads\/2025\/08\/WhatsApp-Image-2025-07-29-at-22.03.02.jpeg 1080w\" sizes=\"auto, (max-width: 640px) 100vw, 640px\" \/><\/figure>\n\n\n<div class=\"ngg-galleryoverview\" id=\"1\">\n              <div data-widget=\"Galeria\" data-props=\"{&quot;galeria&quot;:{&quot;max_page&quot;:1,&quot;total&quot;:7,&quot;gallery_id&quot;:1,&quot;images&quot;:[{&quot;thumbcode&quot;:&quot;https:\\\/\\\/portalv1.com.br\\\/app\\\/wp-content\\\/uploads\\\/2025\\\/08\\\/WhatsApp-Image-2025-08-01-at-10.42.25-400x250.jpeg&quot;,&quot;imageURL&quot;:&quot;https:\\\/\\\/portalv1.com.br\\\/app\\\/wp-content\\\/uploads\\\/2025\\\/08\\\/WhatsApp-Image-2025-08-01-at-10.42.25.jpeg&quot;,&quot;pid&quot;:239834,&quot;galleryid&quot;:1,&quot;description&quot;:&quot;&quot;,&quot;alttext&quot;:&quot;Valen\\u00e7a do Piau\\u00ed d\\u00e1 in\\u00edcio \\u00e0 campanha Agosto Lil\\u00e1s com capacita\\u00e7\\u00e3o sobre Lei Maria da Penha&quot;,&quot;thumbnailURL&quot;:&quot;https:\\\/\\\/portalv1.com.br\\\/app\\\/wp-content\\\/uploads\\\/2025\\\/08\\\/WhatsApp-Image-2025-08-01-at-10.42.25-400x250.jpeg&quot;,&quot;style&quot;:&quot;&quot;},{&quot;thumbcode&quot;:&quot;https:\\\/\\\/portalv1.com.br\\\/app\\\/wp-content\\\/uploads\\\/2025\\\/08\\\/WhatsApp-Image-2025-08-01-at-10.50.57-400x250.jpeg&quot;,&quot;imageURL&quot;:&quot;https:\\\/\\\/portalv1.com.br\\\/app\\\/wp-content\\\/uploads\\\/2025\\\/08\\\/WhatsApp-Image-2025-08-01-at-10.50.57.jpeg&quot;,&quot;pid&quot;:239835,&quot;galleryid&quot;:1,&quot;description&quot;:&quot;&quot;,&quot;alttext&quot;:&quot;Valen\\u00e7a do Piau\\u00ed d\\u00e1 in\\u00edcio \\u00e0 campanha Agosto Lil\\u00e1s com capacita\\u00e7\\u00e3o sobre Lei Maria da Penha&quot;,&quot;thumbnailURL&quot;:&quot;https:\\\/\\\/portalv1.com.br\\\/app\\\/wp-content\\\/uploads\\\/2025\\\/08\\\/WhatsApp-Image-2025-08-01-at-10.50.57-400x250.jpeg&quot;,&quot;style&quot;:&quot;&quot;},{&quot;thumbcode&quot;:&quot;https:\\\/\\\/portalv1.com.br\\\/app\\\/wp-content\\\/uploads\\\/2025\\\/08\\\/WhatsApp-Image-2025-08-01-at-10.42.47-400x250.jpeg&quot;,&quot;imageURL&quot;:&quot;https:\\\/\\\/portalv1.com.br\\\/app\\\/wp-content\\\/uploads\\\/2025\\\/08\\\/WhatsApp-Image-2025-08-01-at-10.42.47.jpeg&quot;,&quot;pid&quot;:239836,&quot;galleryid&quot;:1,&quot;description&quot;:&quot;&quot;,&quot;alttext&quot;:&quot;Valen\\u00e7a do Piau\\u00ed d\\u00e1 in\\u00edcio \\u00e0 campanha Agosto Lil\\u00e1s com capacita\\u00e7\\u00e3o sobre Lei Maria da Penha&quot;,&quot;thumbnailURL&quot;:&quot;https:\\\/\\\/portalv1.com.br\\\/app\\\/wp-content\\\/uploads\\\/2025\\\/08\\\/WhatsApp-Image-2025-08-01-at-10.42.47-400x250.jpeg&quot;,&quot;style&quot;:&quot;&quot;},{&quot;thumbcode&quot;:&quot;https:\\\/\\\/portalv1.com.br\\\/app\\\/wp-content\\\/uploads\\\/2025\\\/08\\\/WhatsApp-Image-2025-08-01-at-10.42.36-400x250.jpeg&quot;,&quot;imageURL&quot;:&quot;https:\\\/\\\/portalv1.com.br\\\/app\\\/wp-content\\\/uploads\\\/2025\\\/08\\\/WhatsApp-Image-2025-08-01-at-10.42.36.jpeg&quot;,&quot;pid&quot;:239837,&quot;galleryid&quot;:1,&quot;description&quot;:&quot;&quot;,&quot;alttext&quot;:&quot;Valen\\u00e7a do Piau\\u00ed d\\u00e1 in\\u00edcio \\u00e0 campanha Agosto Lil\\u00e1s com capacita\\u00e7\\u00e3o sobre Lei Maria da Penha&quot;,&quot;thumbnailURL&quot;:&quot;https:\\\/\\\/portalv1.com.br\\\/app\\\/wp-content\\\/uploads\\\/2025\\\/08\\\/WhatsApp-Image-2025-08-01-at-10.42.36-400x250.jpeg&quot;,&quot;style&quot;:&quot;&quot;},{&quot;thumbcode&quot;:&quot;https:\\\/\\\/portalv1.com.br\\\/app\\\/wp-content\\\/uploads\\\/2025\\\/08\\\/WhatsApp-Image-2025-08-01-at-10.42.29-400x250.jpeg&quot;,&quot;imageURL&quot;:&quot;https:\\\/\\\/portalv1.com.br\\\/app\\\/wp-content\\\/uploads\\\/2025\\\/08\\\/WhatsApp-Image-2025-08-01-at-10.42.29.jpeg&quot;,&quot;pid&quot;:239838,&quot;galleryid&quot;:1,&quot;description&quot;:&quot;&quot;,&quot;alttext&quot;:&quot;Valen\\u00e7a do Piau\\u00ed d\\u00e1 in\\u00edcio \\u00e0 campanha Agosto Lil\\u00e1s com capacita\\u00e7\\u00e3o sobre Lei Maria da Penha&quot;,&quot;thumbnailURL&quot;:&quot;https:\\\/\\\/portalv1.com.br\\\/app\\\/wp-content\\\/uploads\\\/2025\\\/08\\\/WhatsApp-Image-2025-08-01-at-10.42.29-400x250.jpeg&quot;,&quot;style&quot;:&quot;&quot;},{&quot;thumbcode&quot;:&quot;https:\\\/\\\/portalv1.com.br\\\/app\\\/wp-content\\\/uploads\\\/2025\\\/08\\\/WhatsApp-Image-2025-08-01-at-10.42.53-400x250.jpeg&quot;,&quot;imageURL&quot;:&quot;https:\\\/\\\/portalv1.com.br\\\/app\\\/wp-content\\\/uploads\\\/2025\\\/08\\\/WhatsApp-Image-2025-08-01-at-10.42.53.jpeg&quot;,&quot;pid&quot;:239839,&quot;galleryid&quot;:1,&quot;description&quot;:&quot;&quot;,&quot;alttext&quot;:&quot;Valen\\u00e7a do Piau\\u00ed d\\u00e1 in\\u00edcio \\u00e0 campanha Agosto Lil\\u00e1s com capacita\\u00e7\\u00e3o sobre Lei Maria da Penha&quot;,&quot;thumbnailURL&quot;:&quot;https:\\\/\\\/portalv1.com.br\\\/app\\\/wp-content\\\/uploads\\\/2025\\\/08\\\/WhatsApp-Image-2025-08-01-at-10.42.53-400x250.jpeg&quot;,&quot;style&quot;:&quot;&quot;},{&quot;thumbcode&quot;:&quot;https:\\\/\\\/portalv1.com.br\\\/app\\\/wp-content\\\/uploads\\\/2025\\\/08\\\/WhatsApp-Image-2025-08-01-at-10.42.41-400x250.jpeg&quot;,&quot;imageURL&quot;:&quot;https:\\\/\\\/portalv1.com.br\\\/app\\\/wp-content\\\/uploads\\\/2025\\\/08\\\/WhatsApp-Image-2025-08-01-at-10.42.41.jpeg&quot;,&quot;pid&quot;:239840,&quot;galleryid&quot;:1,&quot;description&quot;:&quot;&quot;,&quot;alttext&quot;:&quot;Valen\\u00e7a do Piau\\u00ed d\\u00e1 in\\u00edcio \\u00e0 campanha Agosto Lil\\u00e1s com capacita\\u00e7\\u00e3o sobre Lei Maria da Penha&quot;,&quot;thumbnailURL&quot;:&quot;https:\\\/\\\/portalv1.com.br\\\/app\\\/wp-content\\\/uploads\\\/2025\\\/08\\\/WhatsApp-Image-2025-08-01-at-10.42.41-400x250.jpeg&quot;,&quot;style&quot;:&quot;&quot;}]}}\"><\/div>\n            <\/div>","protected":false},"excerpt":{"rendered":"<p>Nesta sexta-feira, 1\u00ba de agosto, a cidade de Valen\u00e7a do Piau\u00ed deu in\u00edcio \u00e0 programa\u00e7\u00e3o da campanha Agosto Lil\u00e1s, m\u00eas dedicado \u00e0 conscientiza\u00e7\u00e3o e ao combate \u00e0 viol\u00eancia contra a&#8230;<\/p>\n","protected":false},"author":1,"featured_media":239843,"comment_status":"open","ping_status":"open","sticky":false,"template":"","format":"standard","meta":{"ngg_post_thumbnail":0,"footnotes":""},"categories":[243],"tags":[],"class_list":["post-239833","post","type-post","status-publish","format-standard","has-post-thumbnail","hentry","category-geral"],"views":272,"meta_data":{"thumb":"https:\/\/portalv1.com.br\/app\/wp-content\/uploads\/2025\/08\/WhatsApp-Image-2025-08-01-at-10.42.47-1.jpeg","imagem":{"fullsize":{"url":"https:\/\/portalv1.com.br\/app\/wp-content\/uploads\/2025\/08\/WhatsApp-Image-2025-08-01-at-10.42.47-1.jpeg","width":1280,"height":720},"medium":{"url":"https:\/\/portalv1.com.br\/app\/wp-content\/uploads\/2025\/08\/WhatsApp-Image-2025-08-01-at-10.42.47-1-300x169.jpeg","width":300,"height":169},"large":{"url":"https:\/\/portalv1.com.br\/app\/wp-content\/uploads\/2025\/08\/WhatsApp-Image-2025-08-01-at-10.42.47-1-640x360.jpeg","width":640,"height":360},"thumbnail":{"url":"https:\/\/portalv1.com.br\/app\/wp-content\/uploads\/2025\/08\/WhatsApp-Image-2025-08-01-at-10.42.47-1-100x100.jpeg","width":100,"height":100},"medium_large":{"url":"https:\/\/portalv1.com.br\/app\/wp-content\/uploads\/2025\/08\/WhatsApp-Image-2025-08-01-at-10.42.47-1-768x432.jpeg","width":768,"height":432}},"data":{"simple":"01\/08\/2025","date_time":"01\/08\/2025 10:53:49","date":"h\u00e1 9 meses"},"chapeu":"Luta","source":"slide"},"_links":{"self":[{"href":"https:\/\/portalv1.com.br\/api\/wp\/v2\/posts\/239833","targetHints":{"allow":["GET"]}}],"collection":[{"href":"https:\/\/portalv1.com.br\/api\/wp\/v2\/posts"}],"about":[{"href":"https:\/\/portalv1.com.br\/api\/wp\/v2\/types\/post"}],"author":[{"embeddable":true,"href":"https:\/\/portalv1.com.br\/api\/wp\/v2\/users\/1"}],"replies":[{"embeddable":true,"href":"https:\/\/portalv1.com.br\/api\/wp\/v2\/comments?post=239833"}],"version-history":[{"count":0,"href":"https:\/\/portalv1.com.br\/api\/wp\/v2\/posts\/239833\/revisions"}],"wp:featuredmedia":[{"embeddable":true,"href":"https:\/\/portalv1.com.br\/api\/wp\/v2\/media\/239843"}],"wp:attachment":[{"href":"https:\/\/portalv1.com.br\/api\/wp\/v2\/media?parent=239833"}],"wp:term":[{"taxonomy":"category","embeddable":true,"href":"https:\/\/portalv1.com.br\/api\/wp\/v2\/categories?post=239833"},{"taxonomy":"post_tag","embeddable":true,"href":"https:\/\/portalv1.com.br\/api\/wp\/v2\/tags?post=239833"}],"curies":[{"name":"wp","href":"https:\/\/api.w.org\/{rel}","templated":true}]}}