{"id":240214,"date":"2025-08-13T10:13:17","date_gmt":"2025-08-13T13:13:17","guid":{"rendered":"https:\/\/portalv1.com.br\/?p=240214"},"modified":"2025-08-13T10:19:11","modified_gmt":"2025-08-13T13:19:11","slug":"radialista-e-ex-vereador-bibi-morre-apos-lutar-contra-cancer-na-garganta","status":"publish","type":"post","link":"https:\/\/portalv1.com.br\/radialista-e-ex-vereador-bibi-morre-apos-lutar-contra-cancer-na-garganta\/","title":{"rendered":"Radialista e ex-vereador Bibi morre ap\u00f3s lutar contra c\u00e2ncer na garganta"},"content":{"rendered":"\n<p>O presidente da Associa\u00e7\u00e3o Profissional dos Cronistas Desportivos do Estado do Piau\u00ed (APCDEP), Chico Costa, divulgou nota de pesar pelo falecimento do cronista esportivo Valdemir de Castro, conhecido como \u201cBibi\u201d, ocorrido nesta quarta-feira (13), aos 61 anos, em Campo Maior.<\/p>\n\n\n\n<p>\u201c\u00c9 com profundo pesar que lamentamos o falecimento do radialista Valdemir de Castro (Bibi), ocorrido hoje (13) em Campo Maior (PI). Sua partida deixa um vazio na comunidade radiof\u00f4nica do Estado do Piau\u00ed e em nossos cora\u00e7\u00f5es. Nossas sinceras condol\u00eancias \u00e0 fam\u00edlia e aos amigos neste momento de dor\u201d, diz a nota.<\/p>\n\n\n\n<p>Bibi lutava contra um c\u00e2ncer na garganta diagnosticado neste ano. Ele estava internado na UTI do Hospital Regional de Campo Maior desde o \u00faltimo s\u00e1bado (9) e faleceu ap\u00f3s uma parada card\u00edaca nesta quarta-feira.<\/p>\n\n\n\n<p>Al\u00e9m de sua trajet\u00f3ria no r\u00e1dio e no jornalismo esportivo, Bibi tamb\u00e9m atuou na pol\u00edtica, exercendo dois mandatos como vereador em Campo Maior.<\/p>\n\n\n<figure class=\"wp-block-post-featured-image\"><img loading=\"lazy\" decoding=\"async\" width=\"800\" height=\"600\" src=\"https:\/\/portalv1.com.br\/app\/wp-content\/uploads\/2025\/08\/bibidecastro1.jpg\" class=\"attachment-post-thumbnail size-post-thumbnail wp-post-image\" alt=\"\" style=\"object-fit:cover;\" srcset=\"https:\/\/portalv1.com.br\/app\/wp-content\/uploads\/2025\/08\/bibidecastro1.jpg 800w, https:\/\/portalv1.com.br\/app\/wp-content\/uploads\/2025\/08\/bibidecastro1-300x225.jpg 300w, https:\/\/portalv1.com.br\/app\/wp-content\/uploads\/2025\/08\/bibidecastro1-640x480.jpg 640w, https:\/\/portalv1.com.br\/app\/wp-content\/uploads\/2025\/08\/bibidecastro1-768x576.jpg 768w\" sizes=\"auto, (max-width: 800px) 100vw, 800px\" \/><\/figure>","protected":false},"excerpt":{"rendered":"<p>O presidente da Associa\u00e7\u00e3o Profissional dos Cronistas Desportivos do Estado do Piau\u00ed (APCDEP), Chico Costa, divulgou nota de pesar pelo falecimento do cronista esportivo Valdemir de Castro, conhecido como \u201cBibi\u201d,&#8230;<\/p>\n","protected":false},"author":1,"featured_media":240215,"comment_status":"open","ping_status":"open","sticky":false,"template":"","format":"standard","meta":{"ngg_post_thumbnail":0,"footnotes":""},"categories":[243],"tags":[],"class_list":["post-240214","post","type-post","status-publish","format-standard","has-post-thumbnail","hentry","category-geral"],"views":328,"meta_data":{"thumb":"https:\/\/portalv1.com.br\/app\/wp-content\/uploads\/2025\/08\/bibidecastro1.jpg","imagem":{"fullsize":{"url":"https:\/\/portalv1.com.br\/app\/wp-content\/uploads\/2025\/08\/bibidecastro1.jpg","width":800,"height":600},"medium":{"url":"https:\/\/portalv1.com.br\/app\/wp-content\/uploads\/2025\/08\/bibidecastro1-300x225.jpg","width":300,"height":225},"large":{"url":"https:\/\/portalv1.com.br\/app\/wp-content\/uploads\/2025\/08\/bibidecastro1-640x480.jpg","width":640,"height":480},"thumbnail":{"url":"https:\/\/portalv1.com.br\/app\/wp-content\/uploads\/2025\/08\/bibidecastro1-100x100.jpg","width":100,"height":100},"medium_large":{"url":"https:\/\/portalv1.com.br\/app\/wp-content\/uploads\/2025\/08\/bibidecastro1-768x576.jpg","width":768,"height":576}},"data":{"simple":"13\/08\/2025","date_time":"13\/08\/2025 07:13:17","date":"h\u00e1 9 meses"},"chapeu":"LUTO NA COMUNICA\u00c7\u00c3O ","source":"m_destacada"},"_links":{"self":[{"href":"https:\/\/portalv1.com.br\/api\/wp\/v2\/posts\/240214","targetHints":{"allow":["GET"]}}],"collection":[{"href":"https:\/\/portalv1.com.br\/api\/wp\/v2\/posts"}],"about":[{"href":"https:\/\/portalv1.com.br\/api\/wp\/v2\/types\/post"}],"author":[{"embeddable":true,"href":"https:\/\/portalv1.com.br\/api\/wp\/v2\/users\/1"}],"replies":[{"embeddable":true,"href":"https:\/\/portalv1.com.br\/api\/wp\/v2\/comments?post=240214"}],"version-history":[{"count":0,"href":"https:\/\/portalv1.com.br\/api\/wp\/v2\/posts\/240214\/revisions"}],"wp:featuredmedia":[{"embeddable":true,"href":"https:\/\/portalv1.com.br\/api\/wp\/v2\/media\/240215"}],"wp:attachment":[{"href":"https:\/\/portalv1.com.br\/api\/wp\/v2\/media?parent=240214"}],"wp:term":[{"taxonomy":"category","embeddable":true,"href":"https:\/\/portalv1.com.br\/api\/wp\/v2\/categories?post=240214"},{"taxonomy":"post_tag","embeddable":true,"href":"https:\/\/portalv1.com.br\/api\/wp\/v2\/tags?post=240214"}],"curies":[{"name":"wp","href":"https:\/\/api.w.org\/{rel}","templated":true}]}}