{"id":240649,"date":"2025-08-22T17:36:11","date_gmt":"2025-08-22T20:36:11","guid":{"rendered":"https:\/\/portalv1.com.br\/?p=240649"},"modified":"2025-08-22T17:36:53","modified_gmt":"2025-08-22T20:36:53","slug":"grupo-mev-promove-feira-livre-com-programacao-especial-em-valenca","status":"publish","type":"post","link":"https:\/\/portalv1.com.br\/grupo-mev-promove-feira-livre-com-programacao-especial-em-valenca\/","title":{"rendered":"Grupo MEV promove feira livre com programa\u00e7\u00e3o especial em Valen\u00e7a"},"content":{"rendered":"\n<p>O grupo MEV \u2013 Mulheres Empreendedoras de Valen\u00e7a realiza neste s\u00e1bado, 23 de agosto, a partir das 17h, mais uma edi\u00e7\u00e3o de sua tradicional feira livre, na Pra\u00e7a Get\u00falio Vargas.<\/p>\n\n\n\n<p>O evento, que j\u00e1 se consolidou como um espa\u00e7o de valoriza\u00e7\u00e3o do trabalho feminino e de fortalecimento da economia local, conta com o apoio da Prefeitura Municipal de Valen\u00e7a, atrav\u00e9s da Secretaria de Cultura e Turismo, da Secretaria de Trabalho e Emprego e da SECOM.<\/p>\n\n\n\n<p>Durante a feira, o p\u00fablico poder\u00e1 conferir a exposi\u00e7\u00e3o e venda de produtos produzidos pelas empreendedoras do grupo, al\u00e9m de uma variada pra\u00e7a de alimenta\u00e7\u00e3o. A programa\u00e7\u00e3o tamb\u00e9m inclui um bingo animado e o sorteio de pr\u00eamios especiais em homenagem ao Dia dos Pais.<\/p>\n\n\n\n<p>Para as crian\u00e7as, haver\u00e1 ainda um parquinho recreativo, garantindo divers\u00e3o para toda a fam\u00edlia. A feira do MEV \u00e9 aberta ao p\u00fablico e promete movimentar o centro de Valen\u00e7a, reunindo cultura, empreendedorismo e lazer.<\/p>\n\n\n\n<figure class=\"wp-block-image size-large\"><img loading=\"lazy\" decoding=\"async\" width=\"640\" height=\"853\" src=\"https:\/\/portalv1.com.br\/app\/wp-content\/uploads\/2025\/08\/IMG-20250822-WA0046-640x853.jpg\" alt=\"\" class=\"wp-image-240650\" srcset=\"https:\/\/portalv1.com.br\/app\/wp-content\/uploads\/2025\/08\/IMG-20250822-WA0046-640x853.jpg 640w, https:\/\/portalv1.com.br\/app\/wp-content\/uploads\/2025\/08\/IMG-20250822-WA0046-300x400.jpg 300w, https:\/\/portalv1.com.br\/app\/wp-content\/uploads\/2025\/08\/IMG-20250822-WA0046-768x1024.jpg 768w, https:\/\/portalv1.com.br\/app\/wp-content\/uploads\/2025\/08\/IMG-20250822-WA0046.jpg 1080w\" sizes=\"auto, (max-width: 640px) 100vw, 640px\" \/><\/figure>\n\n\n\n<figure class=\"wp-block-image size-large\"><img loading=\"lazy\" decoding=\"async\" width=\"640\" height=\"1135\" src=\"https:\/\/portalv1.com.br\/app\/wp-content\/uploads\/2025\/08\/IMG-20250822-WA0058-640x1135.jpg\" alt=\"\" class=\"wp-image-240652\" srcset=\"https:\/\/portalv1.com.br\/app\/wp-content\/uploads\/2025\/08\/IMG-20250822-WA0058-640x1135.jpg 640w, https:\/\/portalv1.com.br\/app\/wp-content\/uploads\/2025\/08\/IMG-20250822-WA0058-300x532.jpg 300w, https:\/\/portalv1.com.br\/app\/wp-content\/uploads\/2025\/08\/IMG-20250822-WA0058.jpg 717w\" sizes=\"auto, (max-width: 640px) 100vw, 640px\" \/><\/figure>\n","protected":false},"excerpt":{"rendered":"<p>O grupo MEV \u2013 Mulheres Empreendedoras de Valen\u00e7a realiza neste s\u00e1bado, 23 de agosto, a partir das 17h, mais uma edi\u00e7\u00e3o de sua tradicional feira livre, na Pra\u00e7a Get\u00falio Vargas&#8230;.<\/p>\n","protected":false},"author":1,"featured_media":240653,"comment_status":"open","ping_status":"open","sticky":false,"template":"","format":"standard","meta":{"ngg_post_thumbnail":0,"footnotes":""},"categories":[243],"tags":[],"class_list":["post-240649","post","type-post","status-publish","format-standard","has-post-thumbnail","hentry","category-geral"],"views":208,"meta_data":{"thumb":"https:\/\/portalv1.com.br\/app\/wp-content\/uploads\/2025\/08\/IMG-20250822-WA0059.jpg","imagem":{"fullsize":{"url":"https:\/\/portalv1.com.br\/app\/wp-content\/uploads\/2025\/08\/IMG-20250822-WA0059.jpg","width":1080,"height":752},"medium":{"url":"https:\/\/portalv1.com.br\/app\/wp-content\/uploads\/2025\/08\/IMG-20250822-WA0059-300x209.jpg","width":300,"height":209},"large":{"url":"https:\/\/portalv1.com.br\/app\/wp-content\/uploads\/2025\/08\/IMG-20250822-WA0059-640x446.jpg","width":640,"height":446},"thumbnail":{"url":"https:\/\/portalv1.com.br\/app\/wp-content\/uploads\/2025\/08\/IMG-20250822-WA0059-100x100.jpg","width":100,"height":100},"medium_large":{"url":"https:\/\/portalv1.com.br\/app\/wp-content\/uploads\/2025\/08\/IMG-20250822-WA0059-768x535.jpg","width":768,"height":535}},"data":{"simple":"22\/08\/2025","date_time":"22\/08\/2025 14:36:11","date":"h\u00e1 8 meses"},"chapeu":"Veja como vai ser","source":"m_destacada"},"_links":{"self":[{"href":"https:\/\/portalv1.com.br\/api\/wp\/v2\/posts\/240649","targetHints":{"allow":["GET"]}}],"collection":[{"href":"https:\/\/portalv1.com.br\/api\/wp\/v2\/posts"}],"about":[{"href":"https:\/\/portalv1.com.br\/api\/wp\/v2\/types\/post"}],"author":[{"embeddable":true,"href":"https:\/\/portalv1.com.br\/api\/wp\/v2\/users\/1"}],"replies":[{"embeddable":true,"href":"https:\/\/portalv1.com.br\/api\/wp\/v2\/comments?post=240649"}],"version-history":[{"count":0,"href":"https:\/\/portalv1.com.br\/api\/wp\/v2\/posts\/240649\/revisions"}],"wp:featuredmedia":[{"embeddable":true,"href":"https:\/\/portalv1.com.br\/api\/wp\/v2\/media\/240653"}],"wp:attachment":[{"href":"https:\/\/portalv1.com.br\/api\/wp\/v2\/media?parent=240649"}],"wp:term":[{"taxonomy":"category","embeddable":true,"href":"https:\/\/portalv1.com.br\/api\/wp\/v2\/categories?post=240649"},{"taxonomy":"post_tag","embeddable":true,"href":"https:\/\/portalv1.com.br\/api\/wp\/v2\/tags?post=240649"}],"curies":[{"name":"wp","href":"https:\/\/api.w.org\/{rel}","templated":true}]}}