{"id":240660,"date":"2025-08-23T10:22:46","date_gmt":"2025-08-23T13:22:46","guid":{"rendered":"https:\/\/portalv1.com.br\/?p=240660"},"modified":"2025-08-23T10:33:50","modified_gmt":"2025-08-23T13:33:50","slug":"prefeito-afonso-sobreira-participa-do-iii-seminario-municipal-do-ppaic-em-novo-oriente","status":"publish","type":"post","link":"https:\/\/portalv1.com.br\/prefeito-afonso-sobreira-participa-do-iii-seminario-municipal-do-ppaic-em-novo-oriente\/","title":{"rendered":"Prefeito Afonso Sobreira participa do III Semin\u00e1rio Municipal do PPAIC em Novo Oriente"},"content":{"rendered":"\n<p>Na sexta-feira (22), o prefeito Afonso Sobreira participou do III Semin\u00e1rio Municipal do Programa Piauiense de Alfabetiza\u00e7\u00e3o na Idade Certa (PPAIC), realizado em Novo Oriente. O encontro promoveu momentos de aprendizado e troca de experi\u00eancias fundamentais para o fortalecimento da alfabetiza\u00e7\u00e3o no munic\u00edpio.<\/p>\n\n\n\n<p>Com o tema \u201cAlfabetizar com Equidade: Boas pr\u00e1ticas para ensinar todos e cada um\u201d, o semin\u00e1rio destacou a import\u00e2ncia de garantir que todas as crian\u00e7as tenham acesso \u00e0s mesmas oportunidades de aprendizagem e desenvolvimento.<\/p>\n\n\n\n<p>A programa\u00e7\u00e3o contou com palestra ministrada por Andr\u00e9 Ferreira e reuniu a secret\u00e1ria municipal de Educa\u00e7\u00e3o, Iraci Soares, o coordenador Edivaldo Miranda, a coordenadora regional do PPAIC, Teresinha Il\u00e1rio, vereadores Nonato do PT e Z\u00e9 Nilton, al\u00e9m de educadores e convidados.<\/p>\n\n\n\n<p>Em seu pronunciamento, o prefeito Afonso Sobreira ressaltou os avan\u00e7os da educa\u00e7\u00e3o em Novo Oriente e reafirmou o compromisso da gest\u00e3o em apoiar professores e gestores escolares. Ele tamb\u00e9m parabenizou a equipe pedag\u00f3gica pelas pr\u00e1ticas exitosas que t\u00eam contribu\u00eddo para a melhoria dos \u00edndices educacionais do munic\u00edpio ano ap\u00f3s ano. <a href=\"https:\/\/www.instagram.com\/reel\/DNra0lIXI6-\/?utm_source=ig_web_copy_link\">Veja como foi o evento clicando aqui <\/a><\/p>\n\n\n<div class=\"ngg-galleryoverview\" id=\"1\">\n              <div data-widget=\"Galeria\" data-props=\"{&quot;galeria&quot;:{&quot;max_page&quot;:1,&quot;total&quot;:9,&quot;gallery_id&quot;:1,&quot;images&quot;:[{&quot;thumbcode&quot;:&quot;https:\\\/\\\/portalv1.com.br\\\/app\\\/wp-content\\\/uploads\\\/2025\\\/08\\\/WhatsApp-Image-2025-08-23-at-10.13.09-400x250.jpeg&quot;,&quot;imageURL&quot;:&quot;https:\\\/\\\/portalv1.com.br\\\/app\\\/wp-content\\\/uploads\\\/2025\\\/08\\\/WhatsApp-Image-2025-08-23-at-10.13.09.jpeg&quot;,&quot;pid&quot;:240661,&quot;galleryid&quot;:1,&quot;description&quot;:&quot;&quot;,&quot;alttext&quot;:&quot;Prefeito Afonso Sobreira participa do III Semin\\u00e1rio Municipal do PPAIC em Novo Oriente&quot;,&quot;thumbnailURL&quot;:&quot;https:\\\/\\\/portalv1.com.br\\\/app\\\/wp-content\\\/uploads\\\/2025\\\/08\\\/WhatsApp-Image-2025-08-23-at-10.13.09-400x250.jpeg&quot;,&quot;style&quot;:&quot;&quot;},{&quot;thumbcode&quot;:&quot;https:\\\/\\\/portalv1.com.br\\\/app\\\/wp-content\\\/uploads\\\/2025\\\/08\\\/WhatsApp-Image-2025-08-23-at-10.15.06-400x250.jpeg&quot;,&quot;imageURL&quot;:&quot;https:\\\/\\\/portalv1.com.br\\\/app\\\/wp-content\\\/uploads\\\/2025\\\/08\\\/WhatsApp-Image-2025-08-23-at-10.15.06.jpeg&quot;,&quot;pid&quot;:240662,&quot;galleryid&quot;:1,&quot;description&quot;:&quot;&quot;,&quot;alttext&quot;:&quot;Prefeito Afonso Sobreira participa do III Semin\\u00e1rio Municipal do PPAIC em Novo Oriente&quot;,&quot;thumbnailURL&quot;:&quot;https:\\\/\\\/portalv1.com.br\\\/app\\\/wp-content\\\/uploads\\\/2025\\\/08\\\/WhatsApp-Image-2025-08-23-at-10.15.06-400x250.jpeg&quot;,&quot;style&quot;:&quot;&quot;},{&quot;thumbcode&quot;:&quot;https:\\\/\\\/portalv1.com.br\\\/app\\\/wp-content\\\/uploads\\\/2025\\\/08\\\/WhatsApp-Image-2025-08-23-at-10.13.31-400x250.jpeg&quot;,&quot;imageURL&quot;:&quot;https:\\\/\\\/portalv1.com.br\\\/app\\\/wp-content\\\/uploads\\\/2025\\\/08\\\/WhatsApp-Image-2025-08-23-at-10.13.31.jpeg&quot;,&quot;pid&quot;:240663,&quot;galleryid&quot;:1,&quot;description&quot;:&quot;&quot;,&quot;alttext&quot;:&quot;Prefeito Afonso Sobreira participa do III Semin\\u00e1rio Municipal do PPAIC em Novo Oriente&quot;,&quot;thumbnailURL&quot;:&quot;https:\\\/\\\/portalv1.com.br\\\/app\\\/wp-content\\\/uploads\\\/2025\\\/08\\\/WhatsApp-Image-2025-08-23-at-10.13.31-400x250.jpeg&quot;,&quot;style&quot;:&quot;&quot;},{&quot;thumbcode&quot;:&quot;https:\\\/\\\/portalv1.com.br\\\/app\\\/wp-content\\\/uploads\\\/2025\\\/08\\\/WhatsApp-Image-2025-08-23-at-10.11.49-400x250.jpeg&quot;,&quot;imageURL&quot;:&quot;https:\\\/\\\/portalv1.com.br\\\/app\\\/wp-content\\\/uploads\\\/2025\\\/08\\\/WhatsApp-Image-2025-08-23-at-10.11.49.jpeg&quot;,&quot;pid&quot;:240664,&quot;galleryid&quot;:1,&quot;description&quot;:&quot;&quot;,&quot;alttext&quot;:&quot;Prefeito Afonso Sobreira participa do III Semin\\u00e1rio Municipal do PPAIC em Novo Oriente&quot;,&quot;thumbnailURL&quot;:&quot;https:\\\/\\\/portalv1.com.br\\\/app\\\/wp-content\\\/uploads\\\/2025\\\/08\\\/WhatsApp-Image-2025-08-23-at-10.11.49-400x250.jpeg&quot;,&quot;style&quot;:&quot;&quot;},{&quot;thumbcode&quot;:&quot;https:\\\/\\\/portalv1.com.br\\\/app\\\/wp-content\\\/uploads\\\/2025\\\/08\\\/WhatsApp-Image-2025-08-23-at-10.14.21-400x250.jpeg&quot;,&quot;imageURL&quot;:&quot;https:\\\/\\\/portalv1.com.br\\\/app\\\/wp-content\\\/uploads\\\/2025\\\/08\\\/WhatsApp-Image-2025-08-23-at-10.14.21.jpeg&quot;,&quot;pid&quot;:240665,&quot;galleryid&quot;:1,&quot;description&quot;:&quot;&quot;,&quot;alttext&quot;:&quot;Prefeito Afonso Sobreira participa do III Semin\\u00e1rio Municipal do PPAIC em Novo Oriente&quot;,&quot;thumbnailURL&quot;:&quot;https:\\\/\\\/portalv1.com.br\\\/app\\\/wp-content\\\/uploads\\\/2025\\\/08\\\/WhatsApp-Image-2025-08-23-at-10.14.21-400x250.jpeg&quot;,&quot;style&quot;:&quot;&quot;},{&quot;thumbcode&quot;:&quot;https:\\\/\\\/portalv1.com.br\\\/app\\\/wp-content\\\/uploads\\\/2025\\\/08\\\/WhatsApp-Image-2025-08-23-at-10.12.11-400x250.jpeg&quot;,&quot;imageURL&quot;:&quot;https:\\\/\\\/portalv1.com.br\\\/app\\\/wp-content\\\/uploads\\\/2025\\\/08\\\/WhatsApp-Image-2025-08-23-at-10.12.11.jpeg&quot;,&quot;pid&quot;:240666,&quot;galleryid&quot;:1,&quot;description&quot;:&quot;&quot;,&quot;alttext&quot;:&quot;Prefeito Afonso Sobreira participa do III Semin\\u00e1rio Municipal do PPAIC em Novo Oriente&quot;,&quot;thumbnailURL&quot;:&quot;https:\\\/\\\/portalv1.com.br\\\/app\\\/wp-content\\\/uploads\\\/2025\\\/08\\\/WhatsApp-Image-2025-08-23-at-10.12.11-400x250.jpeg&quot;,&quot;style&quot;:&quot;&quot;},{&quot;thumbcode&quot;:&quot;https:\\\/\\\/portalv1.com.br\\\/app\\\/wp-content\\\/uploads\\\/2025\\\/08\\\/WhatsApp-Image-2025-08-23-at-10.12.46-400x250.jpeg&quot;,&quot;imageURL&quot;:&quot;https:\\\/\\\/portalv1.com.br\\\/app\\\/wp-content\\\/uploads\\\/2025\\\/08\\\/WhatsApp-Image-2025-08-23-at-10.12.46.jpeg&quot;,&quot;pid&quot;:240667,&quot;galleryid&quot;:1,&quot;description&quot;:&quot;&quot;,&quot;alttext&quot;:&quot;Prefeito Afonso Sobreira participa do III Semin\\u00e1rio Municipal do PPAIC em Novo Oriente&quot;,&quot;thumbnailURL&quot;:&quot;https:\\\/\\\/portalv1.com.br\\\/app\\\/wp-content\\\/uploads\\\/2025\\\/08\\\/WhatsApp-Image-2025-08-23-at-10.12.46-400x250.jpeg&quot;,&quot;style&quot;:&quot;&quot;},{&quot;thumbcode&quot;:&quot;https:\\\/\\\/portalv1.com.br\\\/app\\\/wp-content\\\/uploads\\\/2025\\\/08\\\/WhatsApp-Image-2025-08-23-at-10.14.44-400x250.jpeg&quot;,&quot;imageURL&quot;:&quot;https:\\\/\\\/portalv1.com.br\\\/app\\\/wp-content\\\/uploads\\\/2025\\\/08\\\/WhatsApp-Image-2025-08-23-at-10.14.44.jpeg&quot;,&quot;pid&quot;:240668,&quot;galleryid&quot;:1,&quot;description&quot;:&quot;&quot;,&quot;alttext&quot;:&quot;Prefeito Afonso Sobreira participa do III Semin\\u00e1rio Municipal do PPAIC em Novo Oriente&quot;,&quot;thumbnailURL&quot;:&quot;https:\\\/\\\/portalv1.com.br\\\/app\\\/wp-content\\\/uploads\\\/2025\\\/08\\\/WhatsApp-Image-2025-08-23-at-10.14.44-400x250.jpeg&quot;,&quot;style&quot;:&quot;&quot;},{&quot;thumbcode&quot;:&quot;https:\\\/\\\/portalv1.com.br\\\/app\\\/wp-content\\\/uploads\\\/2025\\\/08\\\/WhatsApp-Image-2025-08-23-at-10.14.00-400x250.jpeg&quot;,&quot;imageURL&quot;:&quot;https:\\\/\\\/portalv1.com.br\\\/app\\\/wp-content\\\/uploads\\\/2025\\\/08\\\/WhatsApp-Image-2025-08-23-at-10.14.00.jpeg&quot;,&quot;pid&quot;:240669,&quot;galleryid&quot;:1,&quot;description&quot;:&quot;&quot;,&quot;alttext&quot;:&quot;Prefeito Afonso Sobreira participa do III Semin\\u00e1rio Municipal do PPAIC em Novo Oriente&quot;,&quot;thumbnailURL&quot;:&quot;https:\\\/\\\/portalv1.com.br\\\/app\\\/wp-content\\\/uploads\\\/2025\\\/08\\\/WhatsApp-Image-2025-08-23-at-10.14.00-400x250.jpeg&quot;,&quot;style&quot;:&quot;&quot;}]}}\"><\/div>\n            <\/div>","protected":false},"excerpt":{"rendered":"<p>Na sexta-feira (22), o prefeito Afonso Sobreira participou do III Semin\u00e1rio Municipal do Programa Piauiense de Alfabetiza\u00e7\u00e3o na Idade Certa (PPAIC), realizado em Novo Oriente. O encontro promoveu momentos de&#8230;<\/p>\n","protected":false},"author":1,"featured_media":240665,"comment_status":"open","ping_status":"open","sticky":false,"template":"","format":"standard","meta":{"ngg_post_thumbnail":0,"footnotes":""},"categories":[243],"tags":[],"class_list":["post-240660","post","type-post","status-publish","format-standard","has-post-thumbnail","hentry","category-geral"],"views":228,"meta_data":{"thumb":"https:\/\/portalv1.com.br\/app\/wp-content\/uploads\/2025\/08\/WhatsApp-Image-2025-08-23-at-10.14.21.jpeg","imagem":{"fullsize":{"url":"https:\/\/portalv1.com.br\/app\/wp-content\/uploads\/2025\/08\/WhatsApp-Image-2025-08-23-at-10.14.21.jpeg","width":1080,"height":636},"medium":{"url":"https:\/\/portalv1.com.br\/app\/wp-content\/uploads\/2025\/08\/WhatsApp-Image-2025-08-23-at-10.14.21-300x177.jpeg","width":300,"height":177},"large":{"url":"https:\/\/portalv1.com.br\/app\/wp-content\/uploads\/2025\/08\/WhatsApp-Image-2025-08-23-at-10.14.21-640x377.jpeg","width":640,"height":377},"thumbnail":{"url":"https:\/\/portalv1.com.br\/app\/wp-content\/uploads\/2025\/08\/WhatsApp-Image-2025-08-23-at-10.14.21-100x100.jpeg","width":100,"height":100},"medium_large":{"url":"https:\/\/portalv1.com.br\/app\/wp-content\/uploads\/2025\/08\/WhatsApp-Image-2025-08-23-at-10.14.21-768x452.jpeg","width":768,"height":452}},"data":{"simple":"23\/08\/2025","date_time":"23\/08\/2025 07:22:46","date":"h\u00e1 8 meses"},"chapeu":"Melhoria da educa\u00e7\u00e3o ","source":"slide"},"_links":{"self":[{"href":"https:\/\/portalv1.com.br\/api\/wp\/v2\/posts\/240660","targetHints":{"allow":["GET"]}}],"collection":[{"href":"https:\/\/portalv1.com.br\/api\/wp\/v2\/posts"}],"about":[{"href":"https:\/\/portalv1.com.br\/api\/wp\/v2\/types\/post"}],"author":[{"embeddable":true,"href":"https:\/\/portalv1.com.br\/api\/wp\/v2\/users\/1"}],"replies":[{"embeddable":true,"href":"https:\/\/portalv1.com.br\/api\/wp\/v2\/comments?post=240660"}],"version-history":[{"count":0,"href":"https:\/\/portalv1.com.br\/api\/wp\/v2\/posts\/240660\/revisions"}],"wp:featuredmedia":[{"embeddable":true,"href":"https:\/\/portalv1.com.br\/api\/wp\/v2\/media\/240665"}],"wp:attachment":[{"href":"https:\/\/portalv1.com.br\/api\/wp\/v2\/media?parent=240660"}],"wp:term":[{"taxonomy":"category","embeddable":true,"href":"https:\/\/portalv1.com.br\/api\/wp\/v2\/categories?post=240660"},{"taxonomy":"post_tag","embeddable":true,"href":"https:\/\/portalv1.com.br\/api\/wp\/v2\/tags?post=240660"}],"curies":[{"name":"wp","href":"https:\/\/api.w.org\/{rel}","templated":true}]}}