{"id":24117,"date":"2016-07-19T14:26:51","date_gmt":"2016-07-19T17:26:51","guid":{"rendered":"https:\/\/portalv1.com.br\/?p=24117"},"modified":"2016-07-19T14:26:51","modified_gmt":"2016-07-19T17:26:51","slug":"governador-wellington-dias-e-contra-privatizacao-da-eletrobras","status":"publish","type":"post","link":"https:\/\/portalv1.com.br\/governador-wellington-dias-e-contra-privatizacao-da-eletrobras\/","title":{"rendered":"Governador Wellington Dias \u00e9 contra privatiza\u00e7\u00e3o da Eletrobras"},"content":{"rendered":"<figure id=\"attachment_22929\" aria-describedby=\"caption-attachment-22929\" style=\"width: 640px\" class=\"wp-caption aligncenter\"><a href=\"https:\/\/portalv1.com.br\/app\/wp-content\/uploads\/2016\/02\/wellington-dias.jpg\"><img loading=\"lazy\" decoding=\"async\" class=\"size-large wp-image-22929\" src=\"https:\/\/portalv1.com.br\/app\/wp-content\/uploads\/2016\/02\/wellington-dias-640x427.jpg\" alt=\"Governador Wellington Dias\" width=\"640\" height=\"427\" srcset=\"https:\/\/portalv1.com.br\/app\/wp-content\/uploads\/2016\/02\/wellington-dias-640x427.jpg 640w, https:\/\/portalv1.com.br\/app\/wp-content\/uploads\/2016\/02\/wellington-dias-300x200.jpg 300w, https:\/\/portalv1.com.br\/app\/wp-content\/uploads\/2016\/02\/wellington-dias.jpg 750w\" sizes=\"auto, (max-width: 640px) 100vw, 640px\" \/><\/a><figcaption id=\"caption-attachment-22929\" class=\"wp-caption-text\">Governador Wellington Dias<\/figcaption><\/figure>\n<p>O governador Wellington Dias (PT) informou que a prioridade do governo esta semana ser\u00e1 discutir com o Minist\u00e9rio das Minas e Energias sobre a renova\u00e7\u00e3o do contrato de concess\u00e3o da Eletrobras Distribui\u00e7\u00e3o Piau\u00ed.<\/p>\n<p>Nesta ter\u00e7a-feira(19), Wellington Dias declarou que vai negociar com o ministro Fernando Bezerra Coelho Filho, para que a Eletrobras Piau\u00ed n\u00e3o seja leiloada, mas a decis\u00e3o vai depender do di\u00e1logo que ele diz que ter\u00e1 ainda essa semana com o ministro.<\/p>\n<p>Ontem, Fernando Bezerra afirmou que as distribuidoras de Alagoas e do Piau\u00ed ser\u00e3o as pr\u00f3ximas a serem leiloadas. A distribuidora de Goi\u00e1s passar\u00e1 pelo preg\u00e3o em agosto. O processo de privatiza\u00e7\u00e3o de empresas foi uma das primeiras medidas anunciadas pelo presidente em exerc\u00edcio de Michel Temer (PMDB).<\/p>\n<p>\u201cEssa vai ser a prioridade do governo para esses dias. N\u00f3s vamos buscar um entendimento para renova\u00e7\u00e3o do contrato da Eletrobras que j\u00e1 est\u00e1 previsto para a pr\u00f3xima semana. Eu espero que cheguemos a um entendimento para que ela n\u00e3o seja leiloada. Vamos lutar por isso\u201d, declarou.<\/p>\n<p>Para o governador o leil\u00e3o n\u00e3o acontecer\u00e1, porque ele acredita que conseguir\u00e1 a renova\u00e7\u00e3o do contrato de concess\u00e3o da Eletrobras junto ao minist\u00e9rio das Minas e Energia.<\/p>\n<p>As declara\u00e7\u00f5es foram dadas durante a participa\u00e7\u00e3o da inaugura\u00e7\u00e3o do est\u00fadio da LotoShow na Escola Fazend\u00e1ria do Piau\u00ed nesta ter\u00e7a-feira(19).<\/p>\n<p>Fonte cidadeverde<\/p>\n","protected":false},"excerpt":{"rendered":"<p>O governador Wellington Dias (PT) informou que a prioridade do governo esta semana ser\u00e1 discutir com o Minist\u00e9rio das Minas e Energias sobre a renova\u00e7\u00e3o do contrato de concess\u00e3o da&#8230;<\/p>\n","protected":false},"author":1,"featured_media":22929,"comment_status":"open","ping_status":"open","sticky":false,"template":"","format":"standard","meta":{"ngg_post_thumbnail":0,"footnotes":""},"categories":[12],"tags":[],"class_list":["post-24117","post","type-post","status-publish","format-standard","has-post-thumbnail","hentry","category-valenca-news"],"views":434,"meta_data":{"thumb":"https:\/\/portalv1.com.br\/app\/wp-content\/uploads\/2016\/02\/wellington-dias.jpg","imagem":{"fullsize":{"url":"https:\/\/portalv1.com.br\/app\/wp-content\/uploads\/2016\/02\/wellington-dias.jpg","width":750,"height":500},"thumbnail":{"url":"https:\/\/portalv1.com.br\/app\/wp-content\/uploads\/2016\/02\/wellington-dias-100x100.jpg","width":100,"height":100},"medium":{"url":"https:\/\/portalv1.com.br\/app\/wp-content\/uploads\/2016\/02\/wellington-dias-300x200.jpg","width":300,"height":200},"large":{"url":"https:\/\/portalv1.com.br\/app\/wp-content\/uploads\/2016\/02\/wellington-dias-640x427.jpg","width":640,"height":427}},"data":{"simple":"19\/07\/2016","date_time":"19\/07\/2016 11:26:51","date":"h\u00e1 10 anos"},"chapeu":"W. Dias","source":"slide"},"_links":{"self":[{"href":"https:\/\/portalv1.com.br\/api\/wp\/v2\/posts\/24117","targetHints":{"allow":["GET"]}}],"collection":[{"href":"https:\/\/portalv1.com.br\/api\/wp\/v2\/posts"}],"about":[{"href":"https:\/\/portalv1.com.br\/api\/wp\/v2\/types\/post"}],"author":[{"embeddable":true,"href":"https:\/\/portalv1.com.br\/api\/wp\/v2\/users\/1"}],"replies":[{"embeddable":true,"href":"https:\/\/portalv1.com.br\/api\/wp\/v2\/comments?post=24117"}],"version-history":[{"count":0,"href":"https:\/\/portalv1.com.br\/api\/wp\/v2\/posts\/24117\/revisions"}],"wp:featuredmedia":[{"embeddable":true,"href":"https:\/\/portalv1.com.br\/api\/wp\/v2\/media\/22929"}],"wp:attachment":[{"href":"https:\/\/portalv1.com.br\/api\/wp\/v2\/media?parent=24117"}],"wp:term":[{"taxonomy":"category","embeddable":true,"href":"https:\/\/portalv1.com.br\/api\/wp\/v2\/categories?post=24117"},{"taxonomy":"post_tag","embeddable":true,"href":"https:\/\/portalv1.com.br\/api\/wp\/v2\/tags?post=24117"}],"curies":[{"name":"wp","href":"https:\/\/api.w.org\/{rel}","templated":true}]}}