{"id":241809,"date":"2025-09-08T12:43:22","date_gmt":"2025-09-08T15:43:22","guid":{"rendered":"https:\/\/portalv1.com.br\/?p=241809"},"modified":"2025-09-08T12:43:24","modified_gmt":"2025-09-08T15:43:24","slug":"prefeitura-divulga-programacao-da-1a-feira-literaria-de-valenca-do-piaui","status":"publish","type":"post","link":"https:\/\/portalv1.com.br\/prefeitura-divulga-programacao-da-1a-feira-literaria-de-valenca-do-piaui\/","title":{"rendered":"Prefeitura divulga programa\u00e7\u00e3o da 1\u00aa Feira Liter\u00e1ria de Valen\u00e7a do Piau\u00ed"},"content":{"rendered":"\n<p>A Prefeitura de Valen\u00e7a do Piau\u00ed anunciou a realiza\u00e7\u00e3o da 1\u00aa Feira Liter\u00e1ria de Valen\u00e7a do Piau\u00ed \u2013 FLIVAPI, que acontecer\u00e1 no Crovapi, no dia 17 de setembro, com atividades no per\u00edodo da manh\u00e3, das 8h \u00e0s 13h, e \u00e0 noite, das 16h \u00e0s 23h.<\/p>\n\n\n\n<p>A programa\u00e7\u00e3o contar\u00e1 com a participa\u00e7\u00e3o de escritores, palestrantes, apresenta\u00e7\u00f5es culturais e shows musicais, incluindo C\u00edcero Internacional, Amanda Matos e o grupo Nosso Choro.<\/p>\n\n\n\n<p>A FLIVAPI integra a programa\u00e7\u00e3o oficial do anivers\u00e1rio de 263 anos de Valen\u00e7a do Piau\u00ed, celebrado em 20 de setembro, e \u00e9 promovida pela Secretaria Municipal de Educa\u00e7\u00e3o, com apoio das demais secretarias e \u00f3rg\u00e3os municipais. Veja a programa\u00e7\u00e3o:<\/p>\n\n\n\n<figure class=\"wp-block-image size-large\"><img loading=\"lazy\" decoding=\"async\" width=\"640\" height=\"853\" src=\"https:\/\/portalv1.com.br\/app\/wp-content\/uploads\/2025\/09\/WhatsApp-Image-2025-09-08-at-09.56.29-640x853.jpeg\" alt=\"\" class=\"wp-image-241811\" srcset=\"https:\/\/portalv1.com.br\/app\/wp-content\/uploads\/2025\/09\/WhatsApp-Image-2025-09-08-at-09.56.29-640x853.jpeg 640w, https:\/\/portalv1.com.br\/app\/wp-content\/uploads\/2025\/09\/WhatsApp-Image-2025-09-08-at-09.56.29-300x400.jpeg 300w, https:\/\/portalv1.com.br\/app\/wp-content\/uploads\/2025\/09\/WhatsApp-Image-2025-09-08-at-09.56.29-768x1024.jpeg 768w, https:\/\/portalv1.com.br\/app\/wp-content\/uploads\/2025\/09\/WhatsApp-Image-2025-09-08-at-09.56.29.jpeg 960w\" sizes=\"auto, (max-width: 640px) 100vw, 640px\" \/><\/figure>\n","protected":false},"excerpt":{"rendered":"<p>A Prefeitura de Valen\u00e7a do Piau\u00ed anunciou a realiza\u00e7\u00e3o da 1\u00aa Feira Liter\u00e1ria de Valen\u00e7a do Piau\u00ed \u2013 FLIVAPI, que acontecer\u00e1 no Crovapi, no dia 17 de setembro, com atividades&#8230;<\/p>\n","protected":false},"author":1,"featured_media":241810,"comment_status":"open","ping_status":"open","sticky":false,"template":"","format":"standard","meta":{"ngg_post_thumbnail":0,"footnotes":""},"categories":[243],"tags":[],"class_list":["post-241809","post","type-post","status-publish","format-standard","has-post-thumbnail","hentry","category-geral"],"views":849,"meta_data":{"thumb":"https:\/\/portalv1.com.br\/app\/wp-content\/uploads\/2025\/09\/WhatsApp-Image-2025-09-08-at-12.42.02.jpeg","imagem":{"fullsize":{"url":"https:\/\/portalv1.com.br\/app\/wp-content\/uploads\/2025\/09\/WhatsApp-Image-2025-09-08-at-12.42.02.jpeg","width":960,"height":554},"medium":{"url":"https:\/\/portalv1.com.br\/app\/wp-content\/uploads\/2025\/09\/WhatsApp-Image-2025-09-08-at-12.42.02-300x173.jpeg","width":300,"height":173},"large":{"url":"https:\/\/portalv1.com.br\/app\/wp-content\/uploads\/2025\/09\/WhatsApp-Image-2025-09-08-at-12.42.02-640x369.jpeg","width":640,"height":369},"thumbnail":{"url":"https:\/\/portalv1.com.br\/app\/wp-content\/uploads\/2025\/09\/WhatsApp-Image-2025-09-08-at-12.42.02-100x100.jpeg","width":100,"height":100},"medium_large":{"url":"https:\/\/portalv1.com.br\/app\/wp-content\/uploads\/2025\/09\/WhatsApp-Image-2025-09-08-at-12.42.02-768x443.jpeg","width":768,"height":443}},"data":{"simple":"08\/09\/2025","date_time":"08\/09\/2025 09:43:22","date":"h\u00e1 8 meses"},"chapeu":"Veja palestrantes ","source":"slide"},"_links":{"self":[{"href":"https:\/\/portalv1.com.br\/api\/wp\/v2\/posts\/241809","targetHints":{"allow":["GET"]}}],"collection":[{"href":"https:\/\/portalv1.com.br\/api\/wp\/v2\/posts"}],"about":[{"href":"https:\/\/portalv1.com.br\/api\/wp\/v2\/types\/post"}],"author":[{"embeddable":true,"href":"https:\/\/portalv1.com.br\/api\/wp\/v2\/users\/1"}],"replies":[{"embeddable":true,"href":"https:\/\/portalv1.com.br\/api\/wp\/v2\/comments?post=241809"}],"version-history":[{"count":0,"href":"https:\/\/portalv1.com.br\/api\/wp\/v2\/posts\/241809\/revisions"}],"wp:featuredmedia":[{"embeddable":true,"href":"https:\/\/portalv1.com.br\/api\/wp\/v2\/media\/241810"}],"wp:attachment":[{"href":"https:\/\/portalv1.com.br\/api\/wp\/v2\/media?parent=241809"}],"wp:term":[{"taxonomy":"category","embeddable":true,"href":"https:\/\/portalv1.com.br\/api\/wp\/v2\/categories?post=241809"},{"taxonomy":"post_tag","embeddable":true,"href":"https:\/\/portalv1.com.br\/api\/wp\/v2\/tags?post=241809"}],"curies":[{"name":"wp","href":"https:\/\/api.w.org\/{rel}","templated":true}]}}