{"id":241834,"date":"2025-09-09T19:23:33","date_gmt":"2025-09-09T22:23:33","guid":{"rendered":"https:\/\/portalv1.com.br\/?p=241834"},"modified":"2025-09-09T19:24:14","modified_gmt":"2025-09-09T22:24:14","slug":"prefeitura-de-valenca-divulga-edital-para-selecao-de-formador-e-coordenador-municipal-do-ppaic","status":"publish","type":"post","link":"https:\/\/portalv1.com.br\/prefeitura-de-valenca-divulga-edital-para-selecao-de-formador-e-coordenador-municipal-do-ppaic\/","title":{"rendered":"Prefeitura de Valen\u00e7a divulga edital para sele\u00e7\u00e3o de formador e coordenador municipal do PPAIC"},"content":{"rendered":"\n<p>A Prefeitura de Valen\u00e7a do Piau\u00ed, por meio da Secretaria Municipal de Educa\u00e7\u00e3o, tornou p\u00fablico o edital de sele\u00e7\u00e3o para servidores municipais ativos que desejam atuar como formador e coordenador municipal no \u00e2mbito do Programa Piauiense de Alfabetiza\u00e7\u00e3o na Idade Certa (PPAIC).<\/p>\n\n\n\n<p>O edital segue as diretrizes da Lei n\u00ba 7.453, de 8 de janeiro de 2021, do Decreto n\u00ba 20.279\/21 e da Portaria SEDUC\/GSE n\u00ba 1012\/22, que regulamentam a execu\u00e7\u00e3o do programa em todo o estado. A iniciativa tem como objetivo promover a gest\u00e3o das a\u00e7\u00f5es, a realiza\u00e7\u00e3o de forma\u00e7\u00f5es continuadas e o acompanhamento t\u00e9cnico-pedag\u00f3gico em n\u00edvel municipal. As inscri\u00e7\u00f5es come\u00e7aram nessa segunda-feira (9) e seguem at\u00e9 o dia 16 de setembro.  <\/p>\n\n\n\n<p>Os candidatos aprovados integrar\u00e3o o Banco de Selecionados do PPAIC, podendo ser designados conforme a classifica\u00e7\u00e3o e as necessidades da administra\u00e7\u00e3o para o desenvolvimento e execu\u00e7\u00e3o das atividades do programa.<\/p>\n\n\n\n<p>O PPAIC \u00e9 considerado um dos principais instrumentos de fortalecimento da educa\u00e7\u00e3o b\u00e1sica, especialmente no processo de alfabetiza\u00e7\u00e3o na idade certa, contribuindo para melhorar os \u00edndices de aprendizagem das crian\u00e7as em todo o Piau\u00ed. Acesse o edital abaixo. <\/p>\n\n\n\n<div data-wp-interactive=\"core\/file\" class=\"wp-block-file\"><object data-wp-bind--hidden=\"!state.hasPdfPreview\" hidden class=\"wp-block-file__embed\" data=\"https:\/\/portalv1.com.br\/app\/wp-content\/uploads\/2025\/09\/EDITAL-SEME-001-2025-SELETIVO-PPAIC-VALENCA-DO-PIAUI-COM-PUBLICACAO.pdf\" type=\"application\/pdf\" style=\"width:100%;height:600px\" aria-label=\"Incorporado de EDITAL SEME 001 2025 - SELETIVO PPAIC VALENCA DO PIAUI COM PUBLICAC\u0327A\u0303O.\"><\/object><a id=\"wp-block-file--media-f35107a5-afbd-4e98-9b41-7c3176b867e9\" href=\"https:\/\/portalv1.com.br\/app\/wp-content\/uploads\/2025\/09\/EDITAL-SEME-001-2025-SELETIVO-PPAIC-VALENCA-DO-PIAUI-COM-PUBLICACAO.pdf\">EDITAL SEME 001 2025 &#8211; SELETIVO PPAIC VALENCA DO PIAUI COM PUBLICAC\u0327A\u0303O<\/a><a href=\"https:\/\/portalv1.com.br\/app\/wp-content\/uploads\/2025\/09\/EDITAL-SEME-001-2025-SELETIVO-PPAIC-VALENCA-DO-PIAUI-COM-PUBLICACAO.pdf\" class=\"wp-block-file__button wp-element-button\" download aria-describedby=\"wp-block-file--media-f35107a5-afbd-4e98-9b41-7c3176b867e9\">Baixar<\/a><\/div>\n\n\n\n<figure class=\"wp-block-image size-large\"><img loading=\"lazy\" decoding=\"async\" width=\"640\" height=\"801\" src=\"https:\/\/portalv1.com.br\/app\/wp-content\/uploads\/2025\/09\/WhatsApp-Image-2025-09-09-at-18.39.05-640x801.jpg\" alt=\"\" class=\"wp-image-241835\" srcset=\"https:\/\/portalv1.com.br\/app\/wp-content\/uploads\/2025\/09\/WhatsApp-Image-2025-09-09-at-18.39.05-640x801.jpg 640w, https:\/\/portalv1.com.br\/app\/wp-content\/uploads\/2025\/09\/WhatsApp-Image-2025-09-09-at-18.39.05-300x375.jpg 300w, https:\/\/portalv1.com.br\/app\/wp-content\/uploads\/2025\/09\/WhatsApp-Image-2025-09-09-at-18.39.05-768x961.jpg 768w, https:\/\/portalv1.com.br\/app\/wp-content\/uploads\/2025\/09\/WhatsApp-Image-2025-09-09-at-18.39.05.jpg 959w\" sizes=\"auto, (max-width: 640px) 100vw, 640px\" \/><\/figure>\n","protected":false},"excerpt":{"rendered":"<p>A Prefeitura de Valen\u00e7a do Piau\u00ed, por meio da Secretaria Municipal de Educa\u00e7\u00e3o, tornou p\u00fablico o edital de sele\u00e7\u00e3o para servidores municipais ativos que desejam atuar como formador e coordenador&#8230;<\/p>\n","protected":false},"author":1,"featured_media":241837,"comment_status":"open","ping_status":"open","sticky":false,"template":"","format":"standard","meta":{"ngg_post_thumbnail":0,"footnotes":""},"categories":[243],"tags":[],"class_list":["post-241834","post","type-post","status-publish","format-standard","has-post-thumbnail","hentry","category-geral"],"views":952,"meta_data":{"thumb":"https:\/\/portalv1.com.br\/app\/wp-content\/uploads\/2025\/09\/WhatsApp-Image-2025-09-09-at-19.20.38.jpeg","imagem":{"fullsize":{"url":"https:\/\/portalv1.com.br\/app\/wp-content\/uploads\/2025\/09\/WhatsApp-Image-2025-09-09-at-19.20.38.jpeg","width":1023,"height":645},"medium":{"url":"https:\/\/portalv1.com.br\/app\/wp-content\/uploads\/2025\/09\/WhatsApp-Image-2025-09-09-at-19.20.38-300x189.jpeg","width":300,"height":189},"large":{"url":"https:\/\/portalv1.com.br\/app\/wp-content\/uploads\/2025\/09\/WhatsApp-Image-2025-09-09-at-19.20.38-640x404.jpeg","width":640,"height":404},"thumbnail":{"url":"https:\/\/portalv1.com.br\/app\/wp-content\/uploads\/2025\/09\/WhatsApp-Image-2025-09-09-at-19.20.38-100x100.jpeg","width":100,"height":100},"medium_large":{"url":"https:\/\/portalv1.com.br\/app\/wp-content\/uploads\/2025\/09\/WhatsApp-Image-2025-09-09-at-19.20.38-768x484.jpeg","width":768,"height":484}},"data":{"simple":"09\/09\/2025","date_time":"09\/09\/2025 16:23:33","date":"h\u00e1 8 meses"},"chapeu":"Saiba mais","source":"slide"},"_links":{"self":[{"href":"https:\/\/portalv1.com.br\/api\/wp\/v2\/posts\/241834","targetHints":{"allow":["GET"]}}],"collection":[{"href":"https:\/\/portalv1.com.br\/api\/wp\/v2\/posts"}],"about":[{"href":"https:\/\/portalv1.com.br\/api\/wp\/v2\/types\/post"}],"author":[{"embeddable":true,"href":"https:\/\/portalv1.com.br\/api\/wp\/v2\/users\/1"}],"replies":[{"embeddable":true,"href":"https:\/\/portalv1.com.br\/api\/wp\/v2\/comments?post=241834"}],"version-history":[{"count":0,"href":"https:\/\/portalv1.com.br\/api\/wp\/v2\/posts\/241834\/revisions"}],"wp:featuredmedia":[{"embeddable":true,"href":"https:\/\/portalv1.com.br\/api\/wp\/v2\/media\/241837"}],"wp:attachment":[{"href":"https:\/\/portalv1.com.br\/api\/wp\/v2\/media?parent=241834"}],"wp:term":[{"taxonomy":"category","embeddable":true,"href":"https:\/\/portalv1.com.br\/api\/wp\/v2\/categories?post=241834"},{"taxonomy":"post_tag","embeddable":true,"href":"https:\/\/portalv1.com.br\/api\/wp\/v2\/tags?post=241834"}],"curies":[{"name":"wp","href":"https:\/\/api.w.org\/{rel}","templated":true}]}}