{"id":242154,"date":"2025-09-14T10:17:16","date_gmt":"2025-09-14T13:17:16","guid":{"rendered":"https:\/\/portalv1.com.br\/?p=242154"},"modified":"2025-09-14T10:17:16","modified_gmt":"2025-09-14T13:17:16","slug":"cesv-de-valenca-do-piaui-realiza-cerimonia-do-jaleco-com-academicos","status":"publish","type":"post","link":"https:\/\/portalv1.com.br\/cesv-de-valenca-do-piaui-realiza-cerimonia-do-jaleco-com-academicos\/","title":{"rendered":"CESV de Valen\u00e7a do Piau\u00ed realiza cerim\u00f4nia do jaleco com acad\u00eamicos"},"content":{"rendered":"\n<p>A cerim\u00f4nia do jaleco dos alunos dos cursos de Biomedicina, Fisioterapia, Nutri\u00e7\u00e3o e Terapia Ocupacional da Uninta Digital, p\u00f3lo CESV em Valen\u00e7a do Piau\u00ed aconteceu na \u00faltima sexta-feira (12), no audit\u00f3rio da Secretaria de Educa\u00e7\u00e3o. O momento foi presidido pela gestora do Polo Unibta Digital, professora Mauric\u00e9lia Sousa, e contou com a presen\u00e7a dos acad\u00eamicos e seus familiares.<\/p>\n\n\n\n<p>A gestora Mauric\u00e9lia Sousa ressaltou a import\u00e2ncia da ocasi\u00e3o para os estudantes.<\/p>\n\n\n\n<p>\u201cEste \u00e9 um momento de grande significado para nossos acad\u00eamicos, pois marca o in\u00edcio de sua caminhada pr\u00e1tica no cuidado com a vida e com a sa\u00fade, representado pelo s\u00edmbolo do jaleco, que carrega valores de responsabilidade, \u00e9tica e compromisso com o bem-estar da sociedade, desejamos aos nossos acad\u00eamicos uma jornada de sabedoria, responsabilidade e compromisso com a vida\u201d, destacou Mauric\u00e9lia.<\/p>\n\n\n\n<p>A cerim\u00f4nia simboliza mais um passo na trajet\u00f3ria acad\u00eamica dos estudantes, refor\u00e7ando os valores \u00e9ticos e profissionais que ir\u00e3o nortear sua forma\u00e7\u00e3o e futura atua\u00e7\u00e3o nas \u00e1reas da sa\u00fade.<\/p>\n\n\n<div class=\"ngg-galleryoverview\" id=\"1\">\n              <div data-widget=\"Galeria\" data-props=\"{&quot;galeria&quot;:{&quot;max_page&quot;:1,&quot;total&quot;:10,&quot;gallery_id&quot;:1,&quot;images&quot;:[{&quot;thumbcode&quot;:&quot;https:\\\/\\\/portalv1.com.br\\\/app\\\/wp-content\\\/uploads\\\/2025\\\/09\\\/1-32427594-400x250.jpg&quot;,&quot;imageURL&quot;:&quot;https:\\\/\\\/portalv1.com.br\\\/app\\\/wp-content\\\/uploads\\\/2025\\\/09\\\/1-32427594.jpg&quot;,&quot;pid&quot;:242155,&quot;galleryid&quot;:1,&quot;description&quot;:&quot;&quot;,&quot;alttext&quot;:&quot;CESV de Valen\\u00e7a do Piau\\u00ed realiza cerim\\u00f4nia do jaleco com acad\\u00eamicos&quot;,&quot;thumbnailURL&quot;:&quot;https:\\\/\\\/portalv1.com.br\\\/app\\\/wp-content\\\/uploads\\\/2025\\\/09\\\/1-32427594-400x250.jpg&quot;,&quot;style&quot;:&quot;&quot;},{&quot;thumbcode&quot;:&quot;https:\\\/\\\/portalv1.com.br\\\/app\\\/wp-content\\\/uploads\\\/2025\\\/09\\\/3-32427594-400x250.jpg&quot;,&quot;imageURL&quot;:&quot;https:\\\/\\\/portalv1.com.br\\\/app\\\/wp-content\\\/uploads\\\/2025\\\/09\\\/3-32427594.jpg&quot;,&quot;pid&quot;:242156,&quot;galleryid&quot;:1,&quot;description&quot;:&quot;&quot;,&quot;alttext&quot;:&quot;CESV de Valen\\u00e7a do Piau\\u00ed realiza cerim\\u00f4nia do jaleco com acad\\u00eamicos&quot;,&quot;thumbnailURL&quot;:&quot;https:\\\/\\\/portalv1.com.br\\\/app\\\/wp-content\\\/uploads\\\/2025\\\/09\\\/3-32427594-400x250.jpg&quot;,&quot;style&quot;:&quot;&quot;},{&quot;thumbcode&quot;:&quot;https:\\\/\\\/portalv1.com.br\\\/app\\\/wp-content\\\/uploads\\\/2025\\\/09\\\/1-54661833-400x250.jpg&quot;,&quot;imageURL&quot;:&quot;https:\\\/\\\/portalv1.com.br\\\/app\\\/wp-content\\\/uploads\\\/2025\\\/09\\\/1-54661833.jpg&quot;,&quot;pid&quot;:242157,&quot;galleryid&quot;:1,&quot;description&quot;:&quot;&quot;,&quot;alttext&quot;:&quot;CESV de Valen\\u00e7a do Piau\\u00ed realiza cerim\\u00f4nia do jaleco com acad\\u00eamicos&quot;,&quot;thumbnailURL&quot;:&quot;https:\\\/\\\/portalv1.com.br\\\/app\\\/wp-content\\\/uploads\\\/2025\\\/09\\\/1-54661833-400x250.jpg&quot;,&quot;style&quot;:&quot;&quot;},{&quot;thumbcode&quot;:&quot;https:\\\/\\\/portalv1.com.br\\\/app\\\/wp-content\\\/uploads\\\/2025\\\/09\\\/2-ff7492b3-400x250.jpg&quot;,&quot;imageURL&quot;:&quot;https:\\\/\\\/portalv1.com.br\\\/app\\\/wp-content\\\/uploads\\\/2025\\\/09\\\/2-ff7492b3.jpg&quot;,&quot;pid&quot;:242158,&quot;galleryid&quot;:1,&quot;description&quot;:&quot;&quot;,&quot;alttext&quot;:&quot;CESV de Valen\\u00e7a do Piau\\u00ed realiza cerim\\u00f4nia do jaleco com acad\\u00eamicos&quot;,&quot;thumbnailURL&quot;:&quot;https:\\\/\\\/portalv1.com.br\\\/app\\\/wp-content\\\/uploads\\\/2025\\\/09\\\/2-ff7492b3-400x250.jpg&quot;,&quot;style&quot;:&quot;&quot;},{&quot;thumbcode&quot;:&quot;https:\\\/\\\/portalv1.com.br\\\/app\\\/wp-content\\\/uploads\\\/2025\\\/09\\\/1-ff7492b3-400x250.jpg&quot;,&quot;imageURL&quot;:&quot;https:\\\/\\\/portalv1.com.br\\\/app\\\/wp-content\\\/uploads\\\/2025\\\/09\\\/1-ff7492b3.jpg&quot;,&quot;pid&quot;:242159,&quot;galleryid&quot;:1,&quot;description&quot;:&quot;&quot;,&quot;alttext&quot;:&quot;CESV de Valen\\u00e7a do Piau\\u00ed realiza cerim\\u00f4nia do jaleco com acad\\u00eamicos&quot;,&quot;thumbnailURL&quot;:&quot;https:\\\/\\\/portalv1.com.br\\\/app\\\/wp-content\\\/uploads\\\/2025\\\/09\\\/1-ff7492b3-400x250.jpg&quot;,&quot;style&quot;:&quot;&quot;},{&quot;thumbcode&quot;:&quot;https:\\\/\\\/portalv1.com.br\\\/app\\\/wp-content\\\/uploads\\\/2025\\\/09\\\/4-ff7492b3-400x250.jpg&quot;,&quot;imageURL&quot;:&quot;https:\\\/\\\/portalv1.com.br\\\/app\\\/wp-content\\\/uploads\\\/2025\\\/09\\\/4-ff7492b3.jpg&quot;,&quot;pid&quot;:242160,&quot;galleryid&quot;:1,&quot;description&quot;:&quot;&quot;,&quot;alttext&quot;:&quot;CESV de Valen\\u00e7a do Piau\\u00ed realiza cerim\\u00f4nia do jaleco com acad\\u00eamicos&quot;,&quot;thumbnailURL&quot;:&quot;https:\\\/\\\/portalv1.com.br\\\/app\\\/wp-content\\\/uploads\\\/2025\\\/09\\\/4-ff7492b3-400x250.jpg&quot;,&quot;style&quot;:&quot;&quot;},{&quot;thumbcode&quot;:&quot;https:\\\/\\\/portalv1.com.br\\\/app\\\/wp-content\\\/uploads\\\/2025\\\/09\\\/2-54661833-400x250.jpg&quot;,&quot;imageURL&quot;:&quot;https:\\\/\\\/portalv1.com.br\\\/app\\\/wp-content\\\/uploads\\\/2025\\\/09\\\/2-54661833.jpg&quot;,&quot;pid&quot;:242161,&quot;galleryid&quot;:1,&quot;description&quot;:&quot;&quot;,&quot;alttext&quot;:&quot;CESV de Valen\\u00e7a do Piau\\u00ed realiza cerim\\u00f4nia do jaleco com acad\\u00eamicos&quot;,&quot;thumbnailURL&quot;:&quot;https:\\\/\\\/portalv1.com.br\\\/app\\\/wp-content\\\/uploads\\\/2025\\\/09\\\/2-54661833-400x250.jpg&quot;,&quot;style&quot;:&quot;&quot;},{&quot;thumbcode&quot;:&quot;https:\\\/\\\/portalv1.com.br\\\/app\\\/wp-content\\\/uploads\\\/2025\\\/09\\\/3-ff7492b3-400x250.jpg&quot;,&quot;imageURL&quot;:&quot;https:\\\/\\\/portalv1.com.br\\\/app\\\/wp-content\\\/uploads\\\/2025\\\/09\\\/3-ff7492b3.jpg&quot;,&quot;pid&quot;:242162,&quot;galleryid&quot;:1,&quot;description&quot;:&quot;&quot;,&quot;alttext&quot;:&quot;CESV de Valen\\u00e7a do Piau\\u00ed realiza cerim\\u00f4nia do jaleco com acad\\u00eamicos&quot;,&quot;thumbnailURL&quot;:&quot;https:\\\/\\\/portalv1.com.br\\\/app\\\/wp-content\\\/uploads\\\/2025\\\/09\\\/3-ff7492b3-400x250.jpg&quot;,&quot;style&quot;:&quot;&quot;},{&quot;thumbcode&quot;:&quot;https:\\\/\\\/portalv1.com.br\\\/app\\\/wp-content\\\/uploads\\\/2025\\\/09\\\/2-32427594-400x250.jpg&quot;,&quot;imageURL&quot;:&quot;https:\\\/\\\/portalv1.com.br\\\/app\\\/wp-content\\\/uploads\\\/2025\\\/09\\\/2-32427594.jpg&quot;,&quot;pid&quot;:242163,&quot;galleryid&quot;:1,&quot;description&quot;:&quot;&quot;,&quot;alttext&quot;:&quot;CESV de Valen\\u00e7a do Piau\\u00ed realiza cerim\\u00f4nia do jaleco com acad\\u00eamicos&quot;,&quot;thumbnailURL&quot;:&quot;https:\\\/\\\/portalv1.com.br\\\/app\\\/wp-content\\\/uploads\\\/2025\\\/09\\\/2-32427594-400x250.jpg&quot;,&quot;style&quot;:&quot;&quot;},{&quot;thumbcode&quot;:&quot;https:\\\/\\\/portalv1.com.br\\\/app\\\/wp-content\\\/uploads\\\/2025\\\/09\\\/4-32427594-400x250.jpg&quot;,&quot;imageURL&quot;:&quot;https:\\\/\\\/portalv1.com.br\\\/app\\\/wp-content\\\/uploads\\\/2025\\\/09\\\/4-32427594.jpg&quot;,&quot;pid&quot;:242164,&quot;galleryid&quot;:1,&quot;description&quot;:&quot;&quot;,&quot;alttext&quot;:&quot;CESV de Valen\\u00e7a do Piau\\u00ed realiza cerim\\u00f4nia do jaleco com acad\\u00eamicos&quot;,&quot;thumbnailURL&quot;:&quot;https:\\\/\\\/portalv1.com.br\\\/app\\\/wp-content\\\/uploads\\\/2025\\\/09\\\/4-32427594-400x250.jpg&quot;,&quot;style&quot;:&quot;&quot;}]}}\"><\/div>\n            <\/div>","protected":false},"excerpt":{"rendered":"<p>A cerim\u00f4nia do jaleco dos alunos dos cursos de Biomedicina, Fisioterapia, Nutri\u00e7\u00e3o e Terapia Ocupacional da Uninta Digital, p\u00f3lo CESV em Valen\u00e7a do Piau\u00ed aconteceu na \u00faltima sexta-feira (12), no&#8230;<\/p>\n","protected":false},"author":1,"featured_media":242162,"comment_status":"open","ping_status":"open","sticky":false,"template":"","format":"standard","meta":{"ngg_post_thumbnail":0,"footnotes":""},"categories":[243],"tags":[],"class_list":["post-242154","post","type-post","status-publish","format-standard","has-post-thumbnail","hentry","category-geral"],"views":304,"meta_data":{"thumb":"https:\/\/portalv1.com.br\/app\/wp-content\/uploads\/2025\/09\/3-ff7492b3.jpg","imagem":{"fullsize":{"url":"https:\/\/portalv1.com.br\/app\/wp-content\/uploads\/2025\/09\/3-ff7492b3.jpg","width":1600,"height":1200},"medium":{"url":"https:\/\/portalv1.com.br\/app\/wp-content\/uploads\/2025\/09\/3-ff7492b3-300x225.jpg","width":300,"height":225},"large":{"url":"https:\/\/portalv1.com.br\/app\/wp-content\/uploads\/2025\/09\/3-ff7492b3-640x480.jpg","width":640,"height":480},"thumbnail":{"url":"https:\/\/portalv1.com.br\/app\/wp-content\/uploads\/2025\/09\/3-ff7492b3-100x100.jpg","width":100,"height":100},"medium_large":{"url":"https:\/\/portalv1.com.br\/app\/wp-content\/uploads\/2025\/09\/3-ff7492b3-768x576.jpg","width":768,"height":576},"1536x1536":{"url":"https:\/\/portalv1.com.br\/app\/wp-content\/uploads\/2025\/09\/3-ff7492b3-1536x1152.jpg","width":1536,"height":1152}},"data":{"simple":"14\/09\/2025","date_time":"14\/09\/2025 07:17:16","date":"h\u00e1 8 meses"},"chapeu":"Veja detalhes ","source":"slide"},"_links":{"self":[{"href":"https:\/\/portalv1.com.br\/api\/wp\/v2\/posts\/242154","targetHints":{"allow":["GET"]}}],"collection":[{"href":"https:\/\/portalv1.com.br\/api\/wp\/v2\/posts"}],"about":[{"href":"https:\/\/portalv1.com.br\/api\/wp\/v2\/types\/post"}],"author":[{"embeddable":true,"href":"https:\/\/portalv1.com.br\/api\/wp\/v2\/users\/1"}],"replies":[{"embeddable":true,"href":"https:\/\/portalv1.com.br\/api\/wp\/v2\/comments?post=242154"}],"version-history":[{"count":0,"href":"https:\/\/portalv1.com.br\/api\/wp\/v2\/posts\/242154\/revisions"}],"wp:featuredmedia":[{"embeddable":true,"href":"https:\/\/portalv1.com.br\/api\/wp\/v2\/media\/242162"}],"wp:attachment":[{"href":"https:\/\/portalv1.com.br\/api\/wp\/v2\/media?parent=242154"}],"wp:term":[{"taxonomy":"category","embeddable":true,"href":"https:\/\/portalv1.com.br\/api\/wp\/v2\/categories?post=242154"},{"taxonomy":"post_tag","embeddable":true,"href":"https:\/\/portalv1.com.br\/api\/wp\/v2\/tags?post=242154"}],"curies":[{"name":"wp","href":"https:\/\/api.w.org\/{rel}","templated":true}]}}