{"id":242481,"date":"2025-09-15T20:46:32","date_gmt":"2025-09-15T23:46:32","guid":{"rendered":"https:\/\/portalv1.com.br\/?p=242481"},"modified":"2025-09-15T20:46:33","modified_gmt":"2025-09-15T23:46:33","slug":"carro-capota-varias-vezes-apos-colisao-com-urubu-entre-elesbao-e-francinopolis","status":"publish","type":"post","link":"https:\/\/portalv1.com.br\/carro-capota-varias-vezes-apos-colisao-com-urubu-entre-elesbao-e-francinopolis\/","title":{"rendered":"Carro capota v\u00e1rias vezes ap\u00f3s colis\u00e3o com urubu entre Elesb\u00e3o e Francin\u00f3polis"},"content":{"rendered":"\n<p>Na manh\u00e3 desta segunda-feira (15), o terceiro sargento da Pol\u00edcia Militar Adjane, lotado no Grupamento da PM de Francin\u00f3polis, se envolveu em um acidente automobil\u00edstico na PI-224, trecho entre Elesb\u00e3o Veloso e Francin\u00f3polis.<\/p>\n\n\n\n<p>De acordo com as informa\u00e7\u00f5es, um urubu atingiu o para-brisa do ve\u00edculo Voyage conduzido pelo militar, que acabou perdendo o controle da dire\u00e7\u00e3o, resultando no capotamento do carro.<\/p>\n\n\n\n<p>Apesar do susto, o sargento n\u00e3o sofreu ferimentos graves. Logo ap\u00f3s o acidente, ele gravou um v\u00eddeo relatando o ocorrido e mostrando que estava bem, al\u00e9m de exibir o estado em que o ve\u00edculo ficou.<\/p>\n\n\n\n<p>\u201cT\u00f4 aqui diante do carro aqui onde aconteceu o acidente na PI onde eu estava vindo de Elesb\u00e3o para Francin\u00f3polis, e a\u00ed bati no urubu e perdi o controle do carro, e a\u00ed terminou que eu capotando o carro aqui por v\u00e1rias vezes\u201d, disse o militar, que acionou posteriormente o seguro.<\/p>\n\n\n\n<figure class=\"wp-block-embed is-type-video is-provider-youtube wp-block-embed-youtube wp-embed-aspect-9-16 wp-has-aspect-ratio\"><div class=\"wp-block-embed__wrapper\">\n<div class=\"content-iframe\" data-content-width=\"600\"><iframe loading=\"lazy\" title=\"Acidente impressionante urubu atinge carro que capota varias vezes entre Elesb\u00e3o e Francin\u00f3polis\" width=\"506\" height=\"900\" src=\"https:\/\/www.youtube.com\/embed\/iy14U_UePvc?feature=oembed\" frameborder=\"0\" allow=\"accelerometer; autoplay; clipboard-write; encrypted-media; gyroscope; picture-in-picture; web-share\" referrerpolicy=\"strict-origin-when-cross-origin\" allowfullscreen><\/iframe><\/div>\n<\/div><\/figure>\n","protected":false},"excerpt":{"rendered":"<p>Na manh\u00e3 desta segunda-feira (15), o terceiro sargento da Pol\u00edcia Militar Adjane, lotado no Grupamento da PM de Francin\u00f3polis, se envolveu em um acidente automobil\u00edstico na PI-224, trecho entre Elesb\u00e3o&#8230;<\/p>\n","protected":false},"author":1,"featured_media":242480,"comment_status":"open","ping_status":"open","sticky":false,"template":"","format":"standard","meta":{"ngg_post_thumbnail":0,"footnotes":""},"categories":[243],"tags":[],"class_list":["post-242481","post","type-post","status-publish","format-standard","has-post-thumbnail","hentry","category-geral"],"views":521,"meta_data":{"thumb":"https:\/\/portalv1.com.br\/app\/wp-content\/uploads\/2025\/09\/WhatsApp-Image-2025-09-15-at-19.38.13-1.jpeg","imagem":{"fullsize":{"url":"https:\/\/portalv1.com.br\/app\/wp-content\/uploads\/2025\/09\/WhatsApp-Image-2025-09-15-at-19.38.13-1.jpeg","width":1600,"height":1200},"medium":{"url":"https:\/\/portalv1.com.br\/app\/wp-content\/uploads\/2025\/09\/WhatsApp-Image-2025-09-15-at-19.38.13-1-300x225.jpeg","width":300,"height":225},"large":{"url":"https:\/\/portalv1.com.br\/app\/wp-content\/uploads\/2025\/09\/WhatsApp-Image-2025-09-15-at-19.38.13-1-640x480.jpeg","width":640,"height":480},"thumbnail":{"url":"https:\/\/portalv1.com.br\/app\/wp-content\/uploads\/2025\/09\/WhatsApp-Image-2025-09-15-at-19.38.13-1-100x100.jpeg","width":100,"height":100},"medium_large":{"url":"https:\/\/portalv1.com.br\/app\/wp-content\/uploads\/2025\/09\/WhatsApp-Image-2025-09-15-at-19.38.13-1-768x576.jpeg","width":768,"height":576},"1536x1536":{"url":"https:\/\/portalv1.com.br\/app\/wp-content\/uploads\/2025\/09\/WhatsApp-Image-2025-09-15-at-19.38.13-1-1536x1152.jpeg","width":1536,"height":1152}},"data":{"simple":"15\/09\/2025","date_time":"15\/09\/2025 17:46:32","date":"h\u00e1 8 meses"},"chapeu":"Veja como foi ","source":"slide"},"_links":{"self":[{"href":"https:\/\/portalv1.com.br\/api\/wp\/v2\/posts\/242481","targetHints":{"allow":["GET"]}}],"collection":[{"href":"https:\/\/portalv1.com.br\/api\/wp\/v2\/posts"}],"about":[{"href":"https:\/\/portalv1.com.br\/api\/wp\/v2\/types\/post"}],"author":[{"embeddable":true,"href":"https:\/\/portalv1.com.br\/api\/wp\/v2\/users\/1"}],"replies":[{"embeddable":true,"href":"https:\/\/portalv1.com.br\/api\/wp\/v2\/comments?post=242481"}],"version-history":[{"count":0,"href":"https:\/\/portalv1.com.br\/api\/wp\/v2\/posts\/242481\/revisions"}],"wp:featuredmedia":[{"embeddable":true,"href":"https:\/\/portalv1.com.br\/api\/wp\/v2\/media\/242480"}],"wp:attachment":[{"href":"https:\/\/portalv1.com.br\/api\/wp\/v2\/media?parent=242481"}],"wp:term":[{"taxonomy":"category","embeddable":true,"href":"https:\/\/portalv1.com.br\/api\/wp\/v2\/categories?post=242481"},{"taxonomy":"post_tag","embeddable":true,"href":"https:\/\/portalv1.com.br\/api\/wp\/v2\/tags?post=242481"}],"curies":[{"name":"wp","href":"https:\/\/api.w.org\/{rel}","templated":true}]}}