{"id":243071,"date":"2025-09-18T17:21:36","date_gmt":"2025-09-18T20:21:36","guid":{"rendered":"https:\/\/portalv1.com.br\/?p=243071"},"modified":"2025-09-18T17:21:36","modified_gmt":"2025-09-18T20:21:36","slug":"valenca-do-piaui-celebra-263-anos-com-agenda-intensa-e-diversificada-nesta-sexta-feira","status":"publish","type":"post","link":"https:\/\/portalv1.com.br\/valenca-do-piaui-celebra-263-anos-com-agenda-intensa-e-diversificada-nesta-sexta-feira\/","title":{"rendered":"Valen\u00e7a do Piau\u00ed celebra 263 anos com agenda intensa e diversificada nesta sexta-feira"},"content":{"rendered":"\n<p>Valen\u00e7a do Piau\u00ed comemora 263 anos de emancipa\u00e7\u00e3o pol\u00edtica com uma programa\u00e7\u00e3o completa nesta sexta-feira, 19 de setembro., v\u00e9spera do anivers\u00e1rio da cidade com evento pol\u00edtico, social, esportivo e shows.<\/p>\n\n\n\n<p>A manh\u00e3 de celebra\u00e7\u00f5es tem in\u00edcio \u00e0s 8h, no Ceti Santo Ant\u00f4nio, com o Encontro Regional de Vereadores, promovido pela Uni\u00e3o das C\u00e2maras Municipais do Piau\u00ed (AVEP). Em seguida, a partir das 10h, ser\u00e1 inaugurada a nova sede do Programa de Prote\u00e7\u00e3o e Defesa do Consumidor (PROCON) na Rua C\u00edcero Portela. Onde funcionava anteriormente a 18\u00aa Zona Eleitoral.<\/p>\n\n\n\n<p>As atividades da tarde come\u00e7am \u00e0s 18h no Est\u00e1dio Municipal Gaud\u00eancio Veloso que ser\u00e1 palco da final da 2\u00aa Copa Rural de Futebol de Campo, que colocar\u00e1 frente a frente as equipes de Comboeiro e Aparecida na disputa pelo t\u00edtulo.<\/p>\n\n\n\n<p>Para encerrar o dia de festividades, a Pra\u00e7a do Novo Horizonte ser\u00e1 o destino da popula\u00e7\u00e3o a partir das 22h. O local recebe os shows de anivers\u00e1rio com apresenta\u00e7\u00f5es do forrozeiro Z\u00e9 Cantor, que comemora 20 anos de carreira com a banda Solteir\u00f5es do Forr\u00f3, al\u00e9m de Ciel Farra, D\u2019Alc\u00e2ntara e Buteco dos Teclados.<\/p>\n\n\n<figure class=\"wp-block-post-featured-image\"><img loading=\"lazy\" decoding=\"async\" width=\"776\" height=\"778\" src=\"https:\/\/portalv1.com.br\/app\/wp-content\/uploads\/2025\/09\/ze-vantr.jpeg\" class=\"attachment-post-thumbnail size-post-thumbnail wp-post-image\" alt=\"\" style=\"object-fit:cover;\" srcset=\"https:\/\/portalv1.com.br\/app\/wp-content\/uploads\/2025\/09\/ze-vantr.jpeg 776w, https:\/\/portalv1.com.br\/app\/wp-content\/uploads\/2025\/09\/ze-vantr-300x301.jpeg 300w, https:\/\/portalv1.com.br\/app\/wp-content\/uploads\/2025\/09\/ze-vantr-640x642.jpeg 640w, https:\/\/portalv1.com.br\/app\/wp-content\/uploads\/2025\/09\/ze-vantr-100x100.jpeg 100w, https:\/\/portalv1.com.br\/app\/wp-content\/uploads\/2025\/09\/ze-vantr-768x770.jpeg 768w\" sizes=\"auto, (max-width: 776px) 100vw, 776px\" \/><\/figure>","protected":false},"excerpt":{"rendered":"<p>Valen\u00e7a do Piau\u00ed comemora 263 anos de emancipa\u00e7\u00e3o pol\u00edtica com uma programa\u00e7\u00e3o completa nesta sexta-feira, 19 de setembro., v\u00e9spera do anivers\u00e1rio da cidade com evento pol\u00edtico, social, esportivo e shows&#8230;.<\/p>\n","protected":false},"author":1,"featured_media":243072,"comment_status":"open","ping_status":"open","sticky":false,"template":"","format":"standard","meta":{"ngg_post_thumbnail":0,"footnotes":""},"categories":[243],"tags":[],"class_list":["post-243071","post","type-post","status-publish","format-standard","has-post-thumbnail","hentry","category-geral"],"views":719,"meta_data":{"thumb":"https:\/\/portalv1.com.br\/app\/wp-content\/uploads\/2025\/09\/ze-vantr.jpeg","imagem":{"fullsize":{"url":"https:\/\/portalv1.com.br\/app\/wp-content\/uploads\/2025\/09\/ze-vantr.jpeg","width":776,"height":778},"medium":{"url":"https:\/\/portalv1.com.br\/app\/wp-content\/uploads\/2025\/09\/ze-vantr-300x301.jpeg","width":300,"height":301},"large":{"url":"https:\/\/portalv1.com.br\/app\/wp-content\/uploads\/2025\/09\/ze-vantr-640x642.jpeg","width":640,"height":642},"thumbnail":{"url":"https:\/\/portalv1.com.br\/app\/wp-content\/uploads\/2025\/09\/ze-vantr-100x100.jpeg","width":100,"height":100},"medium_large":{"url":"https:\/\/portalv1.com.br\/app\/wp-content\/uploads\/2025\/09\/ze-vantr-768x770.jpeg","width":768,"height":770}},"data":{"simple":"18\/09\/2025","date_time":"18\/09\/2025 14:21:36","date":"h\u00e1 7 meses"},"chapeu":"Veja como ser\u00e1 ","source":"slide"},"_links":{"self":[{"href":"https:\/\/portalv1.com.br\/api\/wp\/v2\/posts\/243071","targetHints":{"allow":["GET"]}}],"collection":[{"href":"https:\/\/portalv1.com.br\/api\/wp\/v2\/posts"}],"about":[{"href":"https:\/\/portalv1.com.br\/api\/wp\/v2\/types\/post"}],"author":[{"embeddable":true,"href":"https:\/\/portalv1.com.br\/api\/wp\/v2\/users\/1"}],"replies":[{"embeddable":true,"href":"https:\/\/portalv1.com.br\/api\/wp\/v2\/comments?post=243071"}],"version-history":[{"count":0,"href":"https:\/\/portalv1.com.br\/api\/wp\/v2\/posts\/243071\/revisions"}],"wp:featuredmedia":[{"embeddable":true,"href":"https:\/\/portalv1.com.br\/api\/wp\/v2\/media\/243072"}],"wp:attachment":[{"href":"https:\/\/portalv1.com.br\/api\/wp\/v2\/media?parent=243071"}],"wp:term":[{"taxonomy":"category","embeddable":true,"href":"https:\/\/portalv1.com.br\/api\/wp\/v2\/categories?post=243071"},{"taxonomy":"post_tag","embeddable":true,"href":"https:\/\/portalv1.com.br\/api\/wp\/v2\/tags?post=243071"}],"curies":[{"name":"wp","href":"https:\/\/api.w.org\/{rel}","templated":true}]}}