{"id":243078,"date":"2025-09-19T15:07:51","date_gmt":"2025-09-19T18:07:51","guid":{"rendered":"https:\/\/portalv1.com.br\/?p=243078"},"modified":"2025-09-19T15:11:45","modified_gmt":"2025-09-19T18:11:45","slug":"autoridades-destacam-importancia-do-procon-durante-inauguracao-em-valenca","status":"publish","type":"post","link":"https:\/\/portalv1.com.br\/autoridades-destacam-importancia-do-procon-durante-inauguracao-em-valenca\/","title":{"rendered":"Autoridades destacam import\u00e2ncia do Procon durante inaugura\u00e7\u00e3o em Valen\u00e7a"},"content":{"rendered":"\n<p>Foi inaugurado nesta sexta-feira (19) o Procon Municipal de Valen\u00e7a do Piau\u00ed. A unidade, localizada na Rua C\u00edcero Portela, n\u00ba 537, no Centro, passa a integrar a Rede de Procons Municipais do Piau\u00ed, que agora conta com 22 \u00f3rg\u00e3os.<\/p>\n\n\n\n<p>O atendimento ao p\u00fablico come\u00e7a no dia 1\u00ba de outubro, de segunda a sexta-feira, das 8h \u00e0s 14h, com equipe de tr\u00eas servidores. O espa\u00e7o conta com recep\u00e7\u00e3o, salas para coordena\u00e7\u00e3o, assessoria jur\u00eddica e audi\u00eancias.<\/p>\n\n\n\n<p>A solenidade de inaugura\u00e7\u00e3o reuniu autoridades estaduais e municipais, entre elas os promotores de Justi\u00e7a Nivaldo Ribeiro, Jorge Pessoa, Pl\u00ednio Fontes e Naira Stevanato, vice-prefeito Rubens Alencar, secret\u00e1rio de Governo, Dr. Jos\u00e9 Itamar, procurador do munic\u00edpio Dr. Ronaldo Santos, vice-presidenta da Subse\u00e7\u00e3o da OAB Dr\u00aa Kassia, vereadores entre outras autoridades.<\/p>\n\n\n\n<p>Durante a cerim\u00f4nia, o coordenador-geral do Procon\/MPPI, Nivaldo Ribeiro, destacou a import\u00e2ncia do \u00f3rg\u00e3o.<\/p>\n\n\n\n<p>\u201cTodo produto tem garantia, at\u00e9 mesmo um ovo. O consumidor precisa estar protegido. Em cidades onde h\u00e1 Procon, as empresas t\u00eam mais responsabilidade porque sabem que podem ser punidas\u201d, afirmou.<\/p>\n\n\n\n<p>O vice-prefeito Rubens Alencar ressaltou que o Procon representa um avan\u00e7o para a cidade.<\/p>\n\n\n\n<p>\u201c\u00c9 um momento importante para Valen\u00e7a. O \u00f3rg\u00e3o vai aproximar clientes e empres\u00e1rios e cobrar responsabilidade principalmente de grandes companhias, como a Equatorial e as operadoras de telefonia\u201d, disse.<\/p>\n\n\n\n<p>O secret\u00e1rio de Governo, Dr. Jos\u00e9 Itamar, tamb\u00e9m enfatizou os benef\u00edcios.<\/p>\n\n\n\n<p>\u201cO Procon chega para proteger todos n\u00f3s, consumidores, e coibir abusos que j\u00e1 enfrentamos com empresas de energia e telefonia\u201d, declarou.<\/p>\n\n\n\n<p>J\u00e1 a coordenadora municipal do \u00f3rg\u00e3o, a advogada Camila Cortez, destacou a relev\u00e2ncia da conquista.<\/p>\n\n\n\n<p>\u201c\u00c9 uma honra coordenar um \u00f3rg\u00e3o t\u00e3o importante. Valen\u00e7a j\u00e1 merecia ter um Procon, por ser cidade polo. Al\u00e9m disso, o sistema ProConsumidor permite que demandas abertas aqui sejam acompanhadas em qualquer unidade do Brasil, garantindo a mesma resolutividade\u201d, explicou. Assista \u00e0s entrevistas.<\/p>\n\n\n\n<figure class=\"wp-block-embed is-type-video is-provider-youtube wp-block-embed-youtube wp-embed-aspect-16-9 wp-has-aspect-ratio\"><div class=\"wp-block-embed__wrapper\">\n<div class=\"content-iframe\" data-content-width=\"600\"><iframe loading=\"lazy\" title=\"Procon \u00e9 inaugurado na cidade de Valen\u00e7a do Piau\u00ed\" width=\"600\" height=\"338\" src=\"https:\/\/www.youtube.com\/embed\/NUjGokWFct8?feature=oembed\" frameborder=\"0\" allow=\"accelerometer; autoplay; clipboard-write; encrypted-media; gyroscope; picture-in-picture; web-share\" referrerpolicy=\"strict-origin-when-cross-origin\" allowfullscreen><\/iframe><\/div>\n<\/div><\/figure>\n\n\n<div class=\"ngg-galleryoverview\" id=\"1\">\n              <div data-widget=\"Galeria\" data-props=\"{&quot;galeria&quot;:{&quot;max_page&quot;:1,&quot;total&quot;:18,&quot;gallery_id&quot;:1,&quot;images&quot;:[{&quot;thumbcode&quot;:&quot;https:\\\/\\\/portalv1.com.br\\\/app\\\/wp-content\\\/uploads\\\/2025\\\/09\\\/20250919102911_IMG_0374-768x512-1-400x250.jpg&quot;,&quot;imageURL&quot;:&quot;https:\\\/\\\/portalv1.com.br\\\/app\\\/wp-content\\\/uploads\\\/2025\\\/09\\\/20250919102911_IMG_0374-768x512-1.jpg&quot;,&quot;pid&quot;:243079,&quot;galleryid&quot;:1,&quot;description&quot;:&quot;&quot;,&quot;alttext&quot;:&quot;Autoridades destacam import\\u00e2ncia do Procon durante inaugura\\u00e7\\u00e3o em Valen\\u00e7a&quot;,&quot;thumbnailURL&quot;:&quot;https:\\\/\\\/portalv1.com.br\\\/app\\\/wp-content\\\/uploads\\\/2025\\\/09\\\/20250919102911_IMG_0374-768x512-1-400x250.jpg&quot;,&quot;style&quot;:&quot;&quot;},{&quot;thumbcode&quot;:&quot;https:\\\/\\\/portalv1.com.br\\\/app\\\/wp-content\\\/uploads\\\/2025\\\/09\\\/20250919101342_IMG_0338-768x512-1-400x250.jpg&quot;,&quot;imageURL&quot;:&quot;https:\\\/\\\/portalv1.com.br\\\/app\\\/wp-content\\\/uploads\\\/2025\\\/09\\\/20250919101342_IMG_0338-768x512-1.jpg&quot;,&quot;pid&quot;:243080,&quot;galleryid&quot;:1,&quot;description&quot;:&quot;&quot;,&quot;alttext&quot;:&quot;Autoridades destacam import\\u00e2ncia do Procon durante inaugura\\u00e7\\u00e3o em Valen\\u00e7a&quot;,&quot;thumbnailURL&quot;:&quot;https:\\\/\\\/portalv1.com.br\\\/app\\\/wp-content\\\/uploads\\\/2025\\\/09\\\/20250919101342_IMG_0338-768x512-1-400x250.jpg&quot;,&quot;style&quot;:&quot;&quot;},{&quot;thumbcode&quot;:&quot;https:\\\/\\\/portalv1.com.br\\\/app\\\/wp-content\\\/uploads\\\/2025\\\/09\\\/20250919110210_IMG_0438-768x512-1-400x250.jpg&quot;,&quot;imageURL&quot;:&quot;https:\\\/\\\/portalv1.com.br\\\/app\\\/wp-content\\\/uploads\\\/2025\\\/09\\\/20250919110210_IMG_0438-768x512-1.jpg&quot;,&quot;pid&quot;:243081,&quot;galleryid&quot;:1,&quot;description&quot;:&quot;&quot;,&quot;alttext&quot;:&quot;Autoridades destacam import\\u00e2ncia do Procon durante inaugura\\u00e7\\u00e3o em Valen\\u00e7a&quot;,&quot;thumbnailURL&quot;:&quot;https:\\\/\\\/portalv1.com.br\\\/app\\\/wp-content\\\/uploads\\\/2025\\\/09\\\/20250919110210_IMG_0438-768x512-1-400x250.jpg&quot;,&quot;style&quot;:&quot;&quot;},{&quot;thumbcode&quot;:&quot;https:\\\/\\\/portalv1.com.br\\\/app\\\/wp-content\\\/uploads\\\/2025\\\/09\\\/IMG_0505-400x250.jpg&quot;,&quot;imageURL&quot;:&quot;https:\\\/\\\/portalv1.com.br\\\/app\\\/wp-content\\\/uploads\\\/2025\\\/09\\\/IMG_0505.jpg&quot;,&quot;pid&quot;:243082,&quot;galleryid&quot;:1,&quot;description&quot;:&quot;&quot;,&quot;alttext&quot;:&quot;Autoridades destacam import\\u00e2ncia do Procon durante inaugura\\u00e7\\u00e3o em Valen\\u00e7a&quot;,&quot;thumbnailURL&quot;:&quot;https:\\\/\\\/portalv1.com.br\\\/app\\\/wp-content\\\/uploads\\\/2025\\\/09\\\/IMG_0505-400x250.jpg&quot;,&quot;style&quot;:&quot;&quot;},{&quot;thumbcode&quot;:&quot;https:\\\/\\\/portalv1.com.br\\\/app\\\/wp-content\\\/uploads\\\/2025\\\/09\\\/IMG_0512-400x250.jpg&quot;,&quot;imageURL&quot;:&quot;https:\\\/\\\/portalv1.com.br\\\/app\\\/wp-content\\\/uploads\\\/2025\\\/09\\\/IMG_0512.jpg&quot;,&quot;pid&quot;:243083,&quot;galleryid&quot;:1,&quot;description&quot;:&quot;&quot;,&quot;alttext&quot;:&quot;Autoridades destacam import\\u00e2ncia do Procon durante inaugura\\u00e7\\u00e3o em Valen\\u00e7a&quot;,&quot;thumbnailURL&quot;:&quot;https:\\\/\\\/portalv1.com.br\\\/app\\\/wp-content\\\/uploads\\\/2025\\\/09\\\/IMG_0512-400x250.jpg&quot;,&quot;style&quot;:&quot;&quot;},{&quot;thumbcode&quot;:&quot;https:\\\/\\\/portalv1.com.br\\\/app\\\/wp-content\\\/uploads\\\/2025\\\/09\\\/IMG_0500-400x250.jpg&quot;,&quot;imageURL&quot;:&quot;https:\\\/\\\/portalv1.com.br\\\/app\\\/wp-content\\\/uploads\\\/2025\\\/09\\\/IMG_0500.jpg&quot;,&quot;pid&quot;:243084,&quot;galleryid&quot;:1,&quot;description&quot;:&quot;&quot;,&quot;alttext&quot;:&quot;Autoridades destacam import\\u00e2ncia do Procon durante inaugura\\u00e7\\u00e3o em Valen\\u00e7a&quot;,&quot;thumbnailURL&quot;:&quot;https:\\\/\\\/portalv1.com.br\\\/app\\\/wp-content\\\/uploads\\\/2025\\\/09\\\/IMG_0500-400x250.jpg&quot;,&quot;style&quot;:&quot;&quot;},{&quot;thumbcode&quot;:&quot;https:\\\/\\\/portalv1.com.br\\\/app\\\/wp-content\\\/uploads\\\/2025\\\/09\\\/IMG_0490-400x250.jpg&quot;,&quot;imageURL&quot;:&quot;https:\\\/\\\/portalv1.com.br\\\/app\\\/wp-content\\\/uploads\\\/2025\\\/09\\\/IMG_0490.jpg&quot;,&quot;pid&quot;:243085,&quot;galleryid&quot;:1,&quot;description&quot;:&quot;&quot;,&quot;alttext&quot;:&quot;Autoridades destacam import\\u00e2ncia do Procon durante inaugura\\u00e7\\u00e3o em Valen\\u00e7a&quot;,&quot;thumbnailURL&quot;:&quot;https:\\\/\\\/portalv1.com.br\\\/app\\\/wp-content\\\/uploads\\\/2025\\\/09\\\/IMG_0490-400x250.jpg&quot;,&quot;style&quot;:&quot;&quot;},{&quot;thumbcode&quot;:&quot;https:\\\/\\\/portalv1.com.br\\\/app\\\/wp-content\\\/uploads\\\/2025\\\/09\\\/IMG_0509-400x250.jpg&quot;,&quot;imageURL&quot;:&quot;https:\\\/\\\/portalv1.com.br\\\/app\\\/wp-content\\\/uploads\\\/2025\\\/09\\\/IMG_0509.jpg&quot;,&quot;pid&quot;:243086,&quot;galleryid&quot;:1,&quot;description&quot;:&quot;&quot;,&quot;alttext&quot;:&quot;Autoridades destacam import\\u00e2ncia do Procon durante inaugura\\u00e7\\u00e3o em Valen\\u00e7a&quot;,&quot;thumbnailURL&quot;:&quot;https:\\\/\\\/portalv1.com.br\\\/app\\\/wp-content\\\/uploads\\\/2025\\\/09\\\/IMG_0509-400x250.jpg&quot;,&quot;style&quot;:&quot;&quot;},{&quot;thumbcode&quot;:&quot;https:\\\/\\\/portalv1.com.br\\\/app\\\/wp-content\\\/uploads\\\/2025\\\/09\\\/IMG_0558-400x250.jpg&quot;,&quot;imageURL&quot;:&quot;https:\\\/\\\/portalv1.com.br\\\/app\\\/wp-content\\\/uploads\\\/2025\\\/09\\\/IMG_0558.jpg&quot;,&quot;pid&quot;:243087,&quot;galleryid&quot;:1,&quot;description&quot;:&quot;&quot;,&quot;alttext&quot;:&quot;Autoridades destacam import\\u00e2ncia do Procon durante inaugura\\u00e7\\u00e3o em Valen\\u00e7a&quot;,&quot;thumbnailURL&quot;:&quot;https:\\\/\\\/portalv1.com.br\\\/app\\\/wp-content\\\/uploads\\\/2025\\\/09\\\/IMG_0558-400x250.jpg&quot;,&quot;style&quot;:&quot;&quot;},{&quot;thumbcode&quot;:&quot;https:\\\/\\\/portalv1.com.br\\\/app\\\/wp-content\\\/uploads\\\/2025\\\/09\\\/IMG_0474-400x250.jpg&quot;,&quot;imageURL&quot;:&quot;https:\\\/\\\/portalv1.com.br\\\/app\\\/wp-content\\\/uploads\\\/2025\\\/09\\\/IMG_0474.jpg&quot;,&quot;pid&quot;:243088,&quot;galleryid&quot;:1,&quot;description&quot;:&quot;&quot;,&quot;alttext&quot;:&quot;Autoridades destacam import\\u00e2ncia do Procon durante inaugura\\u00e7\\u00e3o em Valen\\u00e7a&quot;,&quot;thumbnailURL&quot;:&quot;https:\\\/\\\/portalv1.com.br\\\/app\\\/wp-content\\\/uploads\\\/2025\\\/09\\\/IMG_0474-400x250.jpg&quot;,&quot;style&quot;:&quot;&quot;},{&quot;thumbcode&quot;:&quot;https:\\\/\\\/portalv1.com.br\\\/app\\\/wp-content\\\/uploads\\\/2025\\\/09\\\/IMG_0534-400x250.jpg&quot;,&quot;imageURL&quot;:&quot;https:\\\/\\\/portalv1.com.br\\\/app\\\/wp-content\\\/uploads\\\/2025\\\/09\\\/IMG_0534.jpg&quot;,&quot;pid&quot;:243089,&quot;galleryid&quot;:1,&quot;description&quot;:&quot;&quot;,&quot;alttext&quot;:&quot;Autoridades destacam import\\u00e2ncia do Procon durante inaugura\\u00e7\\u00e3o em Valen\\u00e7a&quot;,&quot;thumbnailURL&quot;:&quot;https:\\\/\\\/portalv1.com.br\\\/app\\\/wp-content\\\/uploads\\\/2025\\\/09\\\/IMG_0534-400x250.jpg&quot;,&quot;style&quot;:&quot;&quot;},{&quot;thumbcode&quot;:&quot;https:\\\/\\\/portalv1.com.br\\\/app\\\/wp-content\\\/uploads\\\/2025\\\/09\\\/IMG_0538-400x250.jpg&quot;,&quot;imageURL&quot;:&quot;https:\\\/\\\/portalv1.com.br\\\/app\\\/wp-content\\\/uploads\\\/2025\\\/09\\\/IMG_0538.jpg&quot;,&quot;pid&quot;:243090,&quot;galleryid&quot;:1,&quot;description&quot;:&quot;&quot;,&quot;alttext&quot;:&quot;Autoridades destacam import\\u00e2ncia do Procon durante inaugura\\u00e7\\u00e3o em Valen\\u00e7a&quot;,&quot;thumbnailURL&quot;:&quot;https:\\\/\\\/portalv1.com.br\\\/app\\\/wp-content\\\/uploads\\\/2025\\\/09\\\/IMG_0538-400x250.jpg&quot;,&quot;style&quot;:&quot;&quot;},{&quot;thumbcode&quot;:&quot;https:\\\/\\\/portalv1.com.br\\\/app\\\/wp-content\\\/uploads\\\/2025\\\/09\\\/20250919111948_IMG_0444-768x512-1-400x250.jpg&quot;,&quot;imageURL&quot;:&quot;https:\\\/\\\/portalv1.com.br\\\/app\\\/wp-content\\\/uploads\\\/2025\\\/09\\\/20250919111948_IMG_0444-768x512-1.jpg&quot;,&quot;pid&quot;:243091,&quot;galleryid&quot;:1,&quot;description&quot;:&quot;&quot;,&quot;alttext&quot;:&quot;Autoridades destacam import\\u00e2ncia do Procon durante inaugura\\u00e7\\u00e3o em Valen\\u00e7a&quot;,&quot;thumbnailURL&quot;:&quot;https:\\\/\\\/portalv1.com.br\\\/app\\\/wp-content\\\/uploads\\\/2025\\\/09\\\/20250919111948_IMG_0444-768x512-1-400x250.jpg&quot;,&quot;style&quot;:&quot;&quot;},{&quot;thumbcode&quot;:&quot;https:\\\/\\\/portalv1.com.br\\\/app\\\/wp-content\\\/uploads\\\/2025\\\/09\\\/IMG_0484-400x250.jpg&quot;,&quot;imageURL&quot;:&quot;https:\\\/\\\/portalv1.com.br\\\/app\\\/wp-content\\\/uploads\\\/2025\\\/09\\\/IMG_0484.jpg&quot;,&quot;pid&quot;:243092,&quot;galleryid&quot;:1,&quot;description&quot;:&quot;&quot;,&quot;alttext&quot;:&quot;Autoridades destacam import\\u00e2ncia do Procon durante inaugura\\u00e7\\u00e3o em Valen\\u00e7a&quot;,&quot;thumbnailURL&quot;:&quot;https:\\\/\\\/portalv1.com.br\\\/app\\\/wp-content\\\/uploads\\\/2025\\\/09\\\/IMG_0484-400x250.jpg&quot;,&quot;style&quot;:&quot;&quot;},{&quot;thumbcode&quot;:&quot;https:\\\/\\\/portalv1.com.br\\\/app\\\/wp-content\\\/uploads\\\/2025\\\/09\\\/IMG_0517-400x250.jpg&quot;,&quot;imageURL&quot;:&quot;https:\\\/\\\/portalv1.com.br\\\/app\\\/wp-content\\\/uploads\\\/2025\\\/09\\\/IMG_0517.jpg&quot;,&quot;pid&quot;:243093,&quot;galleryid&quot;:1,&quot;description&quot;:&quot;&quot;,&quot;alttext&quot;:&quot;Autoridades destacam import\\u00e2ncia do Procon durante inaugura\\u00e7\\u00e3o em Valen\\u00e7a&quot;,&quot;thumbnailURL&quot;:&quot;https:\\\/\\\/portalv1.com.br\\\/app\\\/wp-content\\\/uploads\\\/2025\\\/09\\\/IMG_0517-400x250.jpg&quot;,&quot;style&quot;:&quot;&quot;},{&quot;thumbcode&quot;:&quot;https:\\\/\\\/portalv1.com.br\\\/app\\\/wp-content\\\/uploads\\\/2025\\\/09\\\/IMG_0591-400x250.jpg&quot;,&quot;imageURL&quot;:&quot;https:\\\/\\\/portalv1.com.br\\\/app\\\/wp-content\\\/uploads\\\/2025\\\/09\\\/IMG_0591.jpg&quot;,&quot;pid&quot;:243094,&quot;galleryid&quot;:1,&quot;description&quot;:&quot;&quot;,&quot;alttext&quot;:&quot;Autoridades destacam import\\u00e2ncia do Procon durante inaugura\\u00e7\\u00e3o em Valen\\u00e7a&quot;,&quot;thumbnailURL&quot;:&quot;https:\\\/\\\/portalv1.com.br\\\/app\\\/wp-content\\\/uploads\\\/2025\\\/09\\\/IMG_0591-400x250.jpg&quot;,&quot;style&quot;:&quot;&quot;},{&quot;thumbcode&quot;:&quot;https:\\\/\\\/portalv1.com.br\\\/app\\\/wp-content\\\/uploads\\\/2025\\\/09\\\/IMG_0594-400x250.jpg&quot;,&quot;imageURL&quot;:&quot;https:\\\/\\\/portalv1.com.br\\\/app\\\/wp-content\\\/uploads\\\/2025\\\/09\\\/IMG_0594.jpg&quot;,&quot;pid&quot;:243095,&quot;galleryid&quot;:1,&quot;description&quot;:&quot;&quot;,&quot;alttext&quot;:&quot;Autoridades destacam import\\u00e2ncia do Procon durante inaugura\\u00e7\\u00e3o em Valen\\u00e7a&quot;,&quot;thumbnailURL&quot;:&quot;https:\\\/\\\/portalv1.com.br\\\/app\\\/wp-content\\\/uploads\\\/2025\\\/09\\\/IMG_0594-400x250.jpg&quot;,&quot;style&quot;:&quot;&quot;},{&quot;thumbcode&quot;:&quot;https:\\\/\\\/portalv1.com.br\\\/app\\\/wp-content\\\/uploads\\\/2025\\\/09\\\/IMG_0494-400x250.jpg&quot;,&quot;imageURL&quot;:&quot;https:\\\/\\\/portalv1.com.br\\\/app\\\/wp-content\\\/uploads\\\/2025\\\/09\\\/IMG_0494.jpg&quot;,&quot;pid&quot;:243096,&quot;galleryid&quot;:1,&quot;description&quot;:&quot;&quot;,&quot;alttext&quot;:&quot;Autoridades destacam import\\u00e2ncia do Procon durante inaugura\\u00e7\\u00e3o em Valen\\u00e7a&quot;,&quot;thumbnailURL&quot;:&quot;https:\\\/\\\/portalv1.com.br\\\/app\\\/wp-content\\\/uploads\\\/2025\\\/09\\\/IMG_0494-400x250.jpg&quot;,&quot;style&quot;:&quot;&quot;}]}}\"><\/div>\n            <\/div>\n\n\n<p>Colabora\u00e7\u00e3o; ASCOM<\/p>\n","protected":false},"excerpt":{"rendered":"<p>Foi inaugurado nesta sexta-feira (19) o Procon Municipal de Valen\u00e7a do Piau\u00ed. A unidade, localizada na Rua C\u00edcero Portela, n\u00ba 537, no Centro, passa a integrar a Rede de Procons&#8230;<\/p>\n","protected":false},"author":1,"featured_media":243097,"comment_status":"open","ping_status":"open","sticky":false,"template":"","format":"standard","meta":{"ngg_post_thumbnail":0,"footnotes":""},"categories":[243],"tags":[],"class_list":["post-243078","post","type-post","status-publish","format-standard","has-post-thumbnail","hentry","category-geral"],"views":491,"meta_data":{"thumb":"https:\/\/portalv1.com.br\/app\/wp-content\/uploads\/2025\/09\/20250919102911_IMG_0374-768x512-2.jpg","imagem":{"fullsize":{"url":"https:\/\/portalv1.com.br\/app\/wp-content\/uploads\/2025\/09\/20250919102911_IMG_0374-768x512-2.jpg","width":768,"height":512},"medium":{"url":"https:\/\/portalv1.com.br\/app\/wp-content\/uploads\/2025\/09\/20250919102911_IMG_0374-768x512-2-300x200.jpg","width":300,"height":200},"large":{"url":"https:\/\/portalv1.com.br\/app\/wp-content\/uploads\/2025\/09\/20250919102911_IMG_0374-768x512-2-640x427.jpg","width":640,"height":427},"thumbnail":{"url":"https:\/\/portalv1.com.br\/app\/wp-content\/uploads\/2025\/09\/20250919102911_IMG_0374-768x512-2-100x100.jpg","width":100,"height":100}},"data":{"simple":"19\/09\/2025","date_time":"19\/09\/2025 12:07:51","date":"h\u00e1 7 meses"},"chapeu":"Saiba mais","source":"slide"},"_links":{"self":[{"href":"https:\/\/portalv1.com.br\/api\/wp\/v2\/posts\/243078","targetHints":{"allow":["GET"]}}],"collection":[{"href":"https:\/\/portalv1.com.br\/api\/wp\/v2\/posts"}],"about":[{"href":"https:\/\/portalv1.com.br\/api\/wp\/v2\/types\/post"}],"author":[{"embeddable":true,"href":"https:\/\/portalv1.com.br\/api\/wp\/v2\/users\/1"}],"replies":[{"embeddable":true,"href":"https:\/\/portalv1.com.br\/api\/wp\/v2\/comments?post=243078"}],"version-history":[{"count":0,"href":"https:\/\/portalv1.com.br\/api\/wp\/v2\/posts\/243078\/revisions"}],"wp:featuredmedia":[{"embeddable":true,"href":"https:\/\/portalv1.com.br\/api\/wp\/v2\/media\/243097"}],"wp:attachment":[{"href":"https:\/\/portalv1.com.br\/api\/wp\/v2\/media?parent=243078"}],"wp:term":[{"taxonomy":"category","embeddable":true,"href":"https:\/\/portalv1.com.br\/api\/wp\/v2\/categories?post=243078"},{"taxonomy":"post_tag","embeddable":true,"href":"https:\/\/portalv1.com.br\/api\/wp\/v2\/tags?post=243078"}],"curies":[{"name":"wp","href":"https:\/\/api.w.org\/{rel}","templated":true}]}}