{"id":243496,"date":"2025-09-23T11:07:00","date_gmt":"2025-09-23T14:07:00","guid":{"rendered":"https:\/\/portalv1.com.br\/?p=243496"},"modified":"2025-09-23T10:12:40","modified_gmt":"2025-09-23T13:12:40","slug":"campanha-de-vacinacao-antirrabica-para-caes-e-gatos-acontece-dia-27-em-valenca-do-piaui","status":"publish","type":"post","link":"https:\/\/portalv1.com.br\/campanha-de-vacinacao-antirrabica-para-caes-e-gatos-acontece-dia-27-em-valenca-do-piaui\/","title":{"rendered":"Campanha de vacina\u00e7\u00e3o antirr\u00e1bica para c\u00e3es e gatos acontece dia 27 em Valen\u00e7a do Piaui"},"content":{"rendered":"\n<p>A Prefeitura de Valen\u00e7a do Piau\u00ed, por meio da Secretaria Municipal de Sa\u00fade e da Secretaria Municipal de Meio Ambiente divulgou a realiza\u00e7\u00e3o da campanha de vacina\u00e7\u00e3o antirr\u00e1bica para c\u00e3es e gatos. A a\u00e7\u00e3o acontece no dia 27 de setembro, das 8h \u00e0s 16h30, em diversos pontos da cidade.<\/p>\n\n\n\n<p>A imuniza\u00e7\u00e3o \u00e9 destinada a animais a partir de tr\u00eas meses. C\u00e3es e gatos devem receber a primeira dose a partir dessa faixa et\u00e1ria para garantir a prote\u00e7\u00e3o contra a raiva, doen\u00e7a que pode ser transmitida aos seres humanos.<\/p>\n\n\n\n<p>Para a seguran\u00e7a durante a campanha, a orienta\u00e7\u00e3o \u00e9 que os c\u00e3es sejam levados com coleira e guia, enquanto os gatos devem estar em caixas de transporte. J\u00e1 os animais com comportamento agressivo precisam estar com focinheira.<\/p>\n\n\n\n<p>Os pontos de vacina\u00e7\u00e3o definidos s\u00e3o as UBS e locais centrais, sendo eles: Amando Lima, Vale Verde, I\u00eada, Lavanderia, Abrigo, Valentim (CSU), Regional, Novo Horizonte (Posto de Sa\u00fade e CAIC), Centro, Morada Nova e Barrinha.<\/p>\n\n\n\n<p>A campanha faz parte das a\u00e7\u00f5es de preven\u00e7\u00e3o em sa\u00fade p\u00fablica e tem como objetivo ampliar a imuniza\u00e7\u00e3o, garantindo mais seguran\u00e7a para as fam\u00edlias valencianas e para os animais de estima\u00e7\u00e3o.<\/p>\n\n\n\n<figure class=\"wp-block-image size-full\"><img loading=\"lazy\" decoding=\"async\" width=\"588\" height=\"720\" src=\"https:\/\/portalv1.com.br\/app\/wp-content\/uploads\/2025\/09\/Imagem1-2.jpg\" alt=\"\" class=\"wp-image-243497\" srcset=\"https:\/\/portalv1.com.br\/app\/wp-content\/uploads\/2025\/09\/Imagem1-2.jpg 588w, https:\/\/portalv1.com.br\/app\/wp-content\/uploads\/2025\/09\/Imagem1-2-300x367.jpg 300w\" sizes=\"auto, (max-width: 588px) 100vw, 588px\" \/><\/figure>\n","protected":false},"excerpt":{"rendered":"<p>A Prefeitura de Valen\u00e7a do Piau\u00ed, por meio da Secretaria Municipal de Sa\u00fade e da Secretaria Municipal de Meio Ambiente divulgou a realiza\u00e7\u00e3o da campanha de vacina\u00e7\u00e3o antirr\u00e1bica para c\u00e3es&#8230;<\/p>\n","protected":false},"author":1,"featured_media":243498,"comment_status":"open","ping_status":"open","sticky":false,"template":"","format":"standard","meta":{"ngg_post_thumbnail":0,"footnotes":""},"categories":[243],"tags":[],"class_list":["post-243496","post","type-post","status-publish","format-standard","has-post-thumbnail","hentry","category-geral"],"views":270,"meta_data":{"thumb":"https:\/\/portalv1.com.br\/app\/wp-content\/uploads\/2025\/09\/caes.jpg","imagem":{"fullsize":{"url":"https:\/\/portalv1.com.br\/app\/wp-content\/uploads\/2025\/09\/caes.jpg","width":512,"height":288},"medium":{"url":"https:\/\/portalv1.com.br\/app\/wp-content\/uploads\/2025\/09\/caes-300x169.jpg","width":300,"height":169},"thumbnail":{"url":"https:\/\/portalv1.com.br\/app\/wp-content\/uploads\/2025\/09\/caes-100x100.jpg","width":100,"height":100}},"data":{"simple":"23\/09\/2025","date_time":"23\/09\/2025 08:07:00","date":"h\u00e1 7 meses"},"chapeu":"Veja locais ","source":"slide"},"_links":{"self":[{"href":"https:\/\/portalv1.com.br\/api\/wp\/v2\/posts\/243496","targetHints":{"allow":["GET"]}}],"collection":[{"href":"https:\/\/portalv1.com.br\/api\/wp\/v2\/posts"}],"about":[{"href":"https:\/\/portalv1.com.br\/api\/wp\/v2\/types\/post"}],"author":[{"embeddable":true,"href":"https:\/\/portalv1.com.br\/api\/wp\/v2\/users\/1"}],"replies":[{"embeddable":true,"href":"https:\/\/portalv1.com.br\/api\/wp\/v2\/comments?post=243496"}],"version-history":[{"count":0,"href":"https:\/\/portalv1.com.br\/api\/wp\/v2\/posts\/243496\/revisions"}],"wp:featuredmedia":[{"embeddable":true,"href":"https:\/\/portalv1.com.br\/api\/wp\/v2\/media\/243498"}],"wp:attachment":[{"href":"https:\/\/portalv1.com.br\/api\/wp\/v2\/media?parent=243496"}],"wp:term":[{"taxonomy":"category","embeddable":true,"href":"https:\/\/portalv1.com.br\/api\/wp\/v2\/categories?post=243496"},{"taxonomy":"post_tag","embeddable":true,"href":"https:\/\/portalv1.com.br\/api\/wp\/v2\/tags?post=243496"}],"curies":[{"name":"wp","href":"https:\/\/api.w.org\/{rel}","templated":true}]}}