{"id":243573,"date":"2025-09-25T19:18:33","date_gmt":"2025-09-25T22:18:33","guid":{"rendered":"https:\/\/portalv1.com.br\/?p=243573"},"modified":"2025-09-25T19:23:00","modified_gmt":"2025-09-25T22:23:00","slug":"xenhenhem-lanca-ep-vem-dancar-forro-com-ineditas-e-regravacoes-que-celebram-a-cultura-nordestina","status":"publish","type":"post","link":"https:\/\/portalv1.com.br\/xenhenhem-lanca-ep-vem-dancar-forro-com-ineditas-e-regravacoes-que-celebram-a-cultura-nordestina\/","title":{"rendered":"Xenhenhem lan\u00e7a EP \u201cVem Dan\u00e7ar Forr\u00f3\u201d com in\u00e9ditas e regrava\u00e7\u00f5es que celebram a cultura nordestina"},"content":{"rendered":"\n<p>O grupo Xenhenhem, refer\u00eancia no cen\u00e1rio do forr\u00f3, acaba de lan\u00e7ar o EP \u201cVem Dan\u00e7ar Forr\u00f3\u201d, reunindo nove faixas que transitam entre o in\u00e9dito e regrava\u00e7\u00f5es hist\u00f3ricas, em um trabalho que homenageia mestres da m\u00fasica e exalta a identidade nordestina.<\/p>\n\n\n\n<p>A can\u00e7\u00e3o que d\u00e1 nome ao EP, \u201cVem Dan\u00e7ar Forr\u00f3\u201d, \u00e9 in\u00e9dita, composta por L\u00e9o Xenhenhem em tributo a Luiz Gonzaga e Dominguinhos. A m\u00fasica traz arranjos cheios de musicalidade, melodia marcante e uma letra que reverencia os grandes \u00edcones do forr\u00f3.<\/p>\n\n\n\n<p>Outra novidade \u00e9 \u201cFilho do Sol\u201d, tamb\u00e9m in\u00e9dita, que celebra o Piau\u00ed, suas belezas naturais, sua cultura e a receptividade calorosa de seu povo.<\/p>\n\n\n\n<p>Entre as regrava\u00e7\u00f5es, o trabalho apresenta uma vers\u00e3o vibrante de \u201cAi Que Vida\u201d, trilha do filme hom\u00f4nimo \u2014 o filme brasileiro mais assistido no mundo no YouTube \u2014, agora reinterpretada com energia contagiante; e \u201cCaba do Interior\u201d, primeira composi\u00e7\u00e3o de L\u00e9o Xenhenhem, vencedora de um festival de m\u00fasica em 2004, que retorna com nova roupagem.<\/p>\n\n\n\n<p>O EP j\u00e1 est\u00e1 dispon\u00edvel em todas as plataformas digitais:<\/p>\n\n\n\n<p>Com esse lan\u00e7amento, o Xenhenhem reafirma sua miss\u00e3o de manter viva a chama do forr\u00f3, dialogando com as novas gera\u00e7\u00f5es sem perder a autenticidade e a for\u00e7a da tradi\u00e7\u00e3o.<\/p>\n\n\n\n<p>Contato para shows e imprensa:<\/p>\n\n\n\n<p>(86) 9 9411-7822<\/p>\n\n\n\n<p>contatos@xenhenhem.com.br<\/p>\n\n\n\n<figure class=\"wp-block-embed is-type-video is-provider-youtube wp-block-embed-youtube wp-embed-aspect-4-3 wp-has-aspect-ratio\"><div class=\"wp-block-embed__wrapper\">\n<div class=\"content-iframe\" data-content-width=\"600\"><iframe loading=\"lazy\" title=\"Vem Dan\u00e7ar Forr\u00f3\" width=\"600\" height=\"450\" src=\"https:\/\/www.youtube.com\/embed\/4pVW8nf47K4?feature=oembed\" frameborder=\"0\" allow=\"accelerometer; autoplay; clipboard-write; encrypted-media; gyroscope; picture-in-picture; web-share\" referrerpolicy=\"strict-origin-when-cross-origin\" allowfullscreen><\/iframe><\/div>\n<\/div><\/figure>\n\n\n\n<figure class=\"wp-block-embed is-type-video is-provider-youtube wp-block-embed-youtube wp-embed-aspect-4-3 wp-has-aspect-ratio\"><div class=\"wp-block-embed__wrapper\">\n<div class=\"content-iframe\" data-content-width=\"600\"><iframe loading=\"lazy\" title=\"Filho do Sol\" width=\"600\" height=\"450\" src=\"https:\/\/www.youtube.com\/embed\/SXzS8rygvy8?feature=oembed\" frameborder=\"0\" allow=\"accelerometer; autoplay; clipboard-write; encrypted-media; gyroscope; picture-in-picture; web-share\" referrerpolicy=\"strict-origin-when-cross-origin\" allowfullscreen><\/iframe><\/div>\n<\/div><\/figure>\n","protected":false},"excerpt":{"rendered":"<p>O grupo Xenhenhem, refer\u00eancia no cen\u00e1rio do forr\u00f3, acaba de lan\u00e7ar o EP \u201cVem Dan\u00e7ar Forr\u00f3\u201d, reunindo nove faixas que transitam entre o in\u00e9dito e regrava\u00e7\u00f5es hist\u00f3ricas, em um trabalho&#8230;<\/p>\n","protected":false},"author":1,"featured_media":243574,"comment_status":"open","ping_status":"open","sticky":false,"template":"","format":"standard","meta":{"ngg_post_thumbnail":0,"footnotes":""},"categories":[243],"tags":[],"class_list":["post-243573","post","type-post","status-publish","format-standard","has-post-thumbnail","hentry","category-geral"],"views":146,"meta_data":{"thumb":"https:\/\/portalv1.com.br\/app\/wp-content\/uploads\/2025\/09\/xenhenhem.jpeg","imagem":{"fullsize":{"url":"https:\/\/portalv1.com.br\/app\/wp-content\/uploads\/2025\/09\/xenhenhem.jpeg","width":1280,"height":1280},"medium":{"url":"https:\/\/portalv1.com.br\/app\/wp-content\/uploads\/2025\/09\/xenhenhem-300x300.jpeg","width":300,"height":300},"large":{"url":"https:\/\/portalv1.com.br\/app\/wp-content\/uploads\/2025\/09\/xenhenhem-640x640.jpeg","width":640,"height":640},"thumbnail":{"url":"https:\/\/portalv1.com.br\/app\/wp-content\/uploads\/2025\/09\/xenhenhem-100x100.jpeg","width":100,"height":100},"medium_large":{"url":"https:\/\/portalv1.com.br\/app\/wp-content\/uploads\/2025\/09\/xenhenhem-768x768.jpeg","width":768,"height":768}},"data":{"simple":"25\/09\/2025","date_time":"25\/09\/2025 16:18:33","date":"h\u00e1 7 meses"},"chapeu":"Sucesso ","source":"m_destacada"},"_links":{"self":[{"href":"https:\/\/portalv1.com.br\/api\/wp\/v2\/posts\/243573","targetHints":{"allow":["GET"]}}],"collection":[{"href":"https:\/\/portalv1.com.br\/api\/wp\/v2\/posts"}],"about":[{"href":"https:\/\/portalv1.com.br\/api\/wp\/v2\/types\/post"}],"author":[{"embeddable":true,"href":"https:\/\/portalv1.com.br\/api\/wp\/v2\/users\/1"}],"replies":[{"embeddable":true,"href":"https:\/\/portalv1.com.br\/api\/wp\/v2\/comments?post=243573"}],"version-history":[{"count":0,"href":"https:\/\/portalv1.com.br\/api\/wp\/v2\/posts\/243573\/revisions"}],"wp:featuredmedia":[{"embeddable":true,"href":"https:\/\/portalv1.com.br\/api\/wp\/v2\/media\/243574"}],"wp:attachment":[{"href":"https:\/\/portalv1.com.br\/api\/wp\/v2\/media?parent=243573"}],"wp:term":[{"taxonomy":"category","embeddable":true,"href":"https:\/\/portalv1.com.br\/api\/wp\/v2\/categories?post=243573"},{"taxonomy":"post_tag","embeddable":true,"href":"https:\/\/portalv1.com.br\/api\/wp\/v2\/tags?post=243573"}],"curies":[{"name":"wp","href":"https:\/\/api.w.org\/{rel}","templated":true}]}}