{"id":243800,"date":"2025-10-02T10:34:17","date_gmt":"2025-10-02T13:34:17","guid":{"rendered":"https:\/\/portalv1.com.br\/?p=243800"},"modified":"2025-10-02T10:34:17","modified_gmt":"2025-10-02T13:34:17","slug":"valenca-realiza-neste-domingo-a-3a-feira-das-criancas-na-praca-getulio-vargas","status":"publish","type":"post","link":"https:\/\/portalv1.com.br\/valenca-realiza-neste-domingo-a-3a-feira-das-criancas-na-praca-getulio-vargas\/","title":{"rendered":"Valen\u00e7a realiza neste domingo a 3\u00aa Feira das Crian\u00e7as na Pra\u00e7a Get\u00falio Vargas"},"content":{"rendered":"\n<p>Neste domingo, 5 de outubro, a Pra\u00e7a Get\u00falio Vargas ser\u00e1 palco da 3\u00aa Feira das Crian\u00e7as, evento promovido pelo grupo Mulheres Empreendedoras de Valen\u00e7a do Piau\u00ed.<\/p>\n\n\n\n<p>A programa\u00e7\u00e3o est\u00e1 recheada de atividades voltadas para o p\u00fablico infantil e para toda a fam\u00edlia, com sorteio de brindes, ca\u00e7a ao tesouro, estoura bal\u00e3o, concurso de fantasia e bingo rel\u00e2mpago. Al\u00e9m disso, haver\u00e1 parque infantil e a comercializa\u00e7\u00e3o de produtos nas barracas que ser\u00e3o montadas no local, oferecendo op\u00e7\u00f5es variadas aos visitantes.<\/p>\n\n\n\n<p>A escolha da Pra\u00e7a Get\u00falio Vargas como cen\u00e1rio da festa traz ainda mais destaque, j\u00e1 que o espa\u00e7o passou recentemente por uma revitaliza\u00e7\u00e3o, recebendo melhorias que modernizaram o ambiente e a constru\u00e7\u00e3o de um novo parque infantil, que tem atra\u00eddo grande n\u00famero de frequentadores.<\/p>\n\n\n\n<p>O evento conta com o apoio das secretarias municipais de Cultura, Educa\u00e7\u00e3o, Comunica\u00e7\u00e3o e Trabalho e Desenvolvimento Econ\u00f4mico, refor\u00e7ando a import\u00e2ncia da iniciativa para o lazer, o empreendedorismo e a valoriza\u00e7\u00e3o dos espa\u00e7os p\u00fablicos da cidade.<\/p>\n\n\n\n<figure class=\"wp-block-image size-large\"><img loading=\"lazy\" decoding=\"async\" width=\"640\" height=\"852\" src=\"https:\/\/portalv1.com.br\/app\/wp-content\/uploads\/2025\/10\/WhatsApp-Image-2025-09-29-at-13.59.31-1-640x852.jpeg\" alt=\"\" class=\"wp-image-243803\" srcset=\"https:\/\/portalv1.com.br\/app\/wp-content\/uploads\/2025\/10\/WhatsApp-Image-2025-09-29-at-13.59.31-1-640x852.jpeg 640w, https:\/\/portalv1.com.br\/app\/wp-content\/uploads\/2025\/10\/WhatsApp-Image-2025-09-29-at-13.59.31-1-300x399.jpeg 300w, https:\/\/portalv1.com.br\/app\/wp-content\/uploads\/2025\/10\/WhatsApp-Image-2025-09-29-at-13.59.31-1-768x1023.jpeg 768w, https:\/\/portalv1.com.br\/app\/wp-content\/uploads\/2025\/10\/WhatsApp-Image-2025-09-29-at-13.59.31-1.jpeg 1080w\" sizes=\"auto, (max-width: 640px) 100vw, 640px\" \/><\/figure>\n","protected":false},"excerpt":{"rendered":"<p>Neste domingo, 5 de outubro, a Pra\u00e7a Get\u00falio Vargas ser\u00e1 palco da 3\u00aa Feira das Crian\u00e7as, evento promovido pelo grupo Mulheres Empreendedoras de Valen\u00e7a do Piau\u00ed. A programa\u00e7\u00e3o est\u00e1 recheada&#8230;<\/p>\n","protected":false},"author":1,"featured_media":243802,"comment_status":"open","ping_status":"open","sticky":false,"template":"","format":"standard","meta":{"ngg_post_thumbnail":0,"footnotes":""},"categories":[243],"tags":[],"class_list":["post-243800","post","type-post","status-publish","format-standard","has-post-thumbnail","hentry","category-geral"],"views":128,"meta_data":{"thumb":"https:\/\/portalv1.com.br\/app\/wp-content\/uploads\/2025\/10\/WhatsApp-Image-2025-10-02-at-10.32.19.jpeg","imagem":{"fullsize":{"url":"https:\/\/portalv1.com.br\/app\/wp-content\/uploads\/2025\/10\/WhatsApp-Image-2025-10-02-at-10.32.19.jpeg","width":1080,"height":796},"medium":{"url":"https:\/\/portalv1.com.br\/app\/wp-content\/uploads\/2025\/10\/WhatsApp-Image-2025-10-02-at-10.32.19-300x221.jpeg","width":300,"height":221},"large":{"url":"https:\/\/portalv1.com.br\/app\/wp-content\/uploads\/2025\/10\/WhatsApp-Image-2025-10-02-at-10.32.19-640x472.jpeg","width":640,"height":472},"thumbnail":{"url":"https:\/\/portalv1.com.br\/app\/wp-content\/uploads\/2025\/10\/WhatsApp-Image-2025-10-02-at-10.32.19-100x100.jpeg","width":100,"height":100},"medium_large":{"url":"https:\/\/portalv1.com.br\/app\/wp-content\/uploads\/2025\/10\/WhatsApp-Image-2025-10-02-at-10.32.19-768x566.jpeg","width":768,"height":566}},"data":{"simple":"02\/10\/2025","date_time":"02\/10\/2025 07:34:17","date":"h\u00e1 7 meses"},"chapeu":"Saiba mais","source":"slide"},"_links":{"self":[{"href":"https:\/\/portalv1.com.br\/api\/wp\/v2\/posts\/243800","targetHints":{"allow":["GET"]}}],"collection":[{"href":"https:\/\/portalv1.com.br\/api\/wp\/v2\/posts"}],"about":[{"href":"https:\/\/portalv1.com.br\/api\/wp\/v2\/types\/post"}],"author":[{"embeddable":true,"href":"https:\/\/portalv1.com.br\/api\/wp\/v2\/users\/1"}],"replies":[{"embeddable":true,"href":"https:\/\/portalv1.com.br\/api\/wp\/v2\/comments?post=243800"}],"version-history":[{"count":0,"href":"https:\/\/portalv1.com.br\/api\/wp\/v2\/posts\/243800\/revisions"}],"wp:featuredmedia":[{"embeddable":true,"href":"https:\/\/portalv1.com.br\/api\/wp\/v2\/media\/243802"}],"wp:attachment":[{"href":"https:\/\/portalv1.com.br\/api\/wp\/v2\/media?parent=243800"}],"wp:term":[{"taxonomy":"category","embeddable":true,"href":"https:\/\/portalv1.com.br\/api\/wp\/v2\/categories?post=243800"},{"taxonomy":"post_tag","embeddable":true,"href":"https:\/\/portalv1.com.br\/api\/wp\/v2\/tags?post=243800"}],"curies":[{"name":"wp","href":"https:\/\/api.w.org\/{rel}","templated":true}]}}