{"id":244102,"date":"2025-10-05T23:46:16","date_gmt":"2025-10-06T02:46:16","guid":{"rendered":"https:\/\/portalv1.com.br\/?p=244102"},"modified":"2025-10-05T23:46:16","modified_gmt":"2025-10-06T02:46:16","slug":"feira-das-criancas-anima-domingo-e-movimenta-a-praca-getulio-vargas-em-valenca-do-piaui","status":"publish","type":"post","link":"https:\/\/portalv1.com.br\/feira-das-criancas-anima-domingo-e-movimenta-a-praca-getulio-vargas-em-valenca-do-piaui\/","title":{"rendered":"Feira das Crian\u00e7as anima domingo e movimenta a Pra\u00e7a Get\u00falio Vargas em Valen\u00e7a do Piau\u00ed"},"content":{"rendered":"\n<p>Com apoio das secretarias municipais de Cultura, Educa\u00e7\u00e3o, Comunica\u00e7\u00e3o e Trabalho e Desenvolvimento Econ\u00f4mico, aconteceu neste domingo (5), na Pra\u00e7a Get\u00falio Vargas, a 3\u00aa Feira das Crian\u00e7as, promovida pelo grupo de Mulheres Empreendedoras de Valen\u00e7a do Piau\u00ed.<\/p>\n\n\n\n<p>O evento atraiu um grande p\u00fablico, que aproveitou as brincadeiras, a m\u00fasica ao vivo, o sorteio de brindes e a nova infraestrutura da Pra\u00e7a Get\u00falio Vargas, que passou recentemente por uma ampla reforma.<\/p>\n\n\n\n<p>O p\u00fablico presente tamb\u00e9m desfrutou da comercializa\u00e7\u00e3o de produtos nas barracas e da pra\u00e7a de alimenta\u00e7\u00e3o ou seja, a feira foi um grande sucesso, como destacou a secret\u00e1ria de Trabalho e Desenvolvimento Econ\u00f4mico, Patr\u00edcia Nunes.<\/p>\n\n\n\n<p>\u201cO evento, gra\u00e7as a Deus, foi um grande sucesso. Superou nossas expectativas. Organizamos tudo com bastante carinho e foi muito gratificante ver os rostinhos felizes das crian\u00e7as e a alegria dos pais em poderem proporcionar essa divers\u00e3o para seus filhos\u201d, disse a secret\u00e1ria.<\/p>\n\n\n<div class=\"ngg-galleryoverview\" id=\"1\">\n              <div data-widget=\"Galeria\" data-props=\"{&quot;galeria&quot;:{&quot;max_page&quot;:2,&quot;total&quot;:26,&quot;gallery_id&quot;:1,&quot;images&quot;:[{&quot;thumbcode&quot;:&quot;https:\\\/\\\/portalv1.com.br\\\/app\\\/wp-content\\\/uploads\\\/2025\\\/10\\\/IMG_8636-400x250.jpg&quot;,&quot;imageURL&quot;:&quot;https:\\\/\\\/portalv1.com.br\\\/app\\\/wp-content\\\/uploads\\\/2025\\\/10\\\/IMG_8636.jpg&quot;,&quot;pid&quot;:244103,&quot;galleryid&quot;:1,&quot;description&quot;:&quot;&quot;,&quot;alttext&quot;:&quot;Feira das Crian\\u00e7as anima domingo e movimenta a Pra\\u00e7a Get\\u00falio Vargas em Valen\\u00e7a do Piau\\u00ed&quot;,&quot;thumbnailURL&quot;:&quot;https:\\\/\\\/portalv1.com.br\\\/app\\\/wp-content\\\/uploads\\\/2025\\\/10\\\/IMG_8636-400x250.jpg&quot;,&quot;style&quot;:&quot;&quot;},{&quot;thumbcode&quot;:&quot;https:\\\/\\\/portalv1.com.br\\\/app\\\/wp-content\\\/uploads\\\/2025\\\/10\\\/IMG_8662-400x250.jpg&quot;,&quot;imageURL&quot;:&quot;https:\\\/\\\/portalv1.com.br\\\/app\\\/wp-content\\\/uploads\\\/2025\\\/10\\\/IMG_8662.jpg&quot;,&quot;pid&quot;:244104,&quot;galleryid&quot;:1,&quot;description&quot;:&quot;&quot;,&quot;alttext&quot;:&quot;Feira das Crian\\u00e7as anima domingo e movimenta a Pra\\u00e7a Get\\u00falio Vargas em Valen\\u00e7a do Piau\\u00ed&quot;,&quot;thumbnailURL&quot;:&quot;https:\\\/\\\/portalv1.com.br\\\/app\\\/wp-content\\\/uploads\\\/2025\\\/10\\\/IMG_8662-400x250.jpg&quot;,&quot;style&quot;:&quot;&quot;},{&quot;thumbcode&quot;:&quot;https:\\\/\\\/portalv1.com.br\\\/app\\\/wp-content\\\/uploads\\\/2025\\\/10\\\/IMG_8651-400x250.jpg&quot;,&quot;imageURL&quot;:&quot;https:\\\/\\\/portalv1.com.br\\\/app\\\/wp-content\\\/uploads\\\/2025\\\/10\\\/IMG_8651.jpg&quot;,&quot;pid&quot;:244105,&quot;galleryid&quot;:1,&quot;description&quot;:&quot;&quot;,&quot;alttext&quot;:&quot;Feira das Crian\\u00e7as anima domingo e movimenta a Pra\\u00e7a Get\\u00falio Vargas em Valen\\u00e7a do Piau\\u00ed&quot;,&quot;thumbnailURL&quot;:&quot;https:\\\/\\\/portalv1.com.br\\\/app\\\/wp-content\\\/uploads\\\/2025\\\/10\\\/IMG_8651-400x250.jpg&quot;,&quot;style&quot;:&quot;&quot;},{&quot;thumbcode&quot;:&quot;https:\\\/\\\/portalv1.com.br\\\/app\\\/wp-content\\\/uploads\\\/2025\\\/10\\\/IMG_8665-400x250.jpg&quot;,&quot;imageURL&quot;:&quot;https:\\\/\\\/portalv1.com.br\\\/app\\\/wp-content\\\/uploads\\\/2025\\\/10\\\/IMG_8665.jpg&quot;,&quot;pid&quot;:244106,&quot;galleryid&quot;:1,&quot;description&quot;:&quot;&quot;,&quot;alttext&quot;:&quot;Feira das Crian\\u00e7as anima domingo e movimenta a Pra\\u00e7a Get\\u00falio Vargas em Valen\\u00e7a do Piau\\u00ed&quot;,&quot;thumbnailURL&quot;:&quot;https:\\\/\\\/portalv1.com.br\\\/app\\\/wp-content\\\/uploads\\\/2025\\\/10\\\/IMG_8665-400x250.jpg&quot;,&quot;style&quot;:&quot;&quot;},{&quot;thumbcode&quot;:&quot;https:\\\/\\\/portalv1.com.br\\\/app\\\/wp-content\\\/uploads\\\/2025\\\/10\\\/IMG_8668-400x250.jpg&quot;,&quot;imageURL&quot;:&quot;https:\\\/\\\/portalv1.com.br\\\/app\\\/wp-content\\\/uploads\\\/2025\\\/10\\\/IMG_8668.jpg&quot;,&quot;pid&quot;:244107,&quot;galleryid&quot;:1,&quot;description&quot;:&quot;&quot;,&quot;alttext&quot;:&quot;Feira das Crian\\u00e7as anima domingo e movimenta a Pra\\u00e7a Get\\u00falio Vargas em Valen\\u00e7a do Piau\\u00ed&quot;,&quot;thumbnailURL&quot;:&quot;https:\\\/\\\/portalv1.com.br\\\/app\\\/wp-content\\\/uploads\\\/2025\\\/10\\\/IMG_8668-400x250.jpg&quot;,&quot;style&quot;:&quot;&quot;},{&quot;thumbcode&quot;:&quot;https:\\\/\\\/portalv1.com.br\\\/app\\\/wp-content\\\/uploads\\\/2025\\\/10\\\/IMG_8667-400x250.jpg&quot;,&quot;imageURL&quot;:&quot;https:\\\/\\\/portalv1.com.br\\\/app\\\/wp-content\\\/uploads\\\/2025\\\/10\\\/IMG_8667.jpg&quot;,&quot;pid&quot;:244108,&quot;galleryid&quot;:1,&quot;description&quot;:&quot;&quot;,&quot;alttext&quot;:&quot;Feira das Crian\\u00e7as anima domingo e movimenta a Pra\\u00e7a Get\\u00falio Vargas em Valen\\u00e7a do Piau\\u00ed&quot;,&quot;thumbnailURL&quot;:&quot;https:\\\/\\\/portalv1.com.br\\\/app\\\/wp-content\\\/uploads\\\/2025\\\/10\\\/IMG_8667-400x250.jpg&quot;,&quot;style&quot;:&quot;&quot;},{&quot;thumbcode&quot;:&quot;https:\\\/\\\/portalv1.com.br\\\/app\\\/wp-content\\\/uploads\\\/2025\\\/10\\\/IMG_8630-400x250.jpg&quot;,&quot;imageURL&quot;:&quot;https:\\\/\\\/portalv1.com.br\\\/app\\\/wp-content\\\/uploads\\\/2025\\\/10\\\/IMG_8630.jpg&quot;,&quot;pid&quot;:244109,&quot;galleryid&quot;:1,&quot;description&quot;:&quot;&quot;,&quot;alttext&quot;:&quot;Feira das Crian\\u00e7as anima domingo e movimenta a Pra\\u00e7a Get\\u00falio Vargas em Valen\\u00e7a do Piau\\u00ed&quot;,&quot;thumbnailURL&quot;:&quot;https:\\\/\\\/portalv1.com.br\\\/app\\\/wp-content\\\/uploads\\\/2025\\\/10\\\/IMG_8630-400x250.jpg&quot;,&quot;style&quot;:&quot;&quot;},{&quot;thumbcode&quot;:&quot;https:\\\/\\\/portalv1.com.br\\\/app\\\/wp-content\\\/uploads\\\/2025\\\/10\\\/IMG_8648-400x250.jpg&quot;,&quot;imageURL&quot;:&quot;https:\\\/\\\/portalv1.com.br\\\/app\\\/wp-content\\\/uploads\\\/2025\\\/10\\\/IMG_8648.jpg&quot;,&quot;pid&quot;:244110,&quot;galleryid&quot;:1,&quot;description&quot;:&quot;&quot;,&quot;alttext&quot;:&quot;Feira das Crian\\u00e7as anima domingo e movimenta a Pra\\u00e7a Get\\u00falio Vargas em Valen\\u00e7a do Piau\\u00ed&quot;,&quot;thumbnailURL&quot;:&quot;https:\\\/\\\/portalv1.com.br\\\/app\\\/wp-content\\\/uploads\\\/2025\\\/10\\\/IMG_8648-400x250.jpg&quot;,&quot;style&quot;:&quot;&quot;},{&quot;thumbcode&quot;:&quot;https:\\\/\\\/portalv1.com.br\\\/app\\\/wp-content\\\/uploads\\\/2025\\\/10\\\/WhatsApp-Image-2025-10-05-at-19.17.47-400x250.jpg&quot;,&quot;imageURL&quot;:&quot;https:\\\/\\\/portalv1.com.br\\\/app\\\/wp-content\\\/uploads\\\/2025\\\/10\\\/WhatsApp-Image-2025-10-05-at-19.17.47.jpg&quot;,&quot;pid&quot;:244111,&quot;galleryid&quot;:1,&quot;description&quot;:&quot;&quot;,&quot;alttext&quot;:&quot;Feira das Crian\\u00e7as anima domingo e movimenta a Pra\\u00e7a Get\\u00falio Vargas em Valen\\u00e7a do Piau\\u00ed&quot;,&quot;thumbnailURL&quot;:&quot;https:\\\/\\\/portalv1.com.br\\\/app\\\/wp-content\\\/uploads\\\/2025\\\/10\\\/WhatsApp-Image-2025-10-05-at-19.17.47-400x250.jpg&quot;,&quot;style&quot;:&quot;&quot;},{&quot;thumbcode&quot;:&quot;https:\\\/\\\/portalv1.com.br\\\/app\\\/wp-content\\\/uploads\\\/2025\\\/10\\\/IMG_8642-400x250.jpg&quot;,&quot;imageURL&quot;:&quot;https:\\\/\\\/portalv1.com.br\\\/app\\\/wp-content\\\/uploads\\\/2025\\\/10\\\/IMG_8642.jpg&quot;,&quot;pid&quot;:244112,&quot;galleryid&quot;:1,&quot;description&quot;:&quot;&quot;,&quot;alttext&quot;:&quot;Feira das Crian\\u00e7as anima domingo e movimenta a Pra\\u00e7a Get\\u00falio Vargas em Valen\\u00e7a do Piau\\u00ed&quot;,&quot;thumbnailURL&quot;:&quot;https:\\\/\\\/portalv1.com.br\\\/app\\\/wp-content\\\/uploads\\\/2025\\\/10\\\/IMG_8642-400x250.jpg&quot;,&quot;style&quot;:&quot;&quot;},{&quot;thumbcode&quot;:&quot;https:\\\/\\\/portalv1.com.br\\\/app\\\/wp-content\\\/uploads\\\/2025\\\/10\\\/IMG_8625-400x250.jpg&quot;,&quot;imageURL&quot;:&quot;https:\\\/\\\/portalv1.com.br\\\/app\\\/wp-content\\\/uploads\\\/2025\\\/10\\\/IMG_8625.jpg&quot;,&quot;pid&quot;:244113,&quot;galleryid&quot;:1,&quot;description&quot;:&quot;&quot;,&quot;alttext&quot;:&quot;Feira das Crian\\u00e7as anima domingo e movimenta a Pra\\u00e7a Get\\u00falio Vargas em Valen\\u00e7a do Piau\\u00ed&quot;,&quot;thumbnailURL&quot;:&quot;https:\\\/\\\/portalv1.com.br\\\/app\\\/wp-content\\\/uploads\\\/2025\\\/10\\\/IMG_8625-400x250.jpg&quot;,&quot;style&quot;:&quot;&quot;},{&quot;thumbcode&quot;:&quot;https:\\\/\\\/portalv1.com.br\\\/app\\\/wp-content\\\/uploads\\\/2025\\\/10\\\/IMG_8627-400x250.jpg&quot;,&quot;imageURL&quot;:&quot;https:\\\/\\\/portalv1.com.br\\\/app\\\/wp-content\\\/uploads\\\/2025\\\/10\\\/IMG_8627.jpg&quot;,&quot;pid&quot;:244114,&quot;galleryid&quot;:1,&quot;description&quot;:&quot;&quot;,&quot;alttext&quot;:&quot;Feira das Crian\\u00e7as anima domingo e movimenta a Pra\\u00e7a Get\\u00falio Vargas em Valen\\u00e7a do Piau\\u00ed&quot;,&quot;thumbnailURL&quot;:&quot;https:\\\/\\\/portalv1.com.br\\\/app\\\/wp-content\\\/uploads\\\/2025\\\/10\\\/IMG_8627-400x250.jpg&quot;,&quot;style&quot;:&quot;&quot;},{&quot;thumbcode&quot;:&quot;https:\\\/\\\/portalv1.com.br\\\/app\\\/wp-content\\\/uploads\\\/2025\\\/10\\\/IMG_8628-400x250.jpg&quot;,&quot;imageURL&quot;:&quot;https:\\\/\\\/portalv1.com.br\\\/app\\\/wp-content\\\/uploads\\\/2025\\\/10\\\/IMG_8628.jpg&quot;,&quot;pid&quot;:244115,&quot;galleryid&quot;:1,&quot;description&quot;:&quot;&quot;,&quot;alttext&quot;:&quot;Feira das Crian\\u00e7as anima domingo e movimenta a Pra\\u00e7a Get\\u00falio Vargas em Valen\\u00e7a do Piau\\u00ed&quot;,&quot;thumbnailURL&quot;:&quot;https:\\\/\\\/portalv1.com.br\\\/app\\\/wp-content\\\/uploads\\\/2025\\\/10\\\/IMG_8628-400x250.jpg&quot;,&quot;style&quot;:&quot;&quot;},{&quot;thumbcode&quot;:&quot;https:\\\/\\\/portalv1.com.br\\\/app\\\/wp-content\\\/uploads\\\/2025\\\/10\\\/IMG_8660-400x250.jpg&quot;,&quot;imageURL&quot;:&quot;https:\\\/\\\/portalv1.com.br\\\/app\\\/wp-content\\\/uploads\\\/2025\\\/10\\\/IMG_8660.jpg&quot;,&quot;pid&quot;:244116,&quot;galleryid&quot;:1,&quot;description&quot;:&quot;&quot;,&quot;alttext&quot;:&quot;Feira das Crian\\u00e7as anima domingo e movimenta a Pra\\u00e7a Get\\u00falio Vargas em Valen\\u00e7a do Piau\\u00ed&quot;,&quot;thumbnailURL&quot;:&quot;https:\\\/\\\/portalv1.com.br\\\/app\\\/wp-content\\\/uploads\\\/2025\\\/10\\\/IMG_8660-400x250.jpg&quot;,&quot;style&quot;:&quot;&quot;},{&quot;thumbcode&quot;:&quot;https:\\\/\\\/portalv1.com.br\\\/app\\\/wp-content\\\/uploads\\\/2025\\\/10\\\/IMG_8634-400x250.jpg&quot;,&quot;imageURL&quot;:&quot;https:\\\/\\\/portalv1.com.br\\\/app\\\/wp-content\\\/uploads\\\/2025\\\/10\\\/IMG_8634.jpg&quot;,&quot;pid&quot;:244117,&quot;galleryid&quot;:1,&quot;description&quot;:&quot;&quot;,&quot;alttext&quot;:&quot;Feira das Crian\\u00e7as anima domingo e movimenta a Pra\\u00e7a Get\\u00falio Vargas em Valen\\u00e7a do Piau\\u00ed&quot;,&quot;thumbnailURL&quot;:&quot;https:\\\/\\\/portalv1.com.br\\\/app\\\/wp-content\\\/uploads\\\/2025\\\/10\\\/IMG_8634-400x250.jpg&quot;,&quot;style&quot;:&quot;&quot;},{&quot;thumbcode&quot;:&quot;https:\\\/\\\/portalv1.com.br\\\/app\\\/wp-content\\\/uploads\\\/2025\\\/10\\\/IMG_8638-400x250.jpg&quot;,&quot;imageURL&quot;:&quot;https:\\\/\\\/portalv1.com.br\\\/app\\\/wp-content\\\/uploads\\\/2025\\\/10\\\/IMG_8638.jpg&quot;,&quot;pid&quot;:244118,&quot;galleryid&quot;:1,&quot;description&quot;:&quot;&quot;,&quot;alttext&quot;:&quot;Feira das Crian\\u00e7as anima domingo e movimenta a Pra\\u00e7a Get\\u00falio Vargas em Valen\\u00e7a do Piau\\u00ed&quot;,&quot;thumbnailURL&quot;:&quot;https:\\\/\\\/portalv1.com.br\\\/app\\\/wp-content\\\/uploads\\\/2025\\\/10\\\/IMG_8638-400x250.jpg&quot;,&quot;style&quot;:&quot;&quot;},{&quot;thumbcode&quot;:&quot;https:\\\/\\\/portalv1.com.br\\\/app\\\/wp-content\\\/uploads\\\/2025\\\/10\\\/IMG_8673-400x250.jpg&quot;,&quot;imageURL&quot;:&quot;https:\\\/\\\/portalv1.com.br\\\/app\\\/wp-content\\\/uploads\\\/2025\\\/10\\\/IMG_8673.jpg&quot;,&quot;pid&quot;:244119,&quot;galleryid&quot;:1,&quot;description&quot;:&quot;&quot;,&quot;alttext&quot;:&quot;Feira das Crian\\u00e7as anima domingo e movimenta a Pra\\u00e7a Get\\u00falio Vargas em Valen\\u00e7a do Piau\\u00ed&quot;,&quot;thumbnailURL&quot;:&quot;https:\\\/\\\/portalv1.com.br\\\/app\\\/wp-content\\\/uploads\\\/2025\\\/10\\\/IMG_8673-400x250.jpg&quot;,&quot;style&quot;:&quot;&quot;},{&quot;thumbcode&quot;:&quot;https:\\\/\\\/portalv1.com.br\\\/app\\\/wp-content\\\/uploads\\\/2025\\\/10\\\/IMG_8656-400x250.jpg&quot;,&quot;imageURL&quot;:&quot;https:\\\/\\\/portalv1.com.br\\\/app\\\/wp-content\\\/uploads\\\/2025\\\/10\\\/IMG_8656.jpg&quot;,&quot;pid&quot;:244120,&quot;galleryid&quot;:1,&quot;description&quot;:&quot;&quot;,&quot;alttext&quot;:&quot;Feira das Crian\\u00e7as anima domingo e movimenta a Pra\\u00e7a Get\\u00falio Vargas em Valen\\u00e7a do Piau\\u00ed&quot;,&quot;thumbnailURL&quot;:&quot;https:\\\/\\\/portalv1.com.br\\\/app\\\/wp-content\\\/uploads\\\/2025\\\/10\\\/IMG_8656-400x250.jpg&quot;,&quot;style&quot;:&quot;&quot;},{&quot;thumbcode&quot;:&quot;https:\\\/\\\/portalv1.com.br\\\/app\\\/wp-content\\\/uploads\\\/2025\\\/10\\\/IMG_8649-400x250.jpg&quot;,&quot;imageURL&quot;:&quot;https:\\\/\\\/portalv1.com.br\\\/app\\\/wp-content\\\/uploads\\\/2025\\\/10\\\/IMG_8649.jpg&quot;,&quot;pid&quot;:244121,&quot;galleryid&quot;:1,&quot;description&quot;:&quot;&quot;,&quot;alttext&quot;:&quot;Feira das Crian\\u00e7as anima domingo e movimenta a Pra\\u00e7a Get\\u00falio Vargas em Valen\\u00e7a do Piau\\u00ed&quot;,&quot;thumbnailURL&quot;:&quot;https:\\\/\\\/portalv1.com.br\\\/app\\\/wp-content\\\/uploads\\\/2025\\\/10\\\/IMG_8649-400x250.jpg&quot;,&quot;style&quot;:&quot;&quot;},{&quot;thumbcode&quot;:&quot;https:\\\/\\\/portalv1.com.br\\\/app\\\/wp-content\\\/uploads\\\/2025\\\/10\\\/WhatsApp-Image-2025-10-05-at-19.17.47-1-400x250.jpg&quot;,&quot;imageURL&quot;:&quot;https:\\\/\\\/portalv1.com.br\\\/app\\\/wp-content\\\/uploads\\\/2025\\\/10\\\/WhatsApp-Image-2025-10-05-at-19.17.47-1.jpg&quot;,&quot;pid&quot;:244122,&quot;galleryid&quot;:1,&quot;description&quot;:&quot;&quot;,&quot;alttext&quot;:&quot;Feira das Crian\\u00e7as anima domingo e movimenta a Pra\\u00e7a Get\\u00falio Vargas em Valen\\u00e7a do Piau\\u00ed&quot;,&quot;thumbnailURL&quot;:&quot;https:\\\/\\\/portalv1.com.br\\\/app\\\/wp-content\\\/uploads\\\/2025\\\/10\\\/WhatsApp-Image-2025-10-05-at-19.17.47-1-400x250.jpg&quot;,&quot;style&quot;:&quot;&quot;},{&quot;thumbcode&quot;:&quot;https:\\\/\\\/portalv1.com.br\\\/app\\\/wp-content\\\/uploads\\\/2025\\\/10\\\/IMG_8646-400x250.jpg&quot;,&quot;imageURL&quot;:&quot;https:\\\/\\\/portalv1.com.br\\\/app\\\/wp-content\\\/uploads\\\/2025\\\/10\\\/IMG_8646.jpg&quot;,&quot;pid&quot;:244123,&quot;galleryid&quot;:1,&quot;description&quot;:&quot;&quot;,&quot;alttext&quot;:&quot;Feira das Crian\\u00e7as anima domingo e movimenta a Pra\\u00e7a Get\\u00falio Vargas em Valen\\u00e7a do Piau\\u00ed&quot;,&quot;thumbnailURL&quot;:&quot;https:\\\/\\\/portalv1.com.br\\\/app\\\/wp-content\\\/uploads\\\/2025\\\/10\\\/IMG_8646-400x250.jpg&quot;,&quot;style&quot;:&quot;&quot;},{&quot;thumbcode&quot;:&quot;https:\\\/\\\/portalv1.com.br\\\/app\\\/wp-content\\\/uploads\\\/2025\\\/10\\\/IMG_8639-400x250.jpg&quot;,&quot;imageURL&quot;:&quot;https:\\\/\\\/portalv1.com.br\\\/app\\\/wp-content\\\/uploads\\\/2025\\\/10\\\/IMG_8639.jpg&quot;,&quot;pid&quot;:244124,&quot;galleryid&quot;:1,&quot;description&quot;:&quot;&quot;,&quot;alttext&quot;:&quot;Feira das Crian\\u00e7as anima domingo e movimenta a Pra\\u00e7a Get\\u00falio Vargas em Valen\\u00e7a do Piau\\u00ed&quot;,&quot;thumbnailURL&quot;:&quot;https:\\\/\\\/portalv1.com.br\\\/app\\\/wp-content\\\/uploads\\\/2025\\\/10\\\/IMG_8639-400x250.jpg&quot;,&quot;style&quot;:&quot;&quot;},{&quot;thumbcode&quot;:&quot;https:\\\/\\\/portalv1.com.br\\\/app\\\/wp-content\\\/uploads\\\/2025\\\/10\\\/IMG_8657-400x250.jpg&quot;,&quot;imageURL&quot;:&quot;https:\\\/\\\/portalv1.com.br\\\/app\\\/wp-content\\\/uploads\\\/2025\\\/10\\\/IMG_8657.jpg&quot;,&quot;pid&quot;:244125,&quot;galleryid&quot;:1,&quot;description&quot;:&quot;&quot;,&quot;alttext&quot;:&quot;Feira das Crian\\u00e7as anima domingo e movimenta a Pra\\u00e7a Get\\u00falio Vargas em Valen\\u00e7a do Piau\\u00ed&quot;,&quot;thumbnailURL&quot;:&quot;https:\\\/\\\/portalv1.com.br\\\/app\\\/wp-content\\\/uploads\\\/2025\\\/10\\\/IMG_8657-400x250.jpg&quot;,&quot;style&quot;:&quot;&quot;},{&quot;thumbcode&quot;:&quot;https:\\\/\\\/portalv1.com.br\\\/app\\\/wp-content\\\/uploads\\\/2025\\\/10\\\/IMG_8671-400x250.jpg&quot;,&quot;imageURL&quot;:&quot;https:\\\/\\\/portalv1.com.br\\\/app\\\/wp-content\\\/uploads\\\/2025\\\/10\\\/IMG_8671.jpg&quot;,&quot;pid&quot;:244126,&quot;galleryid&quot;:1,&quot;description&quot;:&quot;&quot;,&quot;alttext&quot;:&quot;Feira das Crian\\u00e7as anima domingo e movimenta a Pra\\u00e7a Get\\u00falio Vargas em Valen\\u00e7a do Piau\\u00ed&quot;,&quot;thumbnailURL&quot;:&quot;https:\\\/\\\/portalv1.com.br\\\/app\\\/wp-content\\\/uploads\\\/2025\\\/10\\\/IMG_8671-400x250.jpg&quot;,&quot;style&quot;:&quot;&quot;},{&quot;thumbcode&quot;:&quot;https:\\\/\\\/portalv1.com.br\\\/app\\\/wp-content\\\/uploads\\\/2025\\\/10\\\/IMG_8654-400x250.jpg&quot;,&quot;imageURL&quot;:&quot;https:\\\/\\\/portalv1.com.br\\\/app\\\/wp-content\\\/uploads\\\/2025\\\/10\\\/IMG_8654.jpg&quot;,&quot;pid&quot;:244127,&quot;galleryid&quot;:1,&quot;description&quot;:&quot;&quot;,&quot;alttext&quot;:&quot;Feira das Crian\\u00e7as anima domingo e movimenta a Pra\\u00e7a Get\\u00falio Vargas em Valen\\u00e7a do Piau\\u00ed&quot;,&quot;thumbnailURL&quot;:&quot;https:\\\/\\\/portalv1.com.br\\\/app\\\/wp-content\\\/uploads\\\/2025\\\/10\\\/IMG_8654-400x250.jpg&quot;,&quot;style&quot;:&quot;&quot;},{&quot;thumbcode&quot;:&quot;https:\\\/\\\/portalv1.com.br\\\/app\\\/wp-content\\\/uploads\\\/2025\\\/10\\\/IMG_8644-400x250.jpg&quot;,&quot;imageURL&quot;:&quot;https:\\\/\\\/portalv1.com.br\\\/app\\\/wp-content\\\/uploads\\\/2025\\\/10\\\/IMG_8644.jpg&quot;,&quot;pid&quot;:244128,&quot;galleryid&quot;:1,&quot;description&quot;:&quot;&quot;,&quot;alttext&quot;:&quot;Feira das Crian\\u00e7as anima domingo e movimenta a Pra\\u00e7a Get\\u00falio Vargas em Valen\\u00e7a do Piau\\u00ed&quot;,&quot;thumbnailURL&quot;:&quot;https:\\\/\\\/portalv1.com.br\\\/app\\\/wp-content\\\/uploads\\\/2025\\\/10\\\/IMG_8644-400x250.jpg&quot;,&quot;style&quot;:&quot;&quot;}]}}\"><\/div>\n            <\/div>","protected":false},"excerpt":{"rendered":"<p>Com apoio das secretarias municipais de Cultura, Educa\u00e7\u00e3o, Comunica\u00e7\u00e3o e Trabalho e Desenvolvimento Econ\u00f4mico, aconteceu neste domingo (5), na Pra\u00e7a Get\u00falio Vargas, a 3\u00aa Feira das Crian\u00e7as, promovida pelo grupo&#8230;<\/p>\n","protected":false},"author":1,"featured_media":244115,"comment_status":"open","ping_status":"open","sticky":false,"template":"","format":"standard","meta":{"ngg_post_thumbnail":0,"footnotes":""},"categories":[243],"tags":[],"class_list":["post-244102","post","type-post","status-publish","format-standard","has-post-thumbnail","hentry","category-geral"],"views":509,"meta_data":{"thumb":"https:\/\/portalv1.com.br\/app\/wp-content\/uploads\/2025\/10\/IMG_8628.jpg","imagem":{"fullsize":{"url":"https:\/\/portalv1.com.br\/app\/wp-content\/uploads\/2025\/10\/IMG_8628.jpg","width":1600,"height":1200},"medium":{"url":"https:\/\/portalv1.com.br\/app\/wp-content\/uploads\/2025\/10\/IMG_8628-300x225.jpg","width":300,"height":225},"large":{"url":"https:\/\/portalv1.com.br\/app\/wp-content\/uploads\/2025\/10\/IMG_8628-640x480.jpg","width":640,"height":480},"thumbnail":{"url":"https:\/\/portalv1.com.br\/app\/wp-content\/uploads\/2025\/10\/IMG_8628-100x100.jpg","width":100,"height":100},"medium_large":{"url":"https:\/\/portalv1.com.br\/app\/wp-content\/uploads\/2025\/10\/IMG_8628-768x576.jpg","width":768,"height":576},"1536x1536":{"url":"https:\/\/portalv1.com.br\/app\/wp-content\/uploads\/2025\/10\/IMG_8628-1536x1152.jpg","width":1536,"height":1152}},"data":{"simple":"05\/10\/2025","date_time":"05\/10\/2025 20:46:16","date":"h\u00e1 7 meses"},"chapeu":"Mulheres Empreendedoras de Valen\u00e7a","source":"slide"},"_links":{"self":[{"href":"https:\/\/portalv1.com.br\/api\/wp\/v2\/posts\/244102","targetHints":{"allow":["GET"]}}],"collection":[{"href":"https:\/\/portalv1.com.br\/api\/wp\/v2\/posts"}],"about":[{"href":"https:\/\/portalv1.com.br\/api\/wp\/v2\/types\/post"}],"author":[{"embeddable":true,"href":"https:\/\/portalv1.com.br\/api\/wp\/v2\/users\/1"}],"replies":[{"embeddable":true,"href":"https:\/\/portalv1.com.br\/api\/wp\/v2\/comments?post=244102"}],"version-history":[{"count":0,"href":"https:\/\/portalv1.com.br\/api\/wp\/v2\/posts\/244102\/revisions"}],"wp:featuredmedia":[{"embeddable":true,"href":"https:\/\/portalv1.com.br\/api\/wp\/v2\/media\/244115"}],"wp:attachment":[{"href":"https:\/\/portalv1.com.br\/api\/wp\/v2\/media?parent=244102"}],"wp:term":[{"taxonomy":"category","embeddable":true,"href":"https:\/\/portalv1.com.br\/api\/wp\/v2\/categories?post=244102"},{"taxonomy":"post_tag","embeddable":true,"href":"https:\/\/portalv1.com.br\/api\/wp\/v2\/tags?post=244102"}],"curies":[{"name":"wp","href":"https:\/\/api.w.org\/{rel}","templated":true}]}}