{"id":244269,"date":"2025-10-08T12:11:01","date_gmt":"2025-10-08T15:11:01","guid":{"rendered":"https:\/\/portalv1.com.br\/?p=244269"},"modified":"2025-10-08T12:11:35","modified_gmt":"2025-10-08T15:11:35","slug":"valenca-se-prepara-para-o-evento-dialogo-pelo-piaui-que-reune-propostas-do-vale-do-sambito","status":"publish","type":"post","link":"https:\/\/portalv1.com.br\/valenca-se-prepara-para-o-evento-dialogo-pelo-piaui-que-reune-propostas-do-vale-do-sambito\/","title":{"rendered":"Valen\u00e7a se prepara para o evento \u201cDi\u00e1logo pelo Piau\u00ed\u201d, que re\u00fane propostas do Vale do Sambito"},"content":{"rendered":"\n<p>Aconteceu nesta quarta-feira (08) um encontro preparat\u00f3rio para o evento Di\u00e1logo pelo Piau\u00ed, promovido pelo Governo do Estado e que ser\u00e1 realizado neste fim de semana em Valen\u00e7a do Piau\u00ed, reunindo representantes de todos os munic\u00edpios do territ\u00f3rio do Vale do Sambito. O momento teve como objetivo instruir e tirar d\u00favidas de como devem ser organizadas, pensadas as propostas que ser\u00e3o apresentadas no dia do evento.<\/p>\n\n\n\n<p>Entre as pautas levantadas durante a reuni\u00e3o, foram citadas a reabertura da UESPI com cursos presenciais em Valen\u00e7a, o que beneficiaria estudantes de todo o territ\u00f3rio, e a implanta\u00e7\u00e3o de um centro de hemodi\u00e1lise para atender pacientes renais que necessitam deste servi\u00e7o de sa\u00fade.<\/p>\n\n\n\n<p>O t\u00e9cnico da Diretoria de Planejamento da CEPLAN, David Veras, explicou a import\u00e2ncia da mobiliza\u00e7\u00e3o. \u201cAs reuni\u00f5es que n\u00f3s estamos fazendo durante essa semana \u00e9 para mobilizar a popula\u00e7\u00e3o do territ\u00f3rio Vale do Sambito para as duas etapas do Di\u00e1logo pelo Piau\u00ed que vai acontecer aqui na sexta e no s\u00e1bado, as oficinas de planejamento participativo, onde a popula\u00e7\u00e3o, atrav\u00e9s de uma escuta ativa, vai construir as pol\u00edticas p\u00fablicas adequadas, alinhadas \u00e0s demandas locais\u201d, destacou.<\/p>\n\n\n\n<p>Ele tamb\u00e9m falou sobre o momento em que as propostas ser\u00e3o apresentadas ao governador. \u201cNa plen\u00e1ria com o governador, que ser\u00e1 no s\u00e1bado, \u00e0s 9h15, essas propostas que foram elaboradas e priorizadas ser\u00e3o expostas no palco cara a cara com o governador\u201d, pontuou.<\/p>\n\n\n\n<p>David Veras ainda detalhou como as propostas s\u00e3o constru\u00eddas: \u201cS\u00e3o os sete eixos, como j\u00e1 mencionei, sa\u00fade, infraestrutura, meio ambiente, desenvolvimento socioecon\u00f4mico, seguran\u00e7a, redu\u00e7\u00e3o das desigualdades e educa\u00e7\u00e3o. Ent\u00e3o, cada uma dessas ser\u00e3o discutidos os temas condizentes \u00e0quele eixo, e a popula\u00e7\u00e3o, mais do que ningu\u00e9m, sabe quais s\u00e3o os problemas que voc\u00eas enfrentam. Ent\u00e3o, \u00e9 um momento important\u00edssimo, n\u00f3s j\u00e1 estamos vindo para o nono territ\u00f3rio, no total de 12, e vem sendo um sucesso. Tem tido grande aprova\u00e7\u00e3o, as propostas t\u00eam sido bem elaboradas e bem recebidas pelo governador\u201d, contou.<\/p>\n\n\n\n<p>Participaram do encontro secret\u00e1rios municipais, vereadores e t\u00e9cnicos do munic\u00edpio, refor\u00e7ando o engajamento regional na constru\u00e7\u00e3o coletiva de pol\u00edticas p\u00fablicas para o desenvolvimento do Vale do Sambito.<\/p>\n\n\n<div class=\"ngg-galleryoverview\" id=\"1\">\n              <div data-widget=\"Galeria\" data-props=\"{&quot;galeria&quot;:{&quot;max_page&quot;:1,&quot;total&quot;:13,&quot;gallery_id&quot;:1,&quot;images&quot;:[{&quot;thumbcode&quot;:&quot;https:\\\/\\\/portalv1.com.br\\\/app\\\/wp-content\\\/uploads\\\/2025\\\/10\\\/20251011101524_IMG_7339-400x250.jpg&quot;,&quot;imageURL&quot;:&quot;https:\\\/\\\/portalv1.com.br\\\/app\\\/wp-content\\\/uploads\\\/2025\\\/10\\\/20251011101524_IMG_7339.jpg&quot;,&quot;pid&quot;:244270,&quot;galleryid&quot;:1,&quot;description&quot;:&quot;&quot;,&quot;alttext&quot;:&quot;Valen\\u00e7a se prepara para o evento \\u201cDi\\u00e1logo pelo Piau\\u00ed\\u201d, que re\\u00fane propostas do Vale do Sambito&quot;,&quot;thumbnailURL&quot;:&quot;https:\\\/\\\/portalv1.com.br\\\/app\\\/wp-content\\\/uploads\\\/2025\\\/10\\\/20251011101524_IMG_7339-400x250.jpg&quot;,&quot;style&quot;:&quot;&quot;},{&quot;thumbcode&quot;:&quot;https:\\\/\\\/portalv1.com.br\\\/app\\\/wp-content\\\/uploads\\\/2025\\\/10\\\/20251011101153_IMG_7326-400x250.jpg&quot;,&quot;imageURL&quot;:&quot;https:\\\/\\\/portalv1.com.br\\\/app\\\/wp-content\\\/uploads\\\/2025\\\/10\\\/20251011101153_IMG_7326.jpg&quot;,&quot;pid&quot;:244271,&quot;galleryid&quot;:1,&quot;description&quot;:&quot;&quot;,&quot;alttext&quot;:&quot;Valen\\u00e7a se prepara para o evento \\u201cDi\\u00e1logo pelo Piau\\u00ed\\u201d, que re\\u00fane propostas do Vale do Sambito&quot;,&quot;thumbnailURL&quot;:&quot;https:\\\/\\\/portalv1.com.br\\\/app\\\/wp-content\\\/uploads\\\/2025\\\/10\\\/20251011101153_IMG_7326-400x250.jpg&quot;,&quot;style&quot;:&quot;&quot;},{&quot;thumbcode&quot;:&quot;https:\\\/\\\/portalv1.com.br\\\/app\\\/wp-content\\\/uploads\\\/2025\\\/10\\\/20251011101833_IMG_7345-400x250.jpg&quot;,&quot;imageURL&quot;:&quot;https:\\\/\\\/portalv1.com.br\\\/app\\\/wp-content\\\/uploads\\\/2025\\\/10\\\/20251011101833_IMG_7345.jpg&quot;,&quot;pid&quot;:244272,&quot;galleryid&quot;:1,&quot;description&quot;:&quot;&quot;,&quot;alttext&quot;:&quot;Valen\\u00e7a se prepara para o evento \\u201cDi\\u00e1logo pelo Piau\\u00ed\\u201d, que re\\u00fane propostas do Vale do Sambito&quot;,&quot;thumbnailURL&quot;:&quot;https:\\\/\\\/portalv1.com.br\\\/app\\\/wp-content\\\/uploads\\\/2025\\\/10\\\/20251011101833_IMG_7345-400x250.jpg&quot;,&quot;style&quot;:&quot;&quot;},{&quot;thumbcode&quot;:&quot;https:\\\/\\\/portalv1.com.br\\\/app\\\/wp-content\\\/uploads\\\/2025\\\/10\\\/20251011101549_IMG_7341-400x250.jpg&quot;,&quot;imageURL&quot;:&quot;https:\\\/\\\/portalv1.com.br\\\/app\\\/wp-content\\\/uploads\\\/2025\\\/10\\\/20251011101549_IMG_7341.jpg&quot;,&quot;pid&quot;:244273,&quot;galleryid&quot;:1,&quot;description&quot;:&quot;&quot;,&quot;alttext&quot;:&quot;Valen\\u00e7a se prepara para o evento \\u201cDi\\u00e1logo pelo Piau\\u00ed\\u201d, que re\\u00fane propostas do Vale do Sambito&quot;,&quot;thumbnailURL&quot;:&quot;https:\\\/\\\/portalv1.com.br\\\/app\\\/wp-content\\\/uploads\\\/2025\\\/10\\\/20251011101549_IMG_7341-400x250.jpg&quot;,&quot;style&quot;:&quot;&quot;},{&quot;thumbcode&quot;:&quot;https:\\\/\\\/portalv1.com.br\\\/app\\\/wp-content\\\/uploads\\\/2025\\\/10\\\/20251011101529_IMG_7340-400x250.jpg&quot;,&quot;imageURL&quot;:&quot;https:\\\/\\\/portalv1.com.br\\\/app\\\/wp-content\\\/uploads\\\/2025\\\/10\\\/20251011101529_IMG_7340.jpg&quot;,&quot;pid&quot;:244274,&quot;galleryid&quot;:1,&quot;description&quot;:&quot;&quot;,&quot;alttext&quot;:&quot;Valen\\u00e7a se prepara para o evento \\u201cDi\\u00e1logo pelo Piau\\u00ed\\u201d, que re\\u00fane propostas do Vale do Sambito&quot;,&quot;thumbnailURL&quot;:&quot;https:\\\/\\\/portalv1.com.br\\\/app\\\/wp-content\\\/uploads\\\/2025\\\/10\\\/20251011101529_IMG_7340-400x250.jpg&quot;,&quot;style&quot;:&quot;&quot;},{&quot;thumbcode&quot;:&quot;https:\\\/\\\/portalv1.com.br\\\/app\\\/wp-content\\\/uploads\\\/2025\\\/10\\\/20251011101346_IMG_7328-400x250.jpg&quot;,&quot;imageURL&quot;:&quot;https:\\\/\\\/portalv1.com.br\\\/app\\\/wp-content\\\/uploads\\\/2025\\\/10\\\/20251011101346_IMG_7328.jpg&quot;,&quot;pid&quot;:244275,&quot;galleryid&quot;:1,&quot;description&quot;:&quot;&quot;,&quot;alttext&quot;:&quot;Valen\\u00e7a se prepara para o evento \\u201cDi\\u00e1logo pelo Piau\\u00ed\\u201d, que re\\u00fane propostas do Vale do Sambito&quot;,&quot;thumbnailURL&quot;:&quot;https:\\\/\\\/portalv1.com.br\\\/app\\\/wp-content\\\/uploads\\\/2025\\\/10\\\/20251011101346_IMG_7328-400x250.jpg&quot;,&quot;style&quot;:&quot;&quot;},{&quot;thumbcode&quot;:&quot;https:\\\/\\\/portalv1.com.br\\\/app\\\/wp-content\\\/uploads\\\/2025\\\/10\\\/20251011104735_IMG_7353-400x250.jpg&quot;,&quot;imageURL&quot;:&quot;https:\\\/\\\/portalv1.com.br\\\/app\\\/wp-content\\\/uploads\\\/2025\\\/10\\\/20251011104735_IMG_7353.jpg&quot;,&quot;pid&quot;:244276,&quot;galleryid&quot;:1,&quot;description&quot;:&quot;&quot;,&quot;alttext&quot;:&quot;Valen\\u00e7a se prepara para o evento \\u201cDi\\u00e1logo pelo Piau\\u00ed\\u201d, que re\\u00fane propostas do Vale do Sambito&quot;,&quot;thumbnailURL&quot;:&quot;https:\\\/\\\/portalv1.com.br\\\/app\\\/wp-content\\\/uploads\\\/2025\\\/10\\\/20251011104735_IMG_7353-400x250.jpg&quot;,&quot;style&quot;:&quot;&quot;},{&quot;thumbcode&quot;:&quot;https:\\\/\\\/portalv1.com.br\\\/app\\\/wp-content\\\/uploads\\\/2025\\\/10\\\/20251011101410_IMG_7329-400x250.jpg&quot;,&quot;imageURL&quot;:&quot;https:\\\/\\\/portalv1.com.br\\\/app\\\/wp-content\\\/uploads\\\/2025\\\/10\\\/20251011101410_IMG_7329.jpg&quot;,&quot;pid&quot;:244277,&quot;galleryid&quot;:1,&quot;description&quot;:&quot;&quot;,&quot;alttext&quot;:&quot;Valen\\u00e7a se prepara para o evento \\u201cDi\\u00e1logo pelo Piau\\u00ed\\u201d, que re\\u00fane propostas do Vale do Sambito&quot;,&quot;thumbnailURL&quot;:&quot;https:\\\/\\\/portalv1.com.br\\\/app\\\/wp-content\\\/uploads\\\/2025\\\/10\\\/20251011101410_IMG_7329-400x250.jpg&quot;,&quot;style&quot;:&quot;&quot;},{&quot;thumbcode&quot;:&quot;https:\\\/\\\/portalv1.com.br\\\/app\\\/wp-content\\\/uploads\\\/2025\\\/10\\\/20251011101425_IMG_7330-400x250.jpg&quot;,&quot;imageURL&quot;:&quot;https:\\\/\\\/portalv1.com.br\\\/app\\\/wp-content\\\/uploads\\\/2025\\\/10\\\/20251011101425_IMG_7330.jpg&quot;,&quot;pid&quot;:244278,&quot;galleryid&quot;:1,&quot;description&quot;:&quot;&quot;,&quot;alttext&quot;:&quot;Valen\\u00e7a se prepara para o evento \\u201cDi\\u00e1logo pelo Piau\\u00ed\\u201d, que re\\u00fane propostas do Vale do Sambito&quot;,&quot;thumbnailURL&quot;:&quot;https:\\\/\\\/portalv1.com.br\\\/app\\\/wp-content\\\/uploads\\\/2025\\\/10\\\/20251011101425_IMG_7330-400x250.jpg&quot;,&quot;style&quot;:&quot;&quot;},{&quot;thumbcode&quot;:&quot;https:\\\/\\\/portalv1.com.br\\\/app\\\/wp-content\\\/uploads\\\/2025\\\/10\\\/20251011101517_IMG_7338-400x250.jpg&quot;,&quot;imageURL&quot;:&quot;https:\\\/\\\/portalv1.com.br\\\/app\\\/wp-content\\\/uploads\\\/2025\\\/10\\\/20251011101517_IMG_7338.jpg&quot;,&quot;pid&quot;:244279,&quot;galleryid&quot;:1,&quot;description&quot;:&quot;&quot;,&quot;alttext&quot;:&quot;Valen\\u00e7a se prepara para o evento \\u201cDi\\u00e1logo pelo Piau\\u00ed\\u201d, que re\\u00fane propostas do Vale do Sambito&quot;,&quot;thumbnailURL&quot;:&quot;https:\\\/\\\/portalv1.com.br\\\/app\\\/wp-content\\\/uploads\\\/2025\\\/10\\\/20251011101517_IMG_7338-400x250.jpg&quot;,&quot;style&quot;:&quot;&quot;},{&quot;thumbcode&quot;:&quot;https:\\\/\\\/portalv1.com.br\\\/app\\\/wp-content\\\/uploads\\\/2025\\\/10\\\/20251011101138_IMG_7325-400x250.jpg&quot;,&quot;imageURL&quot;:&quot;https:\\\/\\\/portalv1.com.br\\\/app\\\/wp-content\\\/uploads\\\/2025\\\/10\\\/20251011101138_IMG_7325.jpg&quot;,&quot;pid&quot;:244280,&quot;galleryid&quot;:1,&quot;description&quot;:&quot;&quot;,&quot;alttext&quot;:&quot;Valen\\u00e7a se prepara para o evento \\u201cDi\\u00e1logo pelo Piau\\u00ed\\u201d, que re\\u00fane propostas do Vale do Sambito&quot;,&quot;thumbnailURL&quot;:&quot;https:\\\/\\\/portalv1.com.br\\\/app\\\/wp-content\\\/uploads\\\/2025\\\/10\\\/20251011101138_IMG_7325-400x250.jpg&quot;,&quot;style&quot;:&quot;&quot;},{&quot;thumbcode&quot;:&quot;https:\\\/\\\/portalv1.com.br\\\/app\\\/wp-content\\\/uploads\\\/2025\\\/10\\\/20251011102620_IMG_7350-400x250.jpg&quot;,&quot;imageURL&quot;:&quot;https:\\\/\\\/portalv1.com.br\\\/app\\\/wp-content\\\/uploads\\\/2025\\\/10\\\/20251011102620_IMG_7350.jpg&quot;,&quot;pid&quot;:244281,&quot;galleryid&quot;:1,&quot;description&quot;:&quot;&quot;,&quot;alttext&quot;:&quot;Valen\\u00e7a se prepara para o evento \\u201cDi\\u00e1logo pelo Piau\\u00ed\\u201d, que re\\u00fane propostas do Vale do Sambito&quot;,&quot;thumbnailURL&quot;:&quot;https:\\\/\\\/portalv1.com.br\\\/app\\\/wp-content\\\/uploads\\\/2025\\\/10\\\/20251011102620_IMG_7350-400x250.jpg&quot;,&quot;style&quot;:&quot;&quot;},{&quot;thumbcode&quot;:&quot;https:\\\/\\\/portalv1.com.br\\\/app\\\/wp-content\\\/uploads\\\/2025\\\/10\\\/20251011101447_IMG_7332-400x250.jpg&quot;,&quot;imageURL&quot;:&quot;https:\\\/\\\/portalv1.com.br\\\/app\\\/wp-content\\\/uploads\\\/2025\\\/10\\\/20251011101447_IMG_7332.jpg&quot;,&quot;pid&quot;:244282,&quot;galleryid&quot;:1,&quot;description&quot;:&quot;&quot;,&quot;alttext&quot;:&quot;Valen\\u00e7a se prepara para o evento \\u201cDi\\u00e1logo pelo Piau\\u00ed\\u201d, que re\\u00fane propostas do Vale do Sambito&quot;,&quot;thumbnailURL&quot;:&quot;https:\\\/\\\/portalv1.com.br\\\/app\\\/wp-content\\\/uploads\\\/2025\\\/10\\\/20251011101447_IMG_7332-400x250.jpg&quot;,&quot;style&quot;:&quot;&quot;}]}}\"><\/div>\n            <\/div>","protected":false},"excerpt":{"rendered":"<p>Aconteceu nesta quarta-feira (08) um encontro preparat\u00f3rio para o evento Di\u00e1logo pelo Piau\u00ed, promovido pelo Governo do Estado e que ser\u00e1 realizado neste fim de semana em Valen\u00e7a do Piau\u00ed,&#8230;<\/p>\n","protected":false},"author":16,"featured_media":244283,"comment_status":"open","ping_status":"open","sticky":false,"template":"","format":"standard","meta":{"ngg_post_thumbnail":0,"footnotes":""},"categories":[243],"tags":[],"class_list":["post-244269","post","type-post","status-publish","format-standard","has-post-thumbnail","hentry","category-geral"],"views":363,"meta_data":{"thumb":"https:\/\/portalv1.com.br\/app\/wp-content\/uploads\/2025\/10\/20251011104735_IMG_7353-1.jpg","imagem":{"fullsize":{"url":"https:\/\/portalv1.com.br\/app\/wp-content\/uploads\/2025\/10\/20251011104735_IMG_7353-1.jpg","width":1920,"height":1080},"medium":{"url":"https:\/\/portalv1.com.br\/app\/wp-content\/uploads\/2025\/10\/20251011104735_IMG_7353-1-300x169.jpg","width":300,"height":169},"large":{"url":"https:\/\/portalv1.com.br\/app\/wp-content\/uploads\/2025\/10\/20251011104735_IMG_7353-1-640x360.jpg","width":640,"height":360},"thumbnail":{"url":"https:\/\/portalv1.com.br\/app\/wp-content\/uploads\/2025\/10\/20251011104735_IMG_7353-1-100x100.jpg","width":100,"height":100},"medium_large":{"url":"https:\/\/portalv1.com.br\/app\/wp-content\/uploads\/2025\/10\/20251011104735_IMG_7353-1-768x432.jpg","width":768,"height":432},"1536x1536":{"url":"https:\/\/portalv1.com.br\/app\/wp-content\/uploads\/2025\/10\/20251011104735_IMG_7353-1-1536x864.jpg","width":1536,"height":864}},"data":{"simple":"08\/10\/2025","date_time":"08\/10\/2025 09:11:01","date":"h\u00e1 7 meses"},"chapeu":"Veja detalhes ","source":"slide"},"_links":{"self":[{"href":"https:\/\/portalv1.com.br\/api\/wp\/v2\/posts\/244269","targetHints":{"allow":["GET"]}}],"collection":[{"href":"https:\/\/portalv1.com.br\/api\/wp\/v2\/posts"}],"about":[{"href":"https:\/\/portalv1.com.br\/api\/wp\/v2\/types\/post"}],"author":[{"embeddable":true,"href":"https:\/\/portalv1.com.br\/api\/wp\/v2\/users\/16"}],"replies":[{"embeddable":true,"href":"https:\/\/portalv1.com.br\/api\/wp\/v2\/comments?post=244269"}],"version-history":[{"count":0,"href":"https:\/\/portalv1.com.br\/api\/wp\/v2\/posts\/244269\/revisions"}],"wp:featuredmedia":[{"embeddable":true,"href":"https:\/\/portalv1.com.br\/api\/wp\/v2\/media\/244283"}],"wp:attachment":[{"href":"https:\/\/portalv1.com.br\/api\/wp\/v2\/media?parent=244269"}],"wp:term":[{"taxonomy":"category","embeddable":true,"href":"https:\/\/portalv1.com.br\/api\/wp\/v2\/categories?post=244269"},{"taxonomy":"post_tag","embeddable":true,"href":"https:\/\/portalv1.com.br\/api\/wp\/v2\/tags?post=244269"}],"curies":[{"name":"wp","href":"https:\/\/api.w.org\/{rel}","templated":true}]}}