{"id":244302,"date":"2025-10-09T09:11:28","date_gmt":"2025-10-09T12:11:28","guid":{"rendered":"https:\/\/portalv1.com.br\/?p=244302"},"modified":"2025-10-09T17:51:17","modified_gmt":"2025-10-09T20:51:17","slug":"voto-de-atila-lira-e-julio-arcoverde-ajuda-a-derrubar-mp-da-taxacao-e-lula-diz-que-decisao-prejudica-o-povo","status":"publish","type":"post","link":"https:\/\/portalv1.com.br\/voto-de-atila-lira-e-julio-arcoverde-ajuda-a-derrubar-mp-da-taxacao-e-lula-diz-que-decisao-prejudica-o-povo\/","title":{"rendered":"Voto de \u00c1tila Lira e J\u00falio Arcoverde ajuda a derrubar MP da taxa\u00e7\u00e3o e Lula diz que decis\u00e3o prejudica o povo"},"content":{"rendered":"\n<p>O presidente Luiz In\u00e1cio Lula da Silva criticou duramente, na noite desta quarta-feira (8), a decis\u00e3o da C\u00e2mara dos Deputados de retirar de pauta a Medida Provis\u00f3ria (MP) 1303\/2025, que previa a taxa\u00e7\u00e3o de rendimentos de aplica\u00e7\u00f5es financeiras e apostas esportivas. A proposta tamb\u00e9m serviria para compensar a revoga\u00e7\u00e3o de um decreto que aumentava o Imposto sobre Opera\u00e7\u00f5es Financeiras (IOF).<\/p>\n\n\n\n<p>Com 251 votos a favor da retirada e 193 contra, a medida acabou caducando por falta de vota\u00e7\u00e3o dentro do prazo.<\/p>\n\n\n\n<p>No Piau\u00ed, apenas dois deputados federais \u2014 \u00c1tila Lira (PP) e J\u00falio Arcoverde (PP) \u2014 votaram a favor da retirada, contribuindo para o resultado que impediu o avan\u00e7o da MP considerada essencial para o equil\u00edbrio fiscal do governo em 2026.<\/p>\n\n\n\n<p>A decis\u00e3o dos dois parlamentares piauienses destoou da posi\u00e7\u00e3o da maioria da bancada do estado, que votou contra a manobra da oposi\u00e7\u00e3o e defendeu a manuten\u00e7\u00e3o da medida.<\/p>\n\n\n\n<p>Votaram contra a retirada: Castro Neto (PSD), Dr. Francisco (PT), Fl\u00e1vio Nogueira (PT), Florentino Neto (PT), Jadyel Alencar (Republicanos), J\u00falio C\u00e9sar (PSD), Marcos Aur\u00e9lio Sampaio (PSD) e Merlong Solano (PT).<\/p>\n\n\n\n<p>Em publica\u00e7\u00e3o nas redes sociais, o presidente Lula lamentou o desfecho e afirmou que a decis\u00e3o representa uma derrota para o povo brasileiro.<\/p>\n\n\n\n<p>\u201cA decis\u00e3o da C\u00e2mara de derrubar a medida provis\u00f3ria que corrigia injusti\u00e7as no sistema tribut\u00e1rio n\u00e3o \u00e9 uma derrota imposta ao governo, mas ao povo brasileiro. Essa medida reduzia distor\u00e7\u00f5es ao cobrar a parte justa de quem ganha e lucra mais. Impedir essa corre\u00e7\u00e3o \u00e9 votar contra o equil\u00edbrio das contas p\u00fablicas e contra a justi\u00e7a tribut\u00e1ria\u201d, declarou.<\/p>\n\n\n\n<p>Lula ainda acusou a oposi\u00e7\u00e3o e setores do centro pol\u00edtico de atuarem para restringir a capacidade do governo de manter programas sociais.<\/p>\n\n\n\n<p>\u201cO que est\u00e1 por tr\u00e1s dessa decis\u00e3o \u00e9 a aposta de que o pa\u00eds vai arrecadar menos para limitar as pol\u00edticas p\u00fablicas e os programas sociais que beneficiam milh\u00f5es de brasileiros. \u00c9 jogar contra o Brasil\u201d, completou.<\/p>\n\n\n\n<p>A MP 1303\/2025 previa a tributa\u00e7\u00e3o de fundos de investimento, opera\u00e7\u00f5es em bolsa, ativos virtuais e empr\u00e9stimos de ativos, al\u00e9m de novas regras para investidores estrangeiros. Segundo estimativas do governo, o texto poderia aumentar a arrecada\u00e7\u00e3o em R$ 20,8 bilh\u00f5es e reduzir despesas em mais de R$ 10 bilh\u00f5es.<\/p>\n\n\n<figure class=\"wp-block-post-featured-image\"><img loading=\"lazy\" decoding=\"async\" width=\"1280\" height=\"720\" src=\"https:\/\/portalv1.com.br\/app\/wp-content\/uploads\/2025\/10\/528.jpg\" class=\"attachment-post-thumbnail size-post-thumbnail wp-post-image\" alt=\"\" style=\"object-fit:cover;\" srcset=\"https:\/\/portalv1.com.br\/app\/wp-content\/uploads\/2025\/10\/528.jpg 1280w, https:\/\/portalv1.com.br\/app\/wp-content\/uploads\/2025\/10\/528-300x169.jpg 300w, https:\/\/portalv1.com.br\/app\/wp-content\/uploads\/2025\/10\/528-640x360.jpg 640w, https:\/\/portalv1.com.br\/app\/wp-content\/uploads\/2025\/10\/528-768x432.jpg 768w\" sizes=\"auto, (max-width: 1280px) 100vw, 1280px\" \/><\/figure>","protected":false},"excerpt":{"rendered":"<p>O presidente Luiz In\u00e1cio Lula da Silva criticou duramente, na noite desta quarta-feira (8), a decis\u00e3o da C\u00e2mara dos Deputados de retirar de pauta a Medida Provis\u00f3ria (MP) 1303\/2025, que&#8230;<\/p>\n","protected":false},"author":1,"featured_media":244303,"comment_status":"open","ping_status":"open","sticky":false,"template":"","format":"standard","meta":{"ngg_post_thumbnail":0,"footnotes":""},"categories":[243],"tags":[],"class_list":["post-244302","post","type-post","status-publish","format-standard","has-post-thumbnail","hentry","category-geral"],"views":186,"meta_data":{"thumb":"https:\/\/portalv1.com.br\/app\/wp-content\/uploads\/2025\/10\/528.jpg","imagem":{"fullsize":{"url":"https:\/\/portalv1.com.br\/app\/wp-content\/uploads\/2025\/10\/528.jpg","width":1280,"height":720},"medium":{"url":"https:\/\/portalv1.com.br\/app\/wp-content\/uploads\/2025\/10\/528-300x169.jpg","width":300,"height":169},"large":{"url":"https:\/\/portalv1.com.br\/app\/wp-content\/uploads\/2025\/10\/528-640x360.jpg","width":640,"height":360},"thumbnail":{"url":"https:\/\/portalv1.com.br\/app\/wp-content\/uploads\/2025\/10\/528-100x100.jpg","width":100,"height":100},"medium_large":{"url":"https:\/\/portalv1.com.br\/app\/wp-content\/uploads\/2025\/10\/528-768x432.jpg","width":768,"height":432}},"data":{"simple":"09\/10\/2025","date_time":"09\/10\/2025 06:11:28","date":"h\u00e1 7 meses"},"chapeu":"Saiba mais","source":"retirar"},"_links":{"self":[{"href":"https:\/\/portalv1.com.br\/api\/wp\/v2\/posts\/244302","targetHints":{"allow":["GET"]}}],"collection":[{"href":"https:\/\/portalv1.com.br\/api\/wp\/v2\/posts"}],"about":[{"href":"https:\/\/portalv1.com.br\/api\/wp\/v2\/types\/post"}],"author":[{"embeddable":true,"href":"https:\/\/portalv1.com.br\/api\/wp\/v2\/users\/1"}],"replies":[{"embeddable":true,"href":"https:\/\/portalv1.com.br\/api\/wp\/v2\/comments?post=244302"}],"version-history":[{"count":0,"href":"https:\/\/portalv1.com.br\/api\/wp\/v2\/posts\/244302\/revisions"}],"wp:featuredmedia":[{"embeddable":true,"href":"https:\/\/portalv1.com.br\/api\/wp\/v2\/media\/244303"}],"wp:attachment":[{"href":"https:\/\/portalv1.com.br\/api\/wp\/v2\/media?parent=244302"}],"wp:term":[{"taxonomy":"category","embeddable":true,"href":"https:\/\/portalv1.com.br\/api\/wp\/v2\/categories?post=244302"},{"taxonomy":"post_tag","embeddable":true,"href":"https:\/\/portalv1.com.br\/api\/wp\/v2\/tags?post=244302"}],"curies":[{"name":"wp","href":"https:\/\/api.w.org\/{rel}","templated":true}]}}