{"id":244727,"date":"2025-10-12T12:12:03","date_gmt":"2025-10-12T15:12:03","guid":{"rendered":"https:\/\/portalv1.com.br\/?p=244727"},"modified":"2025-10-28T12:32:58","modified_gmt":"2025-10-28T15:32:58","slug":"em-entrevista-ao-portal-v1-reitor-fala-sobre-o-retorno-presencial-da-uespi-em-valenca-do-piaui","status":"publish","type":"post","link":"https:\/\/portalv1.com.br\/em-entrevista-ao-portal-v1-reitor-fala-sobre-o-retorno-presencial-da-uespi-em-valenca-do-piaui\/","title":{"rendered":"Em entrevista ao Portal V1, reitor fala sobre o retorno presencial da UESPI em Valen\u00e7a do Piau\u00ed"},"content":{"rendered":"\n<p>A cidade de Valen\u00e7a do Piau\u00ed recebeu neste s\u00e1bado (11) o governador Rafael Fonteles, acompanhado por secret\u00e1rios de Estado, deputados e senadores, para um dia de inaugura\u00e7\u00f5es e para a culmin\u00e2ncia do evento \u201cDi\u00e1logos pelo Piau\u00ed\u201d. O encontro marcou um momento de escuta e intera\u00e7\u00e3o direta com a sociedade civil e lideran\u00e7as pol\u00edticas, que apresentaram as principais demandas do territ\u00f3rio do Vale do Sambito.<\/p>\n\n\n\n<p>Entre as propostas mais aguardadas, o destaque ficou para o retorno dos cursos presenciais da Universidade Estadual do Piau\u00ed (UESPI) em Valen\u00e7a, pedido amplamente defendido pela popula\u00e7\u00e3o local. A resposta veio de forma imediata: o governador confirmou a reabertura do campus no munic\u00edpio, refor\u00e7ando o compromisso do governo com o fortalecimento da educa\u00e7\u00e3o superior na regi\u00e3o.<\/p>\n\n\n\n<p>O reitor da UESPI, professor Evandro Alberto, esteve presente no evento e comemorou o an\u00fancio da retomada das atividades presenciais.<\/p>\n\n\n\n<p>\u201cO Vale do Sambito \u00e9 uma regi\u00e3o muito importante, Valen\u00e7a \u00e9 uma cidade priorit\u00e1ria tamb\u00e9m para o Governador do Estado, a Universidade Estadual do Piau\u00ed j\u00e1 funcionou aqui em Valen\u00e7a, ent\u00e3o o Governador j\u00e1 autorizou a voltar do campus, recriar o campus de Valen\u00e7a. Ent\u00e3o, n\u00f3s agora vamos trabalhar para aprovar essa cria\u00e7\u00e3o do campus e vamos com certeza, n\u00f3s vamos cumprir essa miss\u00e3o\u201d, disse o reitor.<\/p>\n\n\n\n<p>Evandro Alberto tamb\u00e9m explicou os pr\u00f3ximos passos para a efetiva\u00e7\u00e3o da medida. \u201cO que a gente precisa de fato agora, \u00e9 alinhar quais cursos vir\u00e3o para o munic\u00edpio de Valen\u00e7a, aqui para a cidade de Valen\u00e7a. Ent\u00e3o a cria\u00e7\u00e3o j\u00e1 est\u00e1 certa, o Governador j\u00e1 decidiu, \u00e9 uma pol\u00edtica de Estado importante para o Vale do Sambito\u201d, afirmou.<\/p>\n\n\n\n<p>O reitor destacou os impactos positivos que a volta da UESPI trar\u00e1 para a cidade e toda a regi\u00e3o.<\/p>\n\n\n\n<p>\u201cValen\u00e7a \u00e9 uma cidade muito importante para o Estado do Piau\u00ed. Ent\u00e3o, ter a Universidade Estadual do Piau\u00ed aqui formando o povo dessa terra e da regi\u00e3o \u00e9 de grande valia, porque quando voc\u00ea coloca um campus, voc\u00ea atrai o professor, voc\u00ea atrai estudantes do territ\u00f3rio, mas tamb\u00e9m de outras regi\u00f5es, ent\u00e3o isso movimenta a economia da cidade, al\u00e9m de movimentar a economia da cidade, traz a oportunidade de formar com qualidade os filhos dessa regi\u00e3o\u201d, ressaltou.<\/p>\n\n\n\n<p>O magn\u00edfico reitor da UESPI ainda enfatizou o valor humano e cultural do territ\u00f3rio, justificando a import\u00e2ncia da medida.<\/p>\n\n\n\n<p>\u201c\u00c9 uma regi\u00e3o que tem as suas caracter\u00edsticas peculiares de um povo trabalhador, de um povo que gosta da educa\u00e7\u00e3o, da cultura, da agricultura, todas as \u00e1reas, ent\u00e3o o governador Rafael, ele tem esse compromisso com o estado do Piau\u00ed\u201d, disse o reitor, concluindo: \u201cEu estou muito feliz como reitor da Universidade Estadual do Piau\u00ed em saber que a universidade, ela esteve aqui como uma demanda, n\u00e3o s\u00f3 uma demanda, mas a demanda principal do Di\u00e1logos.\u201d<\/p>\n\n\n\n<figure class=\"wp-block-embed is-type-video is-provider-youtube wp-block-embed-youtube wp-embed-aspect-16-9 wp-has-aspect-ratio\"><div class=\"wp-block-embed__wrapper\">\n<div class=\"content-iframe\" data-content-width=\"600\"><iframe loading=\"lazy\" title=\"Reitor da UESPI, professor Evandro Alberto fala sobre implanta\u00e7\u00e3o da UESPI em Valen\u00e7a do Piau\u00ed\" width=\"600\" height=\"338\" src=\"https:\/\/www.youtube.com\/embed\/oiMZpgTZyCI?feature=oembed\" frameborder=\"0\" allow=\"accelerometer; autoplay; clipboard-write; encrypted-media; gyroscope; picture-in-picture; web-share\" referrerpolicy=\"strict-origin-when-cross-origin\" allowfullscreen><\/iframe><\/div>\n<\/div><\/figure>\n","protected":false},"excerpt":{"rendered":"<p>A cidade de Valen\u00e7a do Piau\u00ed recebeu neste s\u00e1bado (11) o governador Rafael Fonteles, acompanhado por secret\u00e1rios de Estado, deputados e senadores, para um dia de inaugura\u00e7\u00f5es e para a&#8230;<\/p>\n","protected":false},"author":1,"featured_media":244728,"comment_status":"open","ping_status":"open","sticky":false,"template":"","format":"standard","meta":{"ngg_post_thumbnail":0,"footnotes":""},"categories":[243,1518],"tags":[],"class_list":["post-244727","post","type-post","status-publish","format-standard","has-post-thumbnail","hentry","category-geral","category-v1-tv"],"views":379,"meta_data":{"thumb":"https:\/\/portalv1.com.br\/app\/wp-content\/uploads\/2025\/10\/evandro-reitor.jpg","imagem":{"fullsize":{"url":"https:\/\/portalv1.com.br\/app\/wp-content\/uploads\/2025\/10\/evandro-reitor.jpg","width":1280,"height":720},"medium":{"url":"https:\/\/portalv1.com.br\/app\/wp-content\/uploads\/2025\/10\/evandro-reitor-300x169.jpg","width":300,"height":169},"large":{"url":"https:\/\/portalv1.com.br\/app\/wp-content\/uploads\/2025\/10\/evandro-reitor-640x360.jpg","width":640,"height":360},"thumbnail":{"url":"https:\/\/portalv1.com.br\/app\/wp-content\/uploads\/2025\/10\/evandro-reitor-100x100.jpg","width":100,"height":100},"medium_large":{"url":"https:\/\/portalv1.com.br\/app\/wp-content\/uploads\/2025\/10\/evandro-reitor-768x432.jpg","width":768,"height":432}},"data":{"simple":"12\/10\/2025","date_time":"12\/10\/2025 09:12:03","date":"h\u00e1 7 meses"},"chapeu":"Boa Nova ","source":"slide"},"_links":{"self":[{"href":"https:\/\/portalv1.com.br\/api\/wp\/v2\/posts\/244727","targetHints":{"allow":["GET"]}}],"collection":[{"href":"https:\/\/portalv1.com.br\/api\/wp\/v2\/posts"}],"about":[{"href":"https:\/\/portalv1.com.br\/api\/wp\/v2\/types\/post"}],"author":[{"embeddable":true,"href":"https:\/\/portalv1.com.br\/api\/wp\/v2\/users\/1"}],"replies":[{"embeddable":true,"href":"https:\/\/portalv1.com.br\/api\/wp\/v2\/comments?post=244727"}],"version-history":[{"count":0,"href":"https:\/\/portalv1.com.br\/api\/wp\/v2\/posts\/244727\/revisions"}],"wp:featuredmedia":[{"embeddable":true,"href":"https:\/\/portalv1.com.br\/api\/wp\/v2\/media\/244728"}],"wp:attachment":[{"href":"https:\/\/portalv1.com.br\/api\/wp\/v2\/media?parent=244727"}],"wp:term":[{"taxonomy":"category","embeddable":true,"href":"https:\/\/portalv1.com.br\/api\/wp\/v2\/categories?post=244727"},{"taxonomy":"post_tag","embeddable":true,"href":"https:\/\/portalv1.com.br\/api\/wp\/v2\/tags?post=244727"}],"curies":[{"name":"wp","href":"https:\/\/api.w.org\/{rel}","templated":true}]}}