{"id":244841,"date":"2025-10-13T16:17:40","date_gmt":"2025-10-13T19:17:40","guid":{"rendered":"https:\/\/portalv1.com.br\/?p=244841"},"modified":"2025-10-13T16:17:41","modified_gmt":"2025-10-13T19:17:41","slug":"pais-de-alice-brasil-contestam-inquerito-sem-indiciados-se-fosse-o-seu-filho","status":"publish","type":"post","link":"https:\/\/portalv1.com.br\/pais-de-alice-brasil-contestam-inquerito-sem-indiciados-se-fosse-o-seu-filho\/","title":{"rendered":"Pais de Alice Brasil contestam inqu\u00e9rito sem indiciados. \u201cSe fosse o seu filho?\u201d"},"content":{"rendered":"\n<p>A fam\u00edlia de Alice Brasil Sousa da Paz, aluna morta ap\u00f3s a queda de uma penteadeira dentro da escola, questionou o inqu\u00e9rito que arquivou sem indiciamento pela morte da menina.<\/p>\n\n\n\n<p>Em tom de indigna\u00e7\u00e3o, o pai de Alice, Claudio Souza, questionou o delegado do inqu\u00e9rito, Hugo Alc\u00e2ntara, o que ele teria feito se fosse uma filha dele.<\/p>\n\n\n\n<p>\u201cSe fosse o seu filho ou sua filha v\u00edtima de um tombamento ocorrido em uma escola particular, da qual a gente paga uma mensalidade car\u00edssima, e n\u00e3o nos deram seguran\u00e7a, o que voc\u00eas fariam? A nossa busca \u00e9 por justi\u00e7a. \u00c9 com profundo lamento que nossa fam\u00edlia, antecedente ao dia da crian\u00e7a, que divulgou o inqu\u00e9rito com uma conclus\u00e3o em que passaram mais de 2 meses para chegar a uma conclus\u00e3o de arquivamento sem nenhum indiciamento. \u00c9 vergonhoso um trabalho levar mais de 2 meses e meio para se chegar a essa apura\u00e7\u00e3o. Diante de tantos fatos que foram mostrados para o Brasil inteiro. \u00c9 vergonhoso\u201d, afirma o pai de Alice Brasil.<\/p>\n\n\n\n<figure class=\"wp-block-image size-large\"><img loading=\"lazy\" decoding=\"async\" width=\"640\" height=\"384\" src=\"https:\/\/portalv1.com.br\/app\/wp-content\/uploads\/2025\/10\/alice-640x384.png\" alt=\"\" class=\"wp-image-244842\" srcset=\"https:\/\/portalv1.com.br\/app\/wp-content\/uploads\/2025\/10\/alice-640x384.png 640w, https:\/\/portalv1.com.br\/app\/wp-content\/uploads\/2025\/10\/alice-300x180.png 300w, https:\/\/portalv1.com.br\/app\/wp-content\/uploads\/2025\/10\/alice-768x461.png 768w, https:\/\/portalv1.com.br\/app\/wp-content\/uploads\/2025\/10\/alice.png 1200w\" sizes=\"auto, (max-width: 640px) 100vw, 640px\" \/><\/figure>\n\n\n\n<p>A fam\u00edlia questiona a forma como o inqu\u00e9rito foi conduzido. Segundo ele, a defesa precisou solicitar que outras pessoas prestassem depoimento.<\/p>\n\n\n\n<p>\u201cNo dia 7 de agosto a fam\u00edlia procurou o delegado e foi relatado pelo delegado que para ele era uma situa\u00e7\u00e3o que ele n\u00e3o via culpa ou dolo. Isso 48h depois, onde foram colhidos apenas 4 depoimentos\u201d, relata.<\/p>\n\n\n\n<p>De acordo com a advogada Arielly Pacifico, a defesa agora aguarda a manifesta\u00e7\u00e3o do Minist\u00e9rio P\u00fablico, que pelo prazo, deve acontecer nos pr\u00f3ximos dias. Caso o MP conclua pelo arquivamento, o caso caber\u00e1 recurso da defesa, onde deve ser realizado encaminhamento a um novo promotor.<\/p>\n\n\n\n<p>Durante a sua manifesta\u00e7\u00e3o, a m\u00e3e de Alice Brasil, Dayana Brasil afirmou que foram vistos diversos erros na condu\u00e7\u00e3o do atendimento a filha.<\/p>\n\n\n\n<p>O inqu\u00e9rito mostrou que o m\u00e9dico legista n\u00e3o soube atestar o momento em que Alice morreu. A informa\u00e7\u00e3o concreta prestada \u00e0 fam\u00edlia \u00e9 que a equipe do Samu informou que ela j\u00e1 chegou a ambul\u00e2ncia sem sinal vital.<\/p>\n\n\n\n<p>Dayana Brasil revelou que a fam\u00edlia recebeu apenas imagens do momento do acidente, imagens da enfermaria em que a Alice n\u00e3o aparece, pois a crian\u00e7a estava em outra maca.<\/p>\n\n\n\n<p>Segundo Dayane Brasil, as imagens revelaram que Alice teve o rosto coberto por uma jaqueta da escola, o que seria contr\u00e1rio ao atendimento que a filha precisava.<\/p>\n\n\n\n<p>\u201cQuando ela precisava de massagem respirat\u00f3ria e cuidado, sabe o que fizeram? Colocaram um casaco escolar no rosto da Alice. Se ela tinha uma chance, ali eles terminaram de tirar. Tiraram a chance da minha filha por falta de atendimento adequado. Em nenhum momento a enfermeira afirmou que fez massagem respirat\u00f3ria. Ela entra no carro, pelos bra\u00e7os de uma professora, no banco da frente e a enfermeira estava no banco de tr\u00e1s. Quando o Samu recebeu a Alice ela estava sem sinais vitais. Se ela teve alguma chance, essa chance n\u00e3o foi dada pelo CEV\u201d, afirma a m\u00e3e.<\/p>\n\n\n<figure class=\"wp-block-post-featured-image\"><img loading=\"lazy\" decoding=\"async\" width=\"1200\" height=\"720\" src=\"https:\/\/portalv1.com.br\/app\/wp-content\/uploads\/2025\/10\/alicert.png\" class=\"attachment-post-thumbnail size-post-thumbnail wp-post-image\" alt=\"\" style=\"object-fit:cover;\" srcset=\"https:\/\/portalv1.com.br\/app\/wp-content\/uploads\/2025\/10\/alicert.png 1200w, https:\/\/portalv1.com.br\/app\/wp-content\/uploads\/2025\/10\/alicert-300x180.png 300w, https:\/\/portalv1.com.br\/app\/wp-content\/uploads\/2025\/10\/alicert-640x384.png 640w, https:\/\/portalv1.com.br\/app\/wp-content\/uploads\/2025\/10\/alicert-768x461.png 768w\" sizes=\"auto, (max-width: 1200px) 100vw, 1200px\" \/><\/figure>\n\n\n<p>Depoimento revela que penteadeira foi mudada; defesa questiona<\/p>\n\n\n\n<p>A defesa questionou pontos do inqu\u00e9rito. Segundo a advogada Arielly Pac\u00edfico, o laudo pericial apontou que a escola n\u00e3o seguiu as normas t\u00e9cnicas impostas pela Norma Mercosul 300\/2002. A norma disp\u00f5e para a certifica\u00e7\u00e3o de seguran\u00e7a de brinquedos, focada em crian\u00e7as com menos de 14 anos.<\/p>\n\n\n\n<p>De acordo com Arielly Pac\u00edfico, a conclus\u00e3o do inqu\u00e9rito, que aponta pelo arquivamento sem indiciamento, \u00e9 contr\u00e1rio ao laudo apresentado. A advogada revelou que em depoimento a cuidadora do espa\u00e7o afirmou que a penteadeira estava colocada de modo contr\u00e1rio para evitar que crian\u00e7as escalassem, o que para defesa demonstra que a escola sabia do risco.<\/p>\n\n\n\n<p>\u201cComo advogada criminalista manifesto discord\u00e2ncia e profunda preocupa\u00e7\u00e3o com a conclus\u00e3o do inqu\u00e9rito para inexist\u00eancia de imprevisibilidade no tr\u00e1gico evento que culminou na morte da Alice. O delegado titular concluiu que afasta a possibilidade do homic\u00eddio culposo por n\u00e3o existir previsibilidade do tombamento do m\u00f3vel. O relat\u00f3rio final tenta justificar informando que a penteadeira n\u00e3o teria potencial lesivo em uso normal e o que aconteceu foi anormal, imprevis\u00edvel. Essa linha de racioc\u00ednio inverte a l\u00f3gica da responsabilidade. A neglig\u00eancia est\u00e1 na falha humana de quem permitiu que aquele im\u00f3vel em local inadequado\u201d, afirma a advogada.<\/p>\n","protected":false},"excerpt":{"rendered":"<p>A fam\u00edlia de Alice Brasil Sousa da Paz, aluna morta ap\u00f3s a queda de uma penteadeira dentro da escola, questionou o inqu\u00e9rito que arquivou sem indiciamento pela morte da menina&#8230;.<\/p>\n","protected":false},"author":1,"featured_media":244843,"comment_status":"open","ping_status":"open","sticky":false,"template":"","format":"standard","meta":{"ngg_post_thumbnail":0,"footnotes":""},"categories":[243],"tags":[],"class_list":["post-244841","post","type-post","status-publish","format-standard","has-post-thumbnail","hentry","category-geral"],"views":176,"meta_data":{"thumb":"https:\/\/portalv1.com.br\/app\/wp-content\/uploads\/2025\/10\/alicert.png","imagem":{"fullsize":{"url":"https:\/\/portalv1.com.br\/app\/wp-content\/uploads\/2025\/10\/alicert.png","width":1200,"height":720},"medium":{"url":"https:\/\/portalv1.com.br\/app\/wp-content\/uploads\/2025\/10\/alicert-300x180.png","width":300,"height":180},"large":{"url":"https:\/\/portalv1.com.br\/app\/wp-content\/uploads\/2025\/10\/alicert-640x384.png","width":640,"height":384},"thumbnail":{"url":"https:\/\/portalv1.com.br\/app\/wp-content\/uploads\/2025\/10\/alicert-100x100.png","width":100,"height":100},"medium_large":{"url":"https:\/\/portalv1.com.br\/app\/wp-content\/uploads\/2025\/10\/alicert-768x461.png","width":768,"height":461}},"data":{"simple":"13\/10\/2025","date_time":"13\/10\/2025 13:17:40","date":"h\u00e1 7 meses"},"chapeu":"LUTO","source":"foto_menor"},"_links":{"self":[{"href":"https:\/\/portalv1.com.br\/api\/wp\/v2\/posts\/244841","targetHints":{"allow":["GET"]}}],"collection":[{"href":"https:\/\/portalv1.com.br\/api\/wp\/v2\/posts"}],"about":[{"href":"https:\/\/portalv1.com.br\/api\/wp\/v2\/types\/post"}],"author":[{"embeddable":true,"href":"https:\/\/portalv1.com.br\/api\/wp\/v2\/users\/1"}],"replies":[{"embeddable":true,"href":"https:\/\/portalv1.com.br\/api\/wp\/v2\/comments?post=244841"}],"version-history":[{"count":0,"href":"https:\/\/portalv1.com.br\/api\/wp\/v2\/posts\/244841\/revisions"}],"wp:featuredmedia":[{"embeddable":true,"href":"https:\/\/portalv1.com.br\/api\/wp\/v2\/media\/244843"}],"wp:attachment":[{"href":"https:\/\/portalv1.com.br\/api\/wp\/v2\/media?parent=244841"}],"wp:term":[{"taxonomy":"category","embeddable":true,"href":"https:\/\/portalv1.com.br\/api\/wp\/v2\/categories?post=244841"},{"taxonomy":"post_tag","embeddable":true,"href":"https:\/\/portalv1.com.br\/api\/wp\/v2\/tags?post=244841"}],"curies":[{"name":"wp","href":"https:\/\/api.w.org\/{rel}","templated":true}]}}