{"id":244884,"date":"2025-10-15T15:02:20","date_gmt":"2025-10-15T18:02:20","guid":{"rendered":"https:\/\/portalv1.com.br\/?p=244884"},"modified":"2025-10-15T15:06:29","modified_gmt":"2025-10-15T18:06:29","slug":"244884-2","status":"publish","type":"post","link":"https:\/\/portalv1.com.br\/244884-2\/","title":{"rendered":"Valen\u00e7a do Piau\u00ed realiza Dia D da Campanha de Multivacina\u00e7\u00e3o 2025 neste s\u00e1bado"},"content":{"rendered":"\n<p>A cidade de Valen\u00e7a do Piau\u00ed se prepara para o Dia D da Campanha de Multivacina\u00e7\u00e3o 2025, que ser\u00e1 realizado no pr\u00f3ximo s\u00e1bado, 18 de outubro. A a\u00e7\u00e3o tem como objetivo atualizar a caderneta de vacina\u00e7\u00e3o de crian\u00e7as e adolescentes menores de 15 anos, al\u00e9m de refor\u00e7ar a vacina\u00e7\u00e3o contra o sarampo e a aplica\u00e7\u00e3o da vacina HPV em adolescentes de 15 a 19 anos.<\/p>\n\n\n\n<p>Durante o Dia D, as Unidades B\u00e1sicas de Sa\u00fade (UBS) do munic\u00edpio estar\u00e3o funcionando em hor\u00e1rio das 8h \u00e0s 17h, para garantir o atendimento a todos que precisam atualizar suas vacinas.<\/p>\n\n\n\n<p>A campanha \u00e9 uma iniciativa do Minist\u00e9rio da Sa\u00fade, em parceria com estados e munic\u00edpios, e faz parte da Estrat\u00e9gia Nacional de Atualiza\u00e7\u00e3o da Caderneta de Vacina\u00e7\u00e3o, que ocorre entre os dias 6 e 31 de outubro de 2025.<\/p>\n\n\n\n<p>De acordo com as orienta\u00e7\u00f5es da Secretaria Municipal de Sa\u00fade, o foco \u00e9 resgatar pessoas n\u00e3o vacinadas e completar os esquemas vacinais, conforme o Calend\u00e1rio Nacional de Vacina\u00e7\u00e3o, garantindo assim a prote\u00e7\u00e3o contra diversas doen\u00e7as preven\u00edveis.<\/p>\n\n\n\n<p>Al\u00e9m da atualiza\u00e7\u00e3o das vacinas infantis e adolescentes, a campanha tamb\u00e9m intensifica a cobertura vacinal contra o sarampo em todo o pa\u00eds. Todas as pessoas com idade entre 12 meses e 59 anos devem ter a situa\u00e7\u00e3o vacinal avaliada, e em caso de pend\u00eancia, ser\u00e1 feita a administra\u00e7\u00e3o imediata das doses necess\u00e1rias.<\/p>\n\n\n\n<p>A Secretaria de Sa\u00fade refor\u00e7a a import\u00e2ncia da participa\u00e7\u00e3o da popula\u00e7\u00e3o: manter a vacina\u00e7\u00e3o em dia \u00e9 fundamental para a preven\u00e7\u00e3o de doen\u00e7as e para a prote\u00e7\u00e3o coletiva, fortalecendo o compromisso de Valen\u00e7a com a sa\u00fade p\u00fablica e o bem-estar de suas fam\u00edlias.<\/p>\n\n\n\n<figure class=\"wp-block-image size-large\"><img loading=\"lazy\" decoding=\"async\" width=\"640\" height=\"853\" src=\"https:\/\/portalv1.com.br\/app\/wp-content\/uploads\/2025\/10\/IMG-20251015-WA0037-640x853.jpg\" alt=\"\" class=\"wp-image-244886\" srcset=\"https:\/\/portalv1.com.br\/app\/wp-content\/uploads\/2025\/10\/IMG-20251015-WA0037-640x853.jpg 640w, https:\/\/portalv1.com.br\/app\/wp-content\/uploads\/2025\/10\/IMG-20251015-WA0037-300x400.jpg 300w, https:\/\/portalv1.com.br\/app\/wp-content\/uploads\/2025\/10\/IMG-20251015-WA0037-768x1024.jpg 768w, https:\/\/portalv1.com.br\/app\/wp-content\/uploads\/2025\/10\/IMG-20251015-WA0037.jpg 960w\" sizes=\"auto, (max-width: 640px) 100vw, 640px\" \/><\/figure>\n\n\n\n<p><\/p>\n","protected":false},"excerpt":{"rendered":"<p>A cidade de Valen\u00e7a do Piau\u00ed se prepara para o Dia D da Campanha de Multivacina\u00e7\u00e3o 2025, que ser\u00e1 realizado no pr\u00f3ximo s\u00e1bado, 18 de outubro. A a\u00e7\u00e3o tem como&#8230;<\/p>\n","protected":false},"author":1,"featured_media":244887,"comment_status":"open","ping_status":"open","sticky":false,"template":"","format":"standard","meta":{"ngg_post_thumbnail":0,"footnotes":""},"categories":[243],"tags":[],"class_list":["post-244884","post","type-post","status-publish","format-standard","has-post-thumbnail","hentry","category-geral"],"views":177,"meta_data":{"thumb":"https:\/\/portalv1.com.br\/app\/wp-content\/uploads\/2025\/10\/IMG-20251015-WA0039.jpg","imagem":{"fullsize":{"url":"https:\/\/portalv1.com.br\/app\/wp-content\/uploads\/2025\/10\/IMG-20251015-WA0039.jpg","width":960,"height":740},"medium":{"url":"https:\/\/portalv1.com.br\/app\/wp-content\/uploads\/2025\/10\/IMG-20251015-WA0039-300x231.jpg","width":300,"height":231},"large":{"url":"https:\/\/portalv1.com.br\/app\/wp-content\/uploads\/2025\/10\/IMG-20251015-WA0039-640x493.jpg","width":640,"height":493},"thumbnail":{"url":"https:\/\/portalv1.com.br\/app\/wp-content\/uploads\/2025\/10\/IMG-20251015-WA0039-100x100.jpg","width":100,"height":100},"medium_large":{"url":"https:\/\/portalv1.com.br\/app\/wp-content\/uploads\/2025\/10\/IMG-20251015-WA0039-768x592.jpg","width":768,"height":592}},"data":{"simple":"15\/10\/2025","date_time":"15\/10\/2025 12:02:20","date":"h\u00e1 7 meses"},"chapeu":"Veja como ","source":"slide"},"_links":{"self":[{"href":"https:\/\/portalv1.com.br\/api\/wp\/v2\/posts\/244884","targetHints":{"allow":["GET"]}}],"collection":[{"href":"https:\/\/portalv1.com.br\/api\/wp\/v2\/posts"}],"about":[{"href":"https:\/\/portalv1.com.br\/api\/wp\/v2\/types\/post"}],"author":[{"embeddable":true,"href":"https:\/\/portalv1.com.br\/api\/wp\/v2\/users\/1"}],"replies":[{"embeddable":true,"href":"https:\/\/portalv1.com.br\/api\/wp\/v2\/comments?post=244884"}],"version-history":[{"count":0,"href":"https:\/\/portalv1.com.br\/api\/wp\/v2\/posts\/244884\/revisions"}],"wp:featuredmedia":[{"embeddable":true,"href":"https:\/\/portalv1.com.br\/api\/wp\/v2\/media\/244887"}],"wp:attachment":[{"href":"https:\/\/portalv1.com.br\/api\/wp\/v2\/media?parent=244884"}],"wp:term":[{"taxonomy":"category","embeddable":true,"href":"https:\/\/portalv1.com.br\/api\/wp\/v2\/categories?post=244884"},{"taxonomy":"post_tag","embeddable":true,"href":"https:\/\/portalv1.com.br\/api\/wp\/v2\/tags?post=244884"}],"curies":[{"name":"wp","href":"https:\/\/api.w.org\/{rel}","templated":true}]}}