{"id":245045,"date":"2025-10-17T09:50:00","date_gmt":"2025-10-17T12:50:00","guid":{"rendered":"https:\/\/portalv1.com.br\/?p=245045"},"modified":"2025-10-17T10:08:59","modified_gmt":"2025-10-17T13:08:59","slug":"hospital-regional-de-valenca-passa-a-ter-gestao-privada-e-preve-melhorias-no-atendimento","status":"publish","type":"post","link":"https:\/\/portalv1.com.br\/hospital-regional-de-valenca-passa-a-ter-gestao-privada-e-preve-melhorias-no-atendimento\/","title":{"rendered":"Hospital Regional de Valen\u00e7a passa a ter gest\u00e3o privada e prev\u00ea melhorias no atendimento"},"content":{"rendered":"\n<p>O Hospital Regional Eust\u00e1quio Portela, localizado em Valen\u00e7a do Piau\u00ed e respons\u00e1vel por atender toda a popula\u00e7\u00e3o do territ\u00f3rio do Vale do Sambito, passa por um novo momento de gest\u00e3o e melhorias. Recentemente, o hospital passou por reformas em sua estrutura f\u00edsica e recebeu novos equipamentos, como parte de um processo de moderniza\u00e7\u00e3o promovido pelo Governo do Estado do Piau\u00ed.<\/p>\n\n\n\n<p>A administra\u00e7\u00e3o da unidade foi concedida \u00e0 <a href=\"https:\/\/sbcdsaude.org.br\">Sociedade Brasileira Caminho de Damasco<\/a> (SBCD), vencedora do chamamento p\u00fablico realizado pela Secretaria de Estado da Sa\u00fade (Sesapi). A empresa assumiu oficialmente a gest\u00e3o do hospital no dia 01 de outubro, com o objetivo de aprimorar os servi\u00e7os e a qualidade do atendimento \u00e0 popula\u00e7\u00e3o. A empresa tamb\u00e9m gerencia a Central de Diagnostico ao lado do CSU.<\/p>\n\n\n\n<p>O Portal V1, entrou em contato com a assessoria de comunica\u00e7\u00e3o do hospital para saber como a unidade passa a funcionar depois da privatiza\u00e7\u00e3o. Em resposta, a assessoria informou que, al\u00e9m da reforma, j\u00e1 foram implementados novos leitos de observa\u00e7\u00e3o, uma sala de estabiliza\u00e7\u00e3o e o setor de tomografia. Tamb\u00e9m est\u00e1 sendo finalizada a separa\u00e7\u00e3o entre a \u00e1rea adulta e pedi\u00e1trica, o que deve melhorar o fluxo de atendimento e a seguran\u00e7a dos pacientes.<\/p>\n\n\n\n<p>A assessoria destacou que o hospital em breve contar\u00e1 com uma Unidade de Terapia Intensiva (UTI). Questionada sobre o prazo, ela informou que a previs\u00e3o de entrega da UTI \u00e9 at\u00e9 mar\u00e7o de 2026.<\/p>\n\n\n\n<p>Sobre o impacto da nova gest\u00e3o e poss\u00edveis comparativos com o per\u00edodo anterior, a assessoria explicou que, por a empresa estar \u00e0 frente da administra\u00e7\u00e3o h\u00e1 apenas 17 dias, ainda n\u00e3o foi poss\u00edvel implementar todas as mudan\u00e7as planejadas. Entretanto, ressaltou que j\u00e1 foi iniciado o processo de implanta\u00e7\u00e3o do modelo de administra\u00e7\u00e3o hospitalar da SBCD, com foco em efici\u00eancia, qualidade e seguran\u00e7a assistencial.<\/p>\n\n\n\n<p>Al\u00e9m das mudan\u00e7as estruturais e na amplia\u00e7\u00e3o dos servi\u00e7os, o Hospital Regional Eust\u00e1quio Portela de Valen\u00e7a tamb\u00e9m passou a contar com uma nova lideran\u00e7a \u00e0 frente da gest\u00e3o. A dire\u00e7\u00e3o est\u00e1 sob responsabilidade da diretora filha desta cidade, Dra. Carina Nunes, enfermeira, especialista em Sa\u00fade P\u00fablica e mestre em Sa\u00fade e Comunidade. <\/p>\n\n\n\n<figure class=\"wp-block-image size-large\"><img loading=\"lazy\" decoding=\"async\" width=\"640\" height=\"1138\" src=\"https:\/\/portalv1.com.br\/app\/wp-content\/uploads\/2025\/10\/WhatsApp-Image-2025-10-17-at-10.02.29-640x1138.jpeg\" alt=\"\" class=\"wp-image-245057\" srcset=\"https:\/\/portalv1.com.br\/app\/wp-content\/uploads\/2025\/10\/WhatsApp-Image-2025-10-17-at-10.02.29-640x1138.jpeg 640w, https:\/\/portalv1.com.br\/app\/wp-content\/uploads\/2025\/10\/WhatsApp-Image-2025-10-17-at-10.02.29-300x533.jpeg 300w, https:\/\/portalv1.com.br\/app\/wp-content\/uploads\/2025\/10\/WhatsApp-Image-2025-10-17-at-10.02.29-768x1365.jpeg 768w, https:\/\/portalv1.com.br\/app\/wp-content\/uploads\/2025\/10\/WhatsApp-Image-2025-10-17-at-10.02.29-864x1536.jpeg 864w, https:\/\/portalv1.com.br\/app\/wp-content\/uploads\/2025\/10\/WhatsApp-Image-2025-10-17-at-10.02.29.jpeg 900w\" sizes=\"auto, (max-width: 640px) 100vw, 640px\" \/><\/figure>\n\n\n\n<p>A valenciana assume o desafio de conduzir o hospital em uma nova fase, marcada pela reestrutura\u00e7\u00e3o administrativa e pelo fortalecimento da qualidade no atendimento \u00e0 popula\u00e7\u00e3o do Vale do Sambito.<\/p>\n\n\n\n<p>Com as mudan\u00e7as estruturais e a nova gest\u00e3o, a expectativa \u00e9 de que o Hospital Regional Eust\u00e1quio Portela melhore e amplie a oferta de servi\u00e7os oferecidos e garanta acesso r\u00e1pido e eficaz a toda popula\u00e7\u00e3o.<\/p>\n\n\n<div class=\"ngg-galleryoverview\" id=\"1\">\n              <div data-widget=\"Galeria\" data-props=\"{&quot;galeria&quot;:{&quot;max_page&quot;:1,&quot;total&quot;:6,&quot;gallery_id&quot;:1,&quot;images&quot;:[{&quot;thumbcode&quot;:&quot;https:\\\/\\\/portalv1.com.br\\\/app\\\/wp-content\\\/uploads\\\/2025\\\/10\\\/hospital-400x250.jpg&quot;,&quot;imageURL&quot;:&quot;https:\\\/\\\/portalv1.com.br\\\/app\\\/wp-content\\\/uploads\\\/2025\\\/10\\\/hospital.jpg&quot;,&quot;pid&quot;:245046,&quot;galleryid&quot;:1,&quot;description&quot;:&quot;&quot;,&quot;alttext&quot;:&quot;Hospital Regional de Valen\\u00e7a passa a ter gest\\u00e3o privada e prev\\u00ea melhorias no atendimento&quot;,&quot;thumbnailURL&quot;:&quot;https:\\\/\\\/portalv1.com.br\\\/app\\\/wp-content\\\/uploads\\\/2025\\\/10\\\/hospital-400x250.jpg&quot;,&quot;style&quot;:&quot;&quot;},{&quot;thumbcode&quot;:&quot;https:\\\/\\\/portalv1.com.br\\\/app\\\/wp-content\\\/uploads\\\/2025\\\/10\\\/Visita-Governador-Central-5-1024x576-1-400x250.jpg&quot;,&quot;imageURL&quot;:&quot;https:\\\/\\\/portalv1.com.br\\\/app\\\/wp-content\\\/uploads\\\/2025\\\/10\\\/Visita-Governador-Central-5-1024x576-1.jpg&quot;,&quot;pid&quot;:245047,&quot;galleryid&quot;:1,&quot;description&quot;:&quot;&quot;,&quot;alttext&quot;:&quot;Hospital Regional de Valen\\u00e7a passa a ter gest\\u00e3o privada e prev\\u00ea melhorias no atendimento&quot;,&quot;thumbnailURL&quot;:&quot;https:\\\/\\\/portalv1.com.br\\\/app\\\/wp-content\\\/uploads\\\/2025\\\/10\\\/Visita-Governador-Central-5-1024x576-1-400x250.jpg&quot;,&quot;style&quot;:&quot;&quot;},{&quot;thumbcode&quot;:&quot;https:\\\/\\\/portalv1.com.br\\\/app\\\/wp-content\\\/uploads\\\/2025\\\/10\\\/Visita-Governador-Central-8-400x250.jpg&quot;,&quot;imageURL&quot;:&quot;https:\\\/\\\/portalv1.com.br\\\/app\\\/wp-content\\\/uploads\\\/2025\\\/10\\\/Visita-Governador-Central-8.jpg&quot;,&quot;pid&quot;:245048,&quot;galleryid&quot;:1,&quot;description&quot;:&quot;&quot;,&quot;alttext&quot;:&quot;Hospital Regional de Valen\\u00e7a passa a ter gest\\u00e3o privada e prev\\u00ea melhorias no atendimento&quot;,&quot;thumbnailURL&quot;:&quot;https:\\\/\\\/portalv1.com.br\\\/app\\\/wp-content\\\/uploads\\\/2025\\\/10\\\/Visita-Governador-Central-8-400x250.jpg&quot;,&quot;style&quot;:&quot;&quot;},{&quot;thumbcode&quot;:&quot;https:\\\/\\\/portalv1.com.br\\\/app\\\/wp-content\\\/uploads\\\/2025\\\/10\\\/Implantacao-da-Centra-de-Diagnostico-e-Saude-Digital5-Gabriel-Torres-400x250.jpg&quot;,&quot;imageURL&quot;:&quot;https:\\\/\\\/portalv1.com.br\\\/app\\\/wp-content\\\/uploads\\\/2025\\\/10\\\/Implantacao-da-Centra-de-Diagnostico-e-Saude-Digital5-Gabriel-Torres.jpg&quot;,&quot;pid&quot;:245049,&quot;galleryid&quot;:1,&quot;description&quot;:&quot;&quot;,&quot;alttext&quot;:&quot;Hospital Regional de Valen\\u00e7a passa a ter gest\\u00e3o privada e prev\\u00ea melhorias no atendimento&quot;,&quot;thumbnailURL&quot;:&quot;https:\\\/\\\/portalv1.com.br\\\/app\\\/wp-content\\\/uploads\\\/2025\\\/10\\\/Implantacao-da-Centra-de-Diagnostico-e-Saude-Digital5-Gabriel-Torres-400x250.jpg&quot;,&quot;style&quot;:&quot;&quot;},{&quot;thumbcode&quot;:&quot;https:\\\/\\\/portalv1.com.br\\\/app\\\/wp-content\\\/uploads\\\/2025\\\/10\\\/WhatsApp-Image-2025-10-17-at-00.36.59-400x250.jpeg&quot;,&quot;imageURL&quot;:&quot;https:\\\/\\\/portalv1.com.br\\\/app\\\/wp-content\\\/uploads\\\/2025\\\/10\\\/WhatsApp-Image-2025-10-17-at-00.36.59.jpeg&quot;,&quot;pid&quot;:245050,&quot;galleryid&quot;:1,&quot;description&quot;:&quot;&quot;,&quot;alttext&quot;:&quot;Hospital Regional de Valen\\u00e7a passa a ter gest\\u00e3o privada e prev\\u00ea melhorias no atendimento&quot;,&quot;thumbnailURL&quot;:&quot;https:\\\/\\\/portalv1.com.br\\\/app\\\/wp-content\\\/uploads\\\/2025\\\/10\\\/WhatsApp-Image-2025-10-17-at-00.36.59-400x250.jpeg&quot;,&quot;style&quot;:&quot;&quot;},{&quot;thumbcode&quot;:&quot;https:\\\/\\\/portalv1.com.br\\\/app\\\/wp-content\\\/uploads\\\/2025\\\/10\\\/1a674ce1-b501-40de-9928-c1ac08764f34-400x250.jpeg&quot;,&quot;imageURL&quot;:&quot;https:\\\/\\\/portalv1.com.br\\\/app\\\/wp-content\\\/uploads\\\/2025\\\/10\\\/1a674ce1-b501-40de-9928-c1ac08764f34.jpeg&quot;,&quot;pid&quot;:245051,&quot;galleryid&quot;:1,&quot;description&quot;:&quot;&quot;,&quot;alttext&quot;:&quot;Hospital Regional de Valen\\u00e7a passa a ter gest\\u00e3o privada e prev\\u00ea melhorias no atendimento&quot;,&quot;thumbnailURL&quot;:&quot;https:\\\/\\\/portalv1.com.br\\\/app\\\/wp-content\\\/uploads\\\/2025\\\/10\\\/1a674ce1-b501-40de-9928-c1ac08764f34-400x250.jpeg&quot;,&quot;style&quot;:&quot;&quot;}]}}\"><\/div>\n            <\/div>","protected":false},"excerpt":{"rendered":"<p>O Hospital Regional Eust\u00e1quio Portela, localizado em Valen\u00e7a do Piau\u00ed e respons\u00e1vel por atender toda a popula\u00e7\u00e3o do territ\u00f3rio do Vale do Sambito, passa por um novo momento de gest\u00e3o&#8230;<\/p>\n","protected":false},"author":1,"featured_media":245046,"comment_status":"open","ping_status":"open","sticky":false,"template":"","format":"standard","meta":{"ngg_post_thumbnail":0,"footnotes":""},"categories":[243],"tags":[],"class_list":["post-245045","post","type-post","status-publish","format-standard","has-post-thumbnail","hentry","category-geral"],"views":1786,"meta_data":{"thumb":"https:\/\/portalv1.com.br\/app\/wp-content\/uploads\/2025\/10\/hospital.jpg","imagem":{"fullsize":{"url":"https:\/\/portalv1.com.br\/app\/wp-content\/uploads\/2025\/10\/hospital.jpg","width":1024,"height":576},"medium":{"url":"https:\/\/portalv1.com.br\/app\/wp-content\/uploads\/2025\/10\/hospital-300x169.jpg","width":300,"height":169},"large":{"url":"https:\/\/portalv1.com.br\/app\/wp-content\/uploads\/2025\/10\/hospital-640x360.jpg","width":640,"height":360},"thumbnail":{"url":"https:\/\/portalv1.com.br\/app\/wp-content\/uploads\/2025\/10\/hospital-100x100.jpg","width":100,"height":100},"medium_large":{"url":"https:\/\/portalv1.com.br\/app\/wp-content\/uploads\/2025\/10\/hospital-768x432.jpg","width":768,"height":432}},"data":{"simple":"17\/10\/2025","date_time":"17\/10\/2025 06:50:00","date":"h\u00e1 6 meses"},"chapeu":"Sociedade Brasileira Caminho de Damasco ","source":"slide"},"_links":{"self":[{"href":"https:\/\/portalv1.com.br\/api\/wp\/v2\/posts\/245045","targetHints":{"allow":["GET"]}}],"collection":[{"href":"https:\/\/portalv1.com.br\/api\/wp\/v2\/posts"}],"about":[{"href":"https:\/\/portalv1.com.br\/api\/wp\/v2\/types\/post"}],"author":[{"embeddable":true,"href":"https:\/\/portalv1.com.br\/api\/wp\/v2\/users\/1"}],"replies":[{"embeddable":true,"href":"https:\/\/portalv1.com.br\/api\/wp\/v2\/comments?post=245045"}],"version-history":[{"count":0,"href":"https:\/\/portalv1.com.br\/api\/wp\/v2\/posts\/245045\/revisions"}],"wp:featuredmedia":[{"embeddable":true,"href":"https:\/\/portalv1.com.br\/api\/wp\/v2\/media\/245046"}],"wp:attachment":[{"href":"https:\/\/portalv1.com.br\/api\/wp\/v2\/media?parent=245045"}],"wp:term":[{"taxonomy":"category","embeddable":true,"href":"https:\/\/portalv1.com.br\/api\/wp\/v2\/categories?post=245045"},{"taxonomy":"post_tag","embeddable":true,"href":"https:\/\/portalv1.com.br\/api\/wp\/v2\/tags?post=245045"}],"curies":[{"name":"wp","href":"https:\/\/api.w.org\/{rel}","templated":true}]}}