{"id":24521,"date":"2016-09-09T11:36:24","date_gmt":"2016-09-09T14:36:24","guid":{"rendered":"https:\/\/portalv1.com.br\/?p=24521"},"modified":"2016-09-11T17:49:02","modified_gmt":"2016-09-11T20:49:02","slug":"rubens-alencar-tem-nome-aprovado-pela-justica-eleitoral","status":"publish","type":"post","link":"https:\/\/portalv1.com.br\/rubens-alencar-tem-nome-aprovado-pela-justica-eleitoral\/","title":{"rendered":"Rubens Alencar tem nome aprovado pela Justi\u00e7a Eleitoral"},"content":{"rendered":"<figure id=\"attachment_24522\" aria-describedby=\"caption-attachment-24522\" style=\"width: 640px\" class=\"wp-caption aligncenter\"><a href=\"https:\/\/portalv1.com.br\/app\/wp-content\/uploads\/2016\/09\/dsc_0353.jpg\"><img loading=\"lazy\" decoding=\"async\" class=\"size-large wp-image-24522\" src=\"https:\/\/portalv1.com.br\/app\/wp-content\/uploads\/2016\/09\/dsc_0353-640x427.jpg\" alt=\"Governador Wellington Dias e Rubens Alencar (foto de arquivo)\" width=\"640\" height=\"427\" srcset=\"https:\/\/portalv1.com.br\/app\/wp-content\/uploads\/2016\/09\/dsc_0353.jpg 640w, https:\/\/portalv1.com.br\/app\/wp-content\/uploads\/2016\/09\/dsc_0353-300x200.jpg 300w\" sizes=\"auto, (max-width: 640px) 100vw, 640px\" \/><\/a><figcaption id=\"caption-attachment-24522\" class=\"wp-caption-text\">Governador Wellington Dias e Rubens Alencar (foto de arquivo)<\/figcaption><\/figure>\n<p>A Justi\u00e7a Eleitoral e o Minist\u00e9rio Publico Eleitoral n\u00e3o encontraram nenhuma irregularidade no processo eleitoral do candidato a vereador Rubens Alencar que teve seus votos nulos na elei\u00e7\u00e3o de 2012, quando concorria ao cargo de prefeito.<\/p>\n<p>Seu Deferimento esclarece uma duvida que durava quase quatro anos se ele estava ou n\u00e3o apto para concorrer ao pleito nas elei\u00e7\u00f5es desse ano. Essa duvida custou de certa forma sua indica\u00e7\u00e3o ao cargo de prefeito, uma vez, que ele teria que se concentrar em duas frentes, a candidatura propriamente dita e a de convencer seus eleitores de que n\u00e3o havia empecilho.<\/p>\n<p>Com essa duvida o PMDB indicou sua esposa Liduina Alencar para cargo de prefeito.<\/p>\n<p>Apesar de n\u00e3o ser candidato a prefeito o desafio do candidato n\u00e3o diminuiu. Ele precisa ser eleito e com vota\u00e7\u00e3o expressiva, uma vez, que o mesmo \u00e9 apontado como a segunda referencia politica individual ao lado do ex-prefeito Alc\u00e2ntara, al\u00e9m de contar com o apoio da vice-governadora Margarete Coelho e do pr\u00f3prio governador Wellington Dias que agradeceu ao mesmo por ter ficado ao seu lado nas elei\u00e7\u00f5es de 2014, contrariando seu partido que estava no poder e tinha o ex-governador Z\u00e9 Filho como cabe\u00e7a de chapa.<\/p>\n","protected":false},"excerpt":{"rendered":"<p>A Justi\u00e7a Eleitoral e o Minist\u00e9rio Publico Eleitoral n\u00e3o encontraram nenhuma irregularidade no processo eleitoral do candidato a vereador Rubens Alencar que teve seus votos nulos na elei\u00e7\u00e3o de 2012,&#8230;<\/p>\n","protected":false},"author":1,"featured_media":24522,"comment_status":"open","ping_status":"open","sticky":false,"template":"","format":"standard","meta":{"ngg_post_thumbnail":0,"footnotes":""},"categories":[12],"tags":[],"class_list":["post-24521","post","type-post","status-publish","format-standard","has-post-thumbnail","hentry","category-valenca-news"],"views":667,"meta_data":{"thumb":"https:\/\/portalv1.com.br\/app\/wp-content\/uploads\/2016\/09\/dsc_0353.jpg","imagem":{"fullsize":{"url":"https:\/\/portalv1.com.br\/app\/wp-content\/uploads\/2016\/09\/dsc_0353.jpg","width":640,"height":427},"thumbnail":{"url":"https:\/\/portalv1.com.br\/app\/wp-content\/uploads\/2016\/09\/dsc_0353-100x100.jpg","width":100,"height":100},"medium":{"url":"https:\/\/portalv1.com.br\/app\/wp-content\/uploads\/2016\/09\/dsc_0353-300x200.jpg","width":300,"height":200},"large":{"url":"https:\/\/portalv1.com.br\/app\/wp-content\/uploads\/2016\/09\/dsc_0353-640x427.jpg","width":640,"height":427}},"data":{"simple":"09\/09\/2016","date_time":"09\/09\/2016 08:36:24","date":"h\u00e1 10 anos"},"chapeu":"Elei\u00e7\u00f5es 2016","source":"foto_menor"},"_links":{"self":[{"href":"https:\/\/portalv1.com.br\/api\/wp\/v2\/posts\/24521","targetHints":{"allow":["GET"]}}],"collection":[{"href":"https:\/\/portalv1.com.br\/api\/wp\/v2\/posts"}],"about":[{"href":"https:\/\/portalv1.com.br\/api\/wp\/v2\/types\/post"}],"author":[{"embeddable":true,"href":"https:\/\/portalv1.com.br\/api\/wp\/v2\/users\/1"}],"replies":[{"embeddable":true,"href":"https:\/\/portalv1.com.br\/api\/wp\/v2\/comments?post=24521"}],"version-history":[{"count":0,"href":"https:\/\/portalv1.com.br\/api\/wp\/v2\/posts\/24521\/revisions"}],"wp:featuredmedia":[{"embeddable":true,"href":"https:\/\/portalv1.com.br\/api\/wp\/v2\/media\/24522"}],"wp:attachment":[{"href":"https:\/\/portalv1.com.br\/api\/wp\/v2\/media?parent=24521"}],"wp:term":[{"taxonomy":"category","embeddable":true,"href":"https:\/\/portalv1.com.br\/api\/wp\/v2\/categories?post=24521"},{"taxonomy":"post_tag","embeddable":true,"href":"https:\/\/portalv1.com.br\/api\/wp\/v2\/tags?post=24521"}],"curies":[{"name":"wp","href":"https:\/\/api.w.org\/{rel}","templated":true}]}}