{"id":245423,"date":"2025-10-22T21:45:00","date_gmt":"2025-10-23T00:45:00","guid":{"rendered":"https:\/\/portalv1.com.br\/?p=245423"},"modified":"2025-10-22T20:48:26","modified_gmt":"2025-10-22T23:48:26","slug":"prefeitura-de-valenca-entrega-novos-equipamentos-de-protecao-individual-aos-brigadistas-municipais","status":"publish","type":"post","link":"https:\/\/portalv1.com.br\/prefeitura-de-valenca-entrega-novos-equipamentos-de-protecao-individual-aos-brigadistas-municipais\/","title":{"rendered":"Prefeitura de Valen\u00e7a entrega novos equipamentos de prote\u00e7\u00e3o individual aos brigadistas municipais"},"content":{"rendered":"\n<p>A Prefeitura Municipal de Valen\u00e7a do Piau\u00ed, por meio da Secretaria de Meio Ambiente, realizou nesta quarta-feira (22) a entrega de novos equipamentos de prote\u00e7\u00e3o individual (EPIs) para os brigadistas que atuam no combate a inc\u00eandios florestais no munic\u00edpio.<\/p>\n\n\n\n<p>O vice-coordenador da Brigada Municipal de Inc\u00eandios Florestais, Alexandre Nunes, destacou a import\u00e2ncia da a\u00e7\u00e3o para a seguran\u00e7a da equipe. \u201cEstamos hoje na Brigada Municipal de Inc\u00eandios Florestais para receber mais uma etapa importante dos materiais de combate a inc\u00eandio, hoje n\u00f3s recebemos os materiais de prote\u00e7\u00e3o individual, os EPIs, que \u00e9 para prote\u00e7\u00e3o do brigadista\u201d, disse.<\/p>\n\n\n\n<p>O secret\u00e1rio municipal de Meio Ambiente, Adnan Lima, ressaltou que os equipamentos s\u00e3o fundamentais para o trabalho di\u00e1rio dos brigadistas e que a entrega \u00e9 parte de uma rotina anual de fortalecimento das a\u00e7\u00f5es ambientais.<\/p>\n\n\n\n<p>\u201cEstamos aqui mais uma vez para fazer a entrega para os nossos brigadistas dos materiais que eles utilizam em combates a inc\u00eandio, captura de animais, dentre outros. Esse ano, assim como rotineiramente nos anos passados, vamos fazer a entrega de bon\u00e9s, \u00f3culos, luvas, balaclavas, dentre outros\u201d, citou.<\/p>\n\n\n\n<p>Adnan Lima tamb\u00e9m destacou o apoio da gest\u00e3o municipal na valoriza\u00e7\u00e3o da equipe e nas a\u00e7\u00f5es de preserva\u00e7\u00e3o ambiental. \u201cAgradecer ao nosso prefeito Marcelo Costa pelo apoio dado aos nossos brigadistas e concedendo realmente esses materiais que ser\u00e3o de muito proveito para todos e para a nossa popula\u00e7\u00e3o de Valen\u00e7a\u201d, destacou.<\/p>\n\n\n\n<p>Com a entrega dos novos EPIs, os brigadistas de Valen\u00e7a do Piau\u00ed refor\u00e7am a prepara\u00e7\u00e3o para o per\u00edodo de maior risco de queimadas, garantindo mais seguran\u00e7a e efici\u00eancia nas a\u00e7\u00f5es de preven\u00e7\u00e3o e combate aos inc\u00eandios florestais.<\/p>\n\n\n<figure class=\"wp-block-post-featured-image\"><img loading=\"lazy\" decoding=\"async\" width=\"1600\" height=\"1200\" src=\"https:\/\/portalv1.com.br\/app\/wp-content\/uploads\/2025\/10\/IMG_5544.jpg\" class=\"attachment-post-thumbnail size-post-thumbnail wp-post-image\" alt=\"\" style=\"object-fit:cover;\" srcset=\"https:\/\/portalv1.com.br\/app\/wp-content\/uploads\/2025\/10\/IMG_5544.jpg 1600w, https:\/\/portalv1.com.br\/app\/wp-content\/uploads\/2025\/10\/IMG_5544-300x225.jpg 300w, https:\/\/portalv1.com.br\/app\/wp-content\/uploads\/2025\/10\/IMG_5544-640x480.jpg 640w, https:\/\/portalv1.com.br\/app\/wp-content\/uploads\/2025\/10\/IMG_5544-768x576.jpg 768w, https:\/\/portalv1.com.br\/app\/wp-content\/uploads\/2025\/10\/IMG_5544-1536x1152.jpg 1536w\" sizes=\"auto, (max-width: 1600px) 100vw, 1600px\" \/><\/figure>","protected":false},"excerpt":{"rendered":"<p>A Prefeitura Municipal de Valen\u00e7a do Piau\u00ed, por meio da Secretaria de Meio Ambiente, realizou nesta quarta-feira (22) a entrega de novos equipamentos de prote\u00e7\u00e3o individual (EPIs) para os brigadistas&#8230;<\/p>\n","protected":false},"author":1,"featured_media":245424,"comment_status":"open","ping_status":"open","sticky":false,"template":"","format":"standard","meta":{"ngg_post_thumbnail":0,"footnotes":""},"categories":[243],"tags":[],"class_list":["post-245423","post","type-post","status-publish","format-standard","has-post-thumbnail","hentry","category-geral"],"views":155,"meta_data":{"thumb":"https:\/\/portalv1.com.br\/app\/wp-content\/uploads\/2025\/10\/IMG_5544.jpg","imagem":{"fullsize":{"url":"https:\/\/portalv1.com.br\/app\/wp-content\/uploads\/2025\/10\/IMG_5544.jpg","width":1600,"height":1200},"medium":{"url":"https:\/\/portalv1.com.br\/app\/wp-content\/uploads\/2025\/10\/IMG_5544-300x225.jpg","width":300,"height":225},"large":{"url":"https:\/\/portalv1.com.br\/app\/wp-content\/uploads\/2025\/10\/IMG_5544-640x480.jpg","width":640,"height":480},"thumbnail":{"url":"https:\/\/portalv1.com.br\/app\/wp-content\/uploads\/2025\/10\/IMG_5544-100x100.jpg","width":100,"height":100},"medium_large":{"url":"https:\/\/portalv1.com.br\/app\/wp-content\/uploads\/2025\/10\/IMG_5544-768x576.jpg","width":768,"height":576},"1536x1536":{"url":"https:\/\/portalv1.com.br\/app\/wp-content\/uploads\/2025\/10\/IMG_5544-1536x1152.jpg","width":1536,"height":1152}},"data":{"simple":"22\/10\/2025","date_time":"22\/10\/2025 18:45:00","date":"h\u00e1 6 meses"},"chapeu":"Veja como foi ","source":"slide"},"_links":{"self":[{"href":"https:\/\/portalv1.com.br\/api\/wp\/v2\/posts\/245423","targetHints":{"allow":["GET"]}}],"collection":[{"href":"https:\/\/portalv1.com.br\/api\/wp\/v2\/posts"}],"about":[{"href":"https:\/\/portalv1.com.br\/api\/wp\/v2\/types\/post"}],"author":[{"embeddable":true,"href":"https:\/\/portalv1.com.br\/api\/wp\/v2\/users\/1"}],"replies":[{"embeddable":true,"href":"https:\/\/portalv1.com.br\/api\/wp\/v2\/comments?post=245423"}],"version-history":[{"count":0,"href":"https:\/\/portalv1.com.br\/api\/wp\/v2\/posts\/245423\/revisions"}],"wp:featuredmedia":[{"embeddable":true,"href":"https:\/\/portalv1.com.br\/api\/wp\/v2\/media\/245424"}],"wp:attachment":[{"href":"https:\/\/portalv1.com.br\/api\/wp\/v2\/media?parent=245423"}],"wp:term":[{"taxonomy":"category","embeddable":true,"href":"https:\/\/portalv1.com.br\/api\/wp\/v2\/categories?post=245423"},{"taxonomy":"post_tag","embeddable":true,"href":"https:\/\/portalv1.com.br\/api\/wp\/v2\/tags?post=245423"}],"curies":[{"name":"wp","href":"https:\/\/api.w.org\/{rel}","templated":true}]}}