{"id":24543,"date":"2016-09-13T12:34:14","date_gmt":"2016-09-13T15:34:14","guid":{"rendered":"https:\/\/portalv1.com.br\/?p=24543"},"modified":"2016-09-16T23:23:08","modified_gmt":"2016-09-17T02:23:08","slug":"senac-valenca-divulga-agenda-de-cursos-para-2o-semestre","status":"publish","type":"post","link":"https:\/\/portalv1.com.br\/senac-valenca-divulga-agenda-de-cursos-para-2o-semestre\/","title":{"rendered":"SENAC Valen\u00e7a divulga agenda de cursos para 2\u00ba semestre"},"content":{"rendered":"<p>O SENAC Valen\u00e7a est\u00e1 com a sua programa\u00e7\u00e3o de cursos comercias para os meses de setembro, outubro e novembro, uma programa\u00e7\u00e3o voltada especialmente pra voc\u00ea, que quer seu espa\u00e7o no mercado de trabalho, pra voc\u00ea que busca se qualificar com a melhor institui\u00e7\u00e3o de educa\u00e7\u00e3o profissional.<\/p>\n<p>S\u00e3o cursos nos segmentos de idiomas, gest\u00e3o, inform\u00e1tica, beleza, com\u00e9rcio, sa\u00fade, educacional, hospitalidade e moda na modalidade presencial e a dist\u00e2ncia, atrav\u00e9s da rede SENAC EAD.<\/p>\n<p>O SENAC est\u00e1 a 70 anos mudando a vida de milhares de brasileiros, aqui voc\u00ea encontra um ambiente agrad\u00e1vel, estrutura de qualidade, material did\u00e1tico exclusivo, voltado diretamente para o seu curso com aulas din\u00e2micas e focadas na pr\u00e1tica profissional, profissionais qualificados, certificado reconhecido nacionalmente e com o respaldo que s\u00f3 o SENAC tem a oferecer, al\u00e9m disso, dispomos de forma de pagamento acess\u00edvel e aqui voc\u00ea tem a certeza que est\u00e1 se preparando com quem entende de Educa\u00e7\u00e3o Profissional.<\/p>\n<p>Venha para o SENAC! Seja o diferencial, invista em voc\u00ea, fa\u00e7a cursos no SENAC de Valen\u00e7a!<\/p>\n<p>Mais informa\u00e7\u00f5es procure o setor de matr\u00edculas da unidade operacional de Valen\u00e7a que est\u00e1 localizada ao lado do Terminal Rodovi\u00e1rio ou ligue 89 34651066.<\/p>\n<p>Veja abaixo a programa\u00e7\u00e3o:<\/p>\n<p><a href=\"https:\/\/portalv1.com.br\/app\/wp-content\/uploads\/2016\/09\/senac.jpg\"><img loading=\"lazy\" decoding=\"async\" class=\"aligncenter size-large wp-image-24545\" src=\"https:\/\/portalv1.com.br\/app\/wp-content\/uploads\/2016\/09\/senac-640x480.jpg\" alt=\"senac\" width=\"640\" height=\"480\" srcset=\"https:\/\/portalv1.com.br\/app\/wp-content\/uploads\/2016\/09\/senac-640x480.jpg 640w, https:\/\/portalv1.com.br\/app\/wp-content\/uploads\/2016\/09\/senac-300x225.jpg 300w, https:\/\/portalv1.com.br\/app\/wp-content\/uploads\/2016\/09\/senac-768x576.jpg 768w, https:\/\/portalv1.com.br\/app\/wp-content\/uploads\/2016\/09\/senac.jpg 960w\" sizes=\"auto, (max-width: 640px) 100vw, 640px\" \/><\/a><\/p>\n","protected":false},"excerpt":{"rendered":"<p>O SENAC Valen\u00e7a est\u00e1 com a sua programa\u00e7\u00e3o de cursos comercias para os meses de setembro, outubro e novembro, uma programa\u00e7\u00e3o voltada especialmente pra voc\u00ea, que quer seu espa\u00e7o no&#8230;<\/p>\n","protected":false},"author":1,"featured_media":24544,"comment_status":"open","ping_status":"open","sticky":false,"template":"","format":"standard","meta":{"ngg_post_thumbnail":0,"footnotes":""},"categories":[12],"tags":[],"class_list":["post-24543","post","type-post","status-publish","format-standard","has-post-thumbnail","hentry","category-valenca-news"],"views":895,"meta_data":{"thumb":"https:\/\/portalv1.com.br\/app\/wp-content\/uploads\/2016\/09\/senac-2.jpg","imagem":{"fullsize":{"url":"https:\/\/portalv1.com.br\/app\/wp-content\/uploads\/2016\/09\/senac-2.jpg","width":478,"height":396},"thumbnail":{"url":"https:\/\/portalv1.com.br\/app\/wp-content\/uploads\/2016\/09\/senac-2-100x100.jpg","width":100,"height":100},"medium":{"url":"https:\/\/portalv1.com.br\/app\/wp-content\/uploads\/2016\/09\/senac-2-300x249.jpg","width":300,"height":249}},"data":{"simple":"13\/09\/2016","date_time":"13\/09\/2016 09:34:14","date":"h\u00e1 10 anos"},"chapeu":"Veja rela\u00e7\u00e3o ","source":"foto_menor"},"_links":{"self":[{"href":"https:\/\/portalv1.com.br\/api\/wp\/v2\/posts\/24543","targetHints":{"allow":["GET"]}}],"collection":[{"href":"https:\/\/portalv1.com.br\/api\/wp\/v2\/posts"}],"about":[{"href":"https:\/\/portalv1.com.br\/api\/wp\/v2\/types\/post"}],"author":[{"embeddable":true,"href":"https:\/\/portalv1.com.br\/api\/wp\/v2\/users\/1"}],"replies":[{"embeddable":true,"href":"https:\/\/portalv1.com.br\/api\/wp\/v2\/comments?post=24543"}],"version-history":[{"count":0,"href":"https:\/\/portalv1.com.br\/api\/wp\/v2\/posts\/24543\/revisions"}],"wp:featuredmedia":[{"embeddable":true,"href":"https:\/\/portalv1.com.br\/api\/wp\/v2\/media\/24544"}],"wp:attachment":[{"href":"https:\/\/portalv1.com.br\/api\/wp\/v2\/media?parent=24543"}],"wp:term":[{"taxonomy":"category","embeddable":true,"href":"https:\/\/portalv1.com.br\/api\/wp\/v2\/categories?post=24543"},{"taxonomy":"post_tag","embeddable":true,"href":"https:\/\/portalv1.com.br\/api\/wp\/v2\/tags?post=24543"}],"curies":[{"name":"wp","href":"https:\/\/api.w.org\/{rel}","templated":true}]}}