{"id":24550,"date":"2016-09-13T17:19:17","date_gmt":"2016-09-13T20:19:17","guid":{"rendered":"https:\/\/portalv1.com.br\/?p=24550"},"modified":"2016-09-13T17:40:09","modified_gmt":"2016-09-13T20:40:09","slug":"prefeitura-de-novo-oriente-por-falta-de-pagamento-tem-energia-cortada","status":"publish","type":"post","link":"https:\/\/portalv1.com.br\/prefeitura-de-novo-oriente-por-falta-de-pagamento-tem-energia-cortada\/","title":{"rendered":"Eletrobr\u00e1s Piau\u00ed corta energia da Prefeitura de Novo Oriente"},"content":{"rendered":"<figure id=\"attachment_24551\" aria-describedby=\"caption-attachment-24551\" style=\"width: 600px\" class=\"wp-caption aligncenter\"><a href=\"https:\/\/portalv1.com.br\/app\/wp-content\/uploads\/2016\/09\/prefeitura-.jpg\"><img loading=\"lazy\" decoding=\"async\" class=\"size-full wp-image-24551\" src=\"https:\/\/portalv1.com.br\/app\/wp-content\/uploads\/2016\/09\/prefeitura-.jpg\" alt=\"Entrada de Novo Oriente \" width=\"600\" height=\"450\" srcset=\"https:\/\/portalv1.com.br\/app\/wp-content\/uploads\/2016\/09\/prefeitura-.jpg 600w, https:\/\/portalv1.com.br\/app\/wp-content\/uploads\/2016\/09\/prefeitura--300x225.jpg 300w\" sizes=\"auto, (max-width: 600px) 100vw, 600px\" \/><\/a><figcaption id=\"caption-attachment-24551\" class=\"wp-caption-text\">Entrada de Novo Oriente<\/figcaption><\/figure>\n<p>A sede da Prefeitura de Novo Oriente teve a energia el\u00e9trica cortada nesta ter\u00e7a-feira 13 de setembro por falta de pagamento. Sem energia, as atividades foram suspensas na Prefeitura de Novo Oriente que fica a menos de 30 km de Valen\u00e7a.<\/p>\n<p>Dias atr\u00e1s a Eletrobr\u00e1s Piau\u00ed j\u00e1 havia estado na cidade cortando o fornecimento de energia em unidade escolar.<\/p>\n<p>O corte no fornecimento de energia na prefeitura de Novo Oriente foi confirmado pelo escrit\u00f3rio da Eletrobr\u00e1s Piau\u00ed de Valen\u00e7a. Rafaela Lopes que responde pela Eletrobr\u00e1s Piau\u00ed n\u00e3o soube informar o valor devido pela prefeitura de Novo Oriente.<\/p>\n","protected":false},"excerpt":{"rendered":"<p>A sede da Prefeitura de Novo Oriente teve a energia el\u00e9trica cortada nesta ter\u00e7a-feira 13 de setembro por falta de pagamento. Sem energia, as atividades foram suspensas na Prefeitura de&#8230;<\/p>\n","protected":false},"author":1,"featured_media":24551,"comment_status":"open","ping_status":"open","sticky":false,"template":"","format":"standard","meta":{"ngg_post_thumbnail":0,"footnotes":""},"categories":[12],"tags":[],"class_list":["post-24550","post","type-post","status-publish","format-standard","has-post-thumbnail","hentry","category-valenca-news"],"views":1827,"meta_data":{"thumb":"https:\/\/portalv1.com.br\/app\/wp-content\/uploads\/2016\/09\/prefeitura-.jpg","imagem":{"fullsize":{"url":"https:\/\/portalv1.com.br\/app\/wp-content\/uploads\/2016\/09\/prefeitura-.jpg","width":600,"height":450},"thumbnail":{"url":"https:\/\/portalv1.com.br\/app\/wp-content\/uploads\/2016\/09\/prefeitura--100x100.jpg","width":100,"height":100},"medium":{"url":"https:\/\/portalv1.com.br\/app\/wp-content\/uploads\/2016\/09\/prefeitura--300x225.jpg","width":300,"height":225}},"data":{"simple":"13\/09\/2016","date_time":"13\/09\/2016 14:19:17","date":"h\u00e1 10 anos"},"chapeu":"Falta de pagamento ","source":"slide"},"_links":{"self":[{"href":"https:\/\/portalv1.com.br\/api\/wp\/v2\/posts\/24550","targetHints":{"allow":["GET"]}}],"collection":[{"href":"https:\/\/portalv1.com.br\/api\/wp\/v2\/posts"}],"about":[{"href":"https:\/\/portalv1.com.br\/api\/wp\/v2\/types\/post"}],"author":[{"embeddable":true,"href":"https:\/\/portalv1.com.br\/api\/wp\/v2\/users\/1"}],"replies":[{"embeddable":true,"href":"https:\/\/portalv1.com.br\/api\/wp\/v2\/comments?post=24550"}],"version-history":[{"count":0,"href":"https:\/\/portalv1.com.br\/api\/wp\/v2\/posts\/24550\/revisions"}],"wp:featuredmedia":[{"embeddable":true,"href":"https:\/\/portalv1.com.br\/api\/wp\/v2\/media\/24551"}],"wp:attachment":[{"href":"https:\/\/portalv1.com.br\/api\/wp\/v2\/media?parent=24550"}],"wp:term":[{"taxonomy":"category","embeddable":true,"href":"https:\/\/portalv1.com.br\/api\/wp\/v2\/categories?post=24550"},{"taxonomy":"post_tag","embeddable":true,"href":"https:\/\/portalv1.com.br\/api\/wp\/v2\/tags?post=24550"}],"curies":[{"name":"wp","href":"https:\/\/api.w.org\/{rel}","templated":true}]}}