{"id":24563,"date":"2016-09-16T23:20:58","date_gmt":"2016-09-17T02:20:58","guid":{"rendered":"https:\/\/portalv1.com.br\/?p=24563"},"modified":"2016-09-22T21:57:04","modified_gmt":"2016-09-23T00:57:04","slug":"renovacao-na-camara-de-valenca-sera-de-mais-de-60","status":"publish","type":"post","link":"https:\/\/portalv1.com.br\/renovacao-na-camara-de-valenca-sera-de-mais-de-60\/","title":{"rendered":"Renova\u00e7\u00e3o na C\u00e2mara de Valen\u00e7a ser\u00e1 de mais de 60%"},"content":{"rendered":"<figure id=\"attachment_21725\" aria-describedby=\"caption-attachment-21725\" style=\"width: 640px\" class=\"wp-caption aligncenter\"><a href=\"https:\/\/portalv1.com.br\/app\/wp-content\/uploads\/2015\/09\/camara.jpg\"><img loading=\"lazy\" decoding=\"async\" class=\"size-large wp-image-21725\" src=\"https:\/\/portalv1.com.br\/app\/wp-content\/uploads\/2015\/09\/camara-640x480.jpg\" alt=\"C\u00e2mara de Vereadores \" width=\"640\" height=\"480\" srcset=\"https:\/\/portalv1.com.br\/app\/wp-content\/uploads\/2015\/09\/camara.jpg 640w, https:\/\/portalv1.com.br\/app\/wp-content\/uploads\/2015\/09\/camara-300x225.jpg 300w\" sizes=\"auto, (max-width: 640px) 100vw, 640px\" \/><\/a><figcaption id=\"caption-attachment-21725\" class=\"wp-caption-text\">C\u00e2mara de Vereadores<\/figcaption><\/figure>\n<p>Entre as poucas certezas que se tem dessas elei\u00e7\u00f5es em Valen\u00e7a a renova\u00e7\u00e3o da C\u00e2mara de Vereadores \u00e9 uma delas. Seis das onze cadeiras n\u00e3o ser\u00e3o ocupadas pelos atuais vereadores que ou decidiram se candidatar ao Executivo ou abdicaram da disputa por esse ou aquele motivo.<\/p>\n<p>Apesar de ser considerada por muitos observadores como uma legislatura regular, os vereadores foram valorizados nessa disputa.<\/p>\n<p>Desses seis, dois (Get\u00falio Gomes e Cei\u00e7a Dias) est\u00e3o disputado a cadeira de prefeito e dois a de vice no caso dos Ben\u00e9 da Caixa vice da candidata Cei\u00e7a Dias e Dr. Jose Itamar vice do candidato Marcelo Costa.<\/p>\n<p>A vereadora Ielva Mel\u00e3o e Valdefran Vieira decidiram n\u00e3o disputar reelei\u00e7\u00e3o. Com seis vagas em abertos, a disputa est\u00e1 atraiu muitos pretendentes. Esse ano 63, candidatos disputam essas seis cadeiras e claro as outras cinco que n\u00e3o s\u00e3o cativas.<\/p>\n","protected":false},"excerpt":{"rendered":"<p>Entre as poucas certezas que se tem dessas elei\u00e7\u00f5es em Valen\u00e7a a renova\u00e7\u00e3o da C\u00e2mara de Vereadores \u00e9 uma delas. Seis das onze cadeiras n\u00e3o ser\u00e3o ocupadas pelos atuais vereadores&#8230;<\/p>\n","protected":false},"author":1,"featured_media":24466,"comment_status":"open","ping_status":"open","sticky":false,"template":"","format":"standard","meta":{"ngg_post_thumbnail":0,"footnotes":""},"categories":[12],"tags":[],"class_list":["post-24563","post","type-post","status-publish","format-standard","has-post-thumbnail","hentry","category-valenca-news"],"views":644,"meta_data":{"thumb":"https:\/\/portalv1.com.br\/app\/wp-content\/uploads\/2016\/09\/cama.jpg","imagem":{"fullsize":{"url":"https:\/\/portalv1.com.br\/app\/wp-content\/uploads\/2016\/09\/cama.jpg","width":640,"height":480},"thumbnail":{"url":"https:\/\/portalv1.com.br\/app\/wp-content\/uploads\/2016\/09\/cama-100x100.jpg","width":100,"height":100},"medium":{"url":"https:\/\/portalv1.com.br\/app\/wp-content\/uploads\/2016\/09\/cama-300x225.jpg","width":300,"height":225},"large":{"url":"https:\/\/portalv1.com.br\/app\/wp-content\/uploads\/2016\/09\/cama-640x480.jpg","width":640,"height":480}},"data":{"simple":"16\/09\/2016","date_time":"16\/09\/2016 20:20:58","date":"h\u00e1 10 anos"},"chapeu":"Elei\u00e7\u00f5es 2016","source":"foto_menor"},"_links":{"self":[{"href":"https:\/\/portalv1.com.br\/api\/wp\/v2\/posts\/24563","targetHints":{"allow":["GET"]}}],"collection":[{"href":"https:\/\/portalv1.com.br\/api\/wp\/v2\/posts"}],"about":[{"href":"https:\/\/portalv1.com.br\/api\/wp\/v2\/types\/post"}],"author":[{"embeddable":true,"href":"https:\/\/portalv1.com.br\/api\/wp\/v2\/users\/1"}],"replies":[{"embeddable":true,"href":"https:\/\/portalv1.com.br\/api\/wp\/v2\/comments?post=24563"}],"version-history":[{"count":0,"href":"https:\/\/portalv1.com.br\/api\/wp\/v2\/posts\/24563\/revisions"}],"wp:featuredmedia":[{"embeddable":true,"href":"https:\/\/portalv1.com.br\/api\/wp\/v2\/media\/24466"}],"wp:attachment":[{"href":"https:\/\/portalv1.com.br\/api\/wp\/v2\/media?parent=24563"}],"wp:term":[{"taxonomy":"category","embeddable":true,"href":"https:\/\/portalv1.com.br\/api\/wp\/v2\/categories?post=24563"},{"taxonomy":"post_tag","embeddable":true,"href":"https:\/\/portalv1.com.br\/api\/wp\/v2\/tags?post=24563"}],"curies":[{"name":"wp","href":"https:\/\/api.w.org\/{rel}","templated":true}]}}