{"id":245984,"date":"2025-10-30T12:21:24","date_gmt":"2025-10-30T15:21:24","guid":{"rendered":"https:\/\/portalv1.com.br\/?p=245984"},"modified":"2025-10-30T12:21:24","modified_gmt":"2025-10-30T15:21:24","slug":"tribunal-do-juri-em-inhuma-condena-reu-a-mais-de-22-anos-de-prisao","status":"publish","type":"post","link":"https:\/\/portalv1.com.br\/tribunal-do-juri-em-inhuma-condena-reu-a-mais-de-22-anos-de-prisao\/","title":{"rendered":"Tribunal do J\u00fari em Inhuma condena r\u00e9u a mais de 22 anos de pris\u00e3o"},"content":{"rendered":"\n<p>O Minist\u00e9rio P\u00fablico do Piau\u00ed (MPPI), por meio do promotor de Justi\u00e7a Jess\u00e9 Mineiro de Abreu, atuou em sess\u00e3o de Tribunal do J\u00fari da Comarca de Inhuma, realizada no \u00faltimo dia 24 de outubro.<\/p>\n\n\n\n<p>O r\u00e9u Lucas Freitas Rodrigues Lima foi condenado por homic\u00eddio, com reconhecimento das qualificadoras de motivo torpe e recurso que dificultou a defesa da v\u00edtima. A pena foi fixada em 22 anos e oito meses de reclus\u00e3o, em regime fechado, a ser cumprida na Penitenci\u00e1ria Jos\u00e9 de Deus Barros, em Picos. Lucas Lima foi julgado pelo homic\u00eddio de Francisco Silv\u00e2nio Gomes, ocorrido em maio de 2023.<\/p>\n\n\n\n<p>Ap\u00f3s os debates entre acusa\u00e7\u00e3o e defesa, o Conselho de Senten\u00e7a decidiu pela condena\u00e7\u00e3o do r\u00e9u. A senten\u00e7a foi proferida pela ju\u00edza de Direito Luciana Cl\u00e1udia Medeiros de Souza Brilhante, presidente do Tribunal do J\u00fari.<\/p>\n\n\n<figure class=\"wp-block-post-featured-image\"><img loading=\"lazy\" decoding=\"async\" width=\"768\" height=\"988\" src=\"https:\/\/portalv1.com.br\/app\/wp-content\/uploads\/2025\/10\/tce.jpeg\" class=\"attachment-post-thumbnail size-post-thumbnail wp-post-image\" alt=\"\" style=\"object-fit:cover;\" srcset=\"https:\/\/portalv1.com.br\/app\/wp-content\/uploads\/2025\/10\/tce.jpeg 768w, https:\/\/portalv1.com.br\/app\/wp-content\/uploads\/2025\/10\/tce-300x386.jpeg 300w, https:\/\/portalv1.com.br\/app\/wp-content\/uploads\/2025\/10\/tce-640x823.jpeg 640w\" sizes=\"auto, (max-width: 768px) 100vw, 768px\" \/><\/figure>","protected":false},"excerpt":{"rendered":"<p>O Minist\u00e9rio P\u00fablico do Piau\u00ed (MPPI), por meio do promotor de Justi\u00e7a Jess\u00e9 Mineiro de Abreu, atuou em sess\u00e3o de Tribunal do J\u00fari da Comarca de Inhuma, realizada no \u00faltimo&#8230;<\/p>\n","protected":false},"author":1,"featured_media":245985,"comment_status":"open","ping_status":"open","sticky":false,"template":"","format":"standard","meta":{"ngg_post_thumbnail":0,"footnotes":""},"categories":[243],"tags":[],"class_list":["post-245984","post","type-post","status-publish","format-standard","has-post-thumbnail","hentry","category-geral"],"views":384,"meta_data":{"thumb":"https:\/\/portalv1.com.br\/app\/wp-content\/uploads\/2025\/10\/tce.jpeg","imagem":{"fullsize":{"url":"https:\/\/portalv1.com.br\/app\/wp-content\/uploads\/2025\/10\/tce.jpeg","width":768,"height":988},"medium":{"url":"https:\/\/portalv1.com.br\/app\/wp-content\/uploads\/2025\/10\/tce-300x386.jpeg","width":300,"height":386},"large":{"url":"https:\/\/portalv1.com.br\/app\/wp-content\/uploads\/2025\/10\/tce-640x823.jpeg","width":640,"height":823},"thumbnail":{"url":"https:\/\/portalv1.com.br\/app\/wp-content\/uploads\/2025\/10\/tce-100x100.jpeg","width":100,"height":100}},"data":{"simple":"30\/10\/2025","date_time":"30\/10\/2025 09:21:24","date":"h\u00e1 6 meses"},"chapeu":"Saiba mais","source":"slide"},"_links":{"self":[{"href":"https:\/\/portalv1.com.br\/api\/wp\/v2\/posts\/245984","targetHints":{"allow":["GET"]}}],"collection":[{"href":"https:\/\/portalv1.com.br\/api\/wp\/v2\/posts"}],"about":[{"href":"https:\/\/portalv1.com.br\/api\/wp\/v2\/types\/post"}],"author":[{"embeddable":true,"href":"https:\/\/portalv1.com.br\/api\/wp\/v2\/users\/1"}],"replies":[{"embeddable":true,"href":"https:\/\/portalv1.com.br\/api\/wp\/v2\/comments?post=245984"}],"version-history":[{"count":0,"href":"https:\/\/portalv1.com.br\/api\/wp\/v2\/posts\/245984\/revisions"}],"wp:featuredmedia":[{"embeddable":true,"href":"https:\/\/portalv1.com.br\/api\/wp\/v2\/media\/245985"}],"wp:attachment":[{"href":"https:\/\/portalv1.com.br\/api\/wp\/v2\/media?parent=245984"}],"wp:term":[{"taxonomy":"category","embeddable":true,"href":"https:\/\/portalv1.com.br\/api\/wp\/v2\/categories?post=245984"},{"taxonomy":"post_tag","embeddable":true,"href":"https:\/\/portalv1.com.br\/api\/wp\/v2\/tags?post=245984"}],"curies":[{"name":"wp","href":"https:\/\/api.w.org\/{rel}","templated":true}]}}