{"id":24727,"date":"2016-10-09T21:35:47","date_gmt":"2016-10-10T00:35:47","guid":{"rendered":"https:\/\/portalv1.com.br\/?p=24727"},"modified":"2016-10-10T11:18:05","modified_gmt":"2016-10-10T14:18:05","slug":"ex-arcebispo-de-teresina-e-nomeado-cardeal-pelo-papa-francisco","status":"publish","type":"post","link":"https:\/\/portalv1.com.br\/ex-arcebispo-de-teresina-e-nomeado-cardeal-pelo-papa-francisco\/","title":{"rendered":"Ex-arcebispo de Teresina \u00e9 nomeado cardeal pelo Papa Francisco"},"content":{"rendered":"<figure id=\"attachment_24728\" aria-describedby=\"caption-attachment-24728\" style=\"width: 640px\" class=\"wp-caption aligncenter\"><a href=\"https:\/\/portalv1.com.br\/app\/wp-content\/uploads\/2016\/10\/imagem-1080.jpg\"><img loading=\"lazy\" decoding=\"async\" class=\"wp-image-24728 size-large\" src=\"https:\/\/portalv1.com.br\/app\/wp-content\/uploads\/2016\/10\/imagem-1080-640x480.jpg\" alt=\"Radialista Sergio Alves e Dom S\u00e9rgio da Rocha \" width=\"640\" height=\"480\" srcset=\"https:\/\/portalv1.com.br\/app\/wp-content\/uploads\/2016\/10\/imagem-1080.jpg 640w, https:\/\/portalv1.com.br\/app\/wp-content\/uploads\/2016\/10\/imagem-1080-300x225.jpg 300w\" sizes=\"auto, (max-width: 640px) 100vw, 640px\" \/><\/a><figcaption id=\"caption-attachment-24728\" class=\"wp-caption-text\">Radialista Sergio Alves e Dom S\u00e9rgio da Rocha em visita a Valen\u00e7a<\/figcaption><\/figure>\n<p>O ex-arcebispo de Teresina, atual arcebispo de Bras\u00edlia e presidente da Confer\u00eancia Nacional dos Bispos do Brasil (CNBB), Dom S\u00e9rgio da Rocha, de 56 anos, foi anunciado com um dos novos 16 cardeais de todo o mundo, na manh\u00e3 de domingo, pelo Papa Francisco.<\/p>\n<p>Al\u00e9m de Dom S\u00e9rgio da Rocha, 13 novos cardeais da lista divulgada pelo Papa Francisco t\u00eam de 80 anos e, por isso, s\u00e3o eleg\u00edveis para entrar no conclave que no futuro escolher\u00e1 o pr\u00f3ximo chefe do Vaticano.<\/p>\n<p>O pont\u00edfice escolheu religiosos de cinco continentes, seguindo a sua tradi\u00e7\u00e3o de nomear cardeais dos mais distantes e perif\u00e9ricos cantos do mundo \u2014 oferecendo mais representatividade a \u00c1frica, Oceania, \u00c1sia e Am\u00e9rica do Sul do que \u00e0 Europa, que por muito tempo dominou o Col\u00e9gio Cardinal\u00edcio.<\/p>\n<p>Nascido em S\u00e3o Paulo, Dom S\u00e9rgio da Rocha estudou Filosofia no Semin\u00e1rio de S\u00e3o Carlos (SP) e Teologia na PUC de Campinas (SP), al\u00e9m de ter doutorado na Academia Alfonsiana da Pontif\u00edcia Universidade Lateranense, em Roma. No ano passado, foi eleito presidente da CNBB com mandato at\u00e9 2019 e tamb\u00e9m \u00e9 membro do Conselho da Secretaria Geral do S\u00ednodo dos Bispos (Vaticano).<\/p>\n<p>Como arcebispo de Teresina, Dom S\u00e9rgio da Rocha enfrentou o avan\u00e7o dos evang\u00e9licos cobrando mais a\u00e7\u00f5es paroquiais dois padres dos bairros de Teresina, incentivou a participa\u00e7\u00e3o dos jovens, mulheres e casais no cotidiano da Igreja Cat\u00f3lica e voltou a valorizar o ritual das celebra\u00e7\u00f5es lit\u00fargicas celebrando as Missas de Natal, da Semana Santa, do Ano Novo em igrejas do centro de Teresina e incentivou a retorno das prociss\u00f5es dos santos padroeiros.<\/p>\n<p>Tr\u00eas dos cardeais anunciados neste domingo s\u00e3o dos EUA, incluindo o arcebispo moderado Blaise Cupich e o arcebispo Joseph Tobin. A cerim\u00f4nia para formalizar a eleva\u00e7\u00e3o acontecer\u00e1 no dia 19 de novembro.<\/p>\n","protected":false},"excerpt":{"rendered":"<p>O ex-arcebispo de Teresina, atual arcebispo de Bras\u00edlia e presidente da Confer\u00eancia Nacional dos Bispos do Brasil (CNBB), Dom S\u00e9rgio da Rocha, de 56 anos, foi anunciado com um dos&#8230;<\/p>\n","protected":false},"author":1,"featured_media":24728,"comment_status":"open","ping_status":"open","sticky":false,"template":"","format":"standard","meta":{"ngg_post_thumbnail":0,"footnotes":""},"categories":[12],"tags":[],"class_list":["post-24727","post","type-post","status-publish","format-standard","has-post-thumbnail","hentry","category-valenca-news"],"views":286,"meta_data":{"thumb":"https:\/\/portalv1.com.br\/app\/wp-content\/uploads\/2016\/10\/imagem-1080.jpg","imagem":{"fullsize":{"url":"https:\/\/portalv1.com.br\/app\/wp-content\/uploads\/2016\/10\/imagem-1080.jpg","width":640,"height":480},"thumbnail":{"url":"https:\/\/portalv1.com.br\/app\/wp-content\/uploads\/2016\/10\/imagem-1080-100x100.jpg","width":100,"height":100},"medium":{"url":"https:\/\/portalv1.com.br\/app\/wp-content\/uploads\/2016\/10\/imagem-1080-300x225.jpg","width":300,"height":225},"large":{"url":"https:\/\/portalv1.com.br\/app\/wp-content\/uploads\/2016\/10\/imagem-1080-640x480.jpg","width":640,"height":480}},"data":{"simple":"09\/10\/2016","date_time":"09\/10\/2016 18:35:47","date":"h\u00e1 10 anos"},"chapeu":"Igreja Cat\u00f3lica ","source":"m_destacada"},"_links":{"self":[{"href":"https:\/\/portalv1.com.br\/api\/wp\/v2\/posts\/24727","targetHints":{"allow":["GET"]}}],"collection":[{"href":"https:\/\/portalv1.com.br\/api\/wp\/v2\/posts"}],"about":[{"href":"https:\/\/portalv1.com.br\/api\/wp\/v2\/types\/post"}],"author":[{"embeddable":true,"href":"https:\/\/portalv1.com.br\/api\/wp\/v2\/users\/1"}],"replies":[{"embeddable":true,"href":"https:\/\/portalv1.com.br\/api\/wp\/v2\/comments?post=24727"}],"version-history":[{"count":0,"href":"https:\/\/portalv1.com.br\/api\/wp\/v2\/posts\/24727\/revisions"}],"wp:featuredmedia":[{"embeddable":true,"href":"https:\/\/portalv1.com.br\/api\/wp\/v2\/media\/24728"}],"wp:attachment":[{"href":"https:\/\/portalv1.com.br\/api\/wp\/v2\/media?parent=24727"}],"wp:term":[{"taxonomy":"category","embeddable":true,"href":"https:\/\/portalv1.com.br\/api\/wp\/v2\/categories?post=24727"},{"taxonomy":"post_tag","embeddable":true,"href":"https:\/\/portalv1.com.br\/api\/wp\/v2\/tags?post=24727"}],"curies":[{"name":"wp","href":"https:\/\/api.w.org\/{rel}","templated":true}]}}