{"id":24741,"date":"2016-10-13T15:56:30","date_gmt":"2016-10-13T18:56:30","guid":{"rendered":"https:\/\/portalv1.com.br\/?p=24741"},"modified":"2016-10-13T15:56:30","modified_gmt":"2016-10-13T18:56:30","slug":"13-de-outubro-dia-do-fisioterapeuta-e-do-terapeuta-ocupacional","status":"publish","type":"post","link":"https:\/\/portalv1.com.br\/13-de-outubro-dia-do-fisioterapeuta-e-do-terapeuta-ocupacional\/","title":{"rendered":"13 de outubro dia do fisioterapeuta e do terapeuta ocupacional"},"content":{"rendered":"<figure id=\"attachment_24742\" aria-describedby=\"caption-attachment-24742\" style=\"width: 640px\" class=\"wp-caption aligncenter\"><a href=\"https:\/\/portalv1.com.br\/app\/wp-content\/uploads\/2016\/10\/luciana-01.jpg\"><img loading=\"lazy\" decoding=\"async\" class=\"wp-image-24742 size-large\" src=\"https:\/\/portalv1.com.br\/app\/wp-content\/uploads\/2016\/10\/luciana-01-640x427.jpg\" alt=\"Terapeuta ocupacional Luciana Martins, o \" width=\"640\" height=\"427\" srcset=\"https:\/\/portalv1.com.br\/app\/wp-content\/uploads\/2016\/10\/luciana-01.jpg 640w, https:\/\/portalv1.com.br\/app\/wp-content\/uploads\/2016\/10\/luciana-01-300x200.jpg 300w\" sizes=\"auto, (max-width: 640px) 100vw, 640px\" \/><\/a><figcaption id=\"caption-attachment-24742\" class=\"wp-caption-text\">Terapeuta ocupacional Luciana Martins<\/figcaption><\/figure>\n<p>O Dia Nacional do Fisioterapeuta e do Terapeuta Ocupacional foi comemorado pelos profissionais em Valen\u00e7a. Para a terapeuta ocupacional Luciana Martins, o 13 de outubro precisa e deve ser bastante comemorado pelos profissionais e pela sociedade.<\/p>\n<p>O Dia do Fisioterapeuta foi definido com 13 de outubro devido ao Decreto Lei 938 de 1969, que define como atividade espec\u00edfica do fisioterapeuta o desenvolvimento e a conserva\u00e7\u00e3o da capacidade f\u00edsica de um paciente, al\u00e9m de ser reconhecido como profissional de n\u00edvel superior.<\/p>\n<p>Para completar, seis anos depois, em 1975, foi aprovada a Lei n\u00ba 6316, em car\u00e1ter federal, outorgando direitos e deveres a esses profissionais e suas responsabilidades. Em 2015, a presidenta Dilma Rousseff sancionou a Lei n\u00ba 13.084, que estabeleceu oficialmente a celebra\u00e7\u00e3o da data em todo territ\u00f3rio brasileiro.<\/p>\n<p>De acordo com Luciana Martins a cidade de Valen\u00e7a est\u00e1 bem servida de fisioterapeutas. Outro ponto destacado pela terapeuta ocupacional \u00e9 o amadurecimento da sociedade em rela\u00e7\u00e3o ao trabalho desses profissionais e a inclus\u00e3o dos mesmos na rede publica de sa\u00fade.<\/p>\n<p><strong>A Terapia Ocupacional<\/strong> \u00e9 uma profiss\u00e3o da \u00e1rea da sa\u00fade, com forte inser\u00e7\u00e3o nas \u00e1reas social e da educa\u00e7\u00e3o. Busca desenvolvimento, tratamento e reabilita\u00e7\u00e3o de pessoas de qualquer idade que tenham seu desempenho ou sua conviv\u00eancia afetados por problemas motores, cognitivos, emocionais e de inser\u00e7\u00e3o social.<\/p>\n<p><strong>Fisioterapia<\/strong> \u00e9 a ci\u00eancia que estuda, diagnostica, previne e recupera pacientes com dist\u00farbios cin\u00e9ticos funcionais intercorrentes em \u00f3rg\u00e3os e sistemas do corpo humano. Trabalha com doen\u00e7as geradas por altera\u00e7\u00f5es gen\u00e9ticas, traumas ou enfermidades adquiridas.<\/p>\n<p>O objetivo desta \u00e1rea \u00e9 preservar, manter, desenvolver ou restaurar (reabilita\u00e7\u00e3o) a integridade de \u00f3rg\u00e3os, sistemas ou fun\u00e7\u00f5es. Utiliza-se de conhecimento e recursos pr\u00f3prios como parte do processo terap\u00eautico nas condi\u00e7\u00f5es psico-f\u00edsico-social para promover melhoria de qualidade de vida.<\/p>\n","protected":false},"excerpt":{"rendered":"<p>O Dia Nacional do Fisioterapeuta e do Terapeuta Ocupacional foi comemorado pelos profissionais em Valen\u00e7a. Para a terapeuta ocupacional Luciana Martins, o 13 de outubro precisa e deve ser bastante&#8230;<\/p>\n","protected":false},"author":1,"featured_media":24742,"comment_status":"open","ping_status":"open","sticky":false,"template":"","format":"standard","meta":{"ngg_post_thumbnail":0,"footnotes":""},"categories":[12],"tags":[],"class_list":["post-24741","post","type-post","status-publish","format-standard","has-post-thumbnail","hentry","category-valenca-news"],"views":236,"meta_data":{"thumb":"https:\/\/portalv1.com.br\/app\/wp-content\/uploads\/2016\/10\/luciana-01.jpg","imagem":{"fullsize":{"url":"https:\/\/portalv1.com.br\/app\/wp-content\/uploads\/2016\/10\/luciana-01.jpg","width":640,"height":427},"thumbnail":{"url":"https:\/\/portalv1.com.br\/app\/wp-content\/uploads\/2016\/10\/luciana-01-100x100.jpg","width":100,"height":100},"medium":{"url":"https:\/\/portalv1.com.br\/app\/wp-content\/uploads\/2016\/10\/luciana-01-300x200.jpg","width":300,"height":200},"large":{"url":"https:\/\/portalv1.com.br\/app\/wp-content\/uploads\/2016\/10\/luciana-01-640x427.jpg","width":640,"height":427}},"data":{"simple":"13\/10\/2016","date_time":"13\/10\/2016 12:56:30","date":"h\u00e1 10 anos"},"chapeu":"Lei n\u00ba 13.084,","source":"m_destacada"},"_links":{"self":[{"href":"https:\/\/portalv1.com.br\/api\/wp\/v2\/posts\/24741","targetHints":{"allow":["GET"]}}],"collection":[{"href":"https:\/\/portalv1.com.br\/api\/wp\/v2\/posts"}],"about":[{"href":"https:\/\/portalv1.com.br\/api\/wp\/v2\/types\/post"}],"author":[{"embeddable":true,"href":"https:\/\/portalv1.com.br\/api\/wp\/v2\/users\/1"}],"replies":[{"embeddable":true,"href":"https:\/\/portalv1.com.br\/api\/wp\/v2\/comments?post=24741"}],"version-history":[{"count":0,"href":"https:\/\/portalv1.com.br\/api\/wp\/v2\/posts\/24741\/revisions"}],"wp:featuredmedia":[{"embeddable":true,"href":"https:\/\/portalv1.com.br\/api\/wp\/v2\/media\/24742"}],"wp:attachment":[{"href":"https:\/\/portalv1.com.br\/api\/wp\/v2\/media?parent=24741"}],"wp:term":[{"taxonomy":"category","embeddable":true,"href":"https:\/\/portalv1.com.br\/api\/wp\/v2\/categories?post=24741"},{"taxonomy":"post_tag","embeddable":true,"href":"https:\/\/portalv1.com.br\/api\/wp\/v2\/tags?post=24741"}],"curies":[{"name":"wp","href":"https:\/\/api.w.org\/{rel}","templated":true}]}}